{"id":460761,"date":"2025-10-13T21:03:12","date_gmt":"2025-10-13T21:03:12","guid":{"rendered":"https:\/\/www.europesays.com\/fr\/460761\/"},"modified":"2025-10-13T21:03:12","modified_gmt":"2025-10-13T21:03:12","slug":"les-ecologistes-prets-a-continuer-avec-le-printemps-marseillais","status":"publish","type":"post","link":"https:\/\/www.europesays.com\/fr\/460761\/","title":{"rendered":"les \u00e9cologistes pr\u00eats \u00e0 continuer avec le Printemps marseillais"},"content":{"rendered":"<p>Apr\u00e8s <a href=\"https:\/\/www.laprovence.com\/article\/region\/1347035360310414\/municipales-2026-on-a-tous-dit-ok-pour-renouveler-la-strategie-du-printemps-marseillais-declare-anthony-goncalves-pcf\" target=\"_blank\" rel=\"noopener\">les communistes le 2\u00a0octobre<\/a>, c\u2019est au tour des militants \u00e9cologistes marseillais de faire leur choix pour les municipales de mars\u00a02026. Environ 330 adh\u00e9rents, selon les chiffres communiqu\u00e9s au sein d\u2019EELV, ont rendez-vous ce mardi 14\u00a0octobre \u00e0 partir de 18h \u00e0 la Maison arm\u00e9nienne de jeunesse et de la culture (1er).<\/p>\n<p>Le premier sujet mis aux voix portera sur la poursuite ou non de l\u2019alliance avec la majorit\u00e9 municipale de Beno\u00eet Payan (DVG). Une proposition qui s\u2019inscrit dans le contexte de la mise sous tutelle d\u2019EELV Paca (et de facto d\u2019EELV Marseille) par les instances nationales. En place <a href=\"https:\/\/www.laprovence.com\/article\/politique\/41714060061059\/municipales-2026-les-ecologistes-attendront-septembre-pour-choisir-candidat-et-alliances\" target=\"_blank\" rel=\"noopener\">depuis mars<\/a>, elle devait apaiser les tensions sur fond <a href=\"https:\/\/www.laprovence.com\/article\/politique\/16424964022198\/entrisme-victoire-volee-le-courrier-des-ecologistes-marseillais-qui-a-mis-le-feu-a-la-majorite-municipale\" target=\"_blank\" rel=\"noopener\">de soup\u00e7ons d\u2019entrisme<\/a> de partisans du maire de Marseille chez les \u00e9cologistes marseillais. Les deux secr\u00e9taires nationaux Samia Lakehal et Olivier Bertrand charg\u00e9s de la tutelle ont donc entam\u00e9 les n\u00e9gociations avec les autres partis. \u00ab\u00a0La tutelle a pris langue avec les partenaires potentiels dont LFI, mais c\u2019est avec le Printemps marseillais &#8211; avec qui les \u00c9cologistes g\u00e8rent d\u00e9j\u00e0 la Ville &#8211; que les discussions sont les plus avanc\u00e9es\u00a0\u00bb, avance le s\u00e9nateur Guy Benarroche, qui a particip\u00e9 \u00e0 ces \u00e9changes. La question de l\u2019union dans d\u2019autre&#8230;<\/p>\n","protected":false},"excerpt":{"rendered":"Apr\u00e8s les communistes le 2\u00a0octobre, c\u2019est au tour des militants \u00e9cologistes marseillais de faire leur choix pour les&hellip;\n","protected":false},"author":2,"featured_media":460762,"comment_status":"","ping_status":"","sticky":false,"template":"","format":"standard","meta":{"footnotes":""},"categories":[2814],"tags":[17,1111,11,3396,19158,2339,5949,1777,674,1011,27,151,884,3434,12,31083,882,25],"class_list":{"0":"post-460761","1":"post","2":"type-post","3":"status-publish","4":"format-standard","5":"has-post-thumbnail","7":"category-marseille","8":"tag-17","9":"tag-actu","10":"tag-actualites","11":"tag-avec","12":"tag-continuer","13":"tag-ecologistes","14":"tag-elections","15":"tag-eu","16":"tag-europe","17":"tag-fr","18":"tag-france","19":"tag-les","20":"tag-marseille","21":"tag-municipales-2026","22":"tag-news","23":"tag-prets","24":"tag-provence-alpes-cote-dazur","25":"tag-republique-francaise"},"share_on_mastodon":{"url":"https:\/\/pubeurope.com\/@fr\/115368886637655838","error":""},"_links":{"self":[{"href":"https:\/\/www.europesays.com\/fr\/wp-json\/wp\/v2\/posts\/460761","targetHints":{"allow":["GET"]}}],"collection":[{"href":"https:\/\/www.europesays.com\/fr\/wp-json\/wp\/v2\/posts"}],"about":[{"href":"https:\/\/www.europesays.com\/fr\/wp-json\/wp\/v2\/types\/post"}],"author":[{"embeddable":true,"href":"https:\/\/www.europesays.com\/fr\/wp-json\/wp\/v2\/users\/2"}],"replies":[{"embeddable":true,"href":"https:\/\/www.europesays.com\/fr\/wp-json\/wp\/v2\/comments?post=460761"}],"version-history":[{"count":0,"href":"https:\/\/www.europesays.com\/fr\/wp-json\/wp\/v2\/posts\/460761\/revisions"}],"wp:featuredmedia":[{"embeddable":true,"href":"https:\/\/www.europesays.com\/fr\/wp-json\/wp\/v2\/media\/460762"}],"wp:attachment":[{"href":"https:\/\/www.europesays.com\/fr\/wp-json\/wp\/v2\/media?parent=460761"}],"wp:term":[{"taxonomy":"category","embeddable":true,"href":"https:\/\/www.europesays.com\/fr\/wp-json\/wp\/v2\/categories?post=460761"},{"taxonomy":"post_tag","embeddable":true,"href":"https:\/\/www.europesays.com\/fr\/wp-json\/wp\/v2\/tags?post=460761"}],"curies":[{"name":"wp","href":"https:\/\/api.w.org\/{rel}","templated":true}]}}