{"id":460763,"date":"2025-10-13T21:04:21","date_gmt":"2025-10-13T21:04:21","guid":{"rendered":"https:\/\/www.europesays.com\/fr\/460763\/"},"modified":"2025-10-13T21:04:21","modified_gmt":"2025-10-13T21:04:21","slug":"zidane-a-marseille-la-vraie-raison-de-sa-presence-va-vous-surprendre","status":"publish","type":"post","link":"https:\/\/www.europesays.com\/fr\/460763\/","title":{"rendered":"Zidane \u00e0 Marseille ? La VRAIE raison de sa pr\u00e9sence va vous surprendre"},"content":{"rendered":"<p><strong>Zin\u00e9dine Zidane au V\u00e9lodrome \u00e0 Marseille, ce vendredi; et d\u00e9j\u00e0 les rumeurs les plus folles circulent. Un retour en tant que conseiller ? <a href=\"https:\/\/www.evenement.com\/guides-professionnels\/potentiel-relations-daffaires\/\" target=\"_blank\" rel=\"noopener\">Une prise de contact<\/a> pour le poste d\u2019entra\u00eeneur ?\u00a0 La vraie raison de sa venue est bien plus personnelle et bien plus touchante.\u00a0<\/strong><\/p>\n<p>Le V\u00e9lodrome en \u00e9bullition : le faux espoir des supporters<\/p>\n<p>D\u00e8s l\u2019annonce, les r\u00e9seaux sociaux et les forums de supporters de l\u2019OM sont entr\u00e9s en \u00e9bullition. Voir le nom de Zidane associ\u00e9 au V\u00e9lodrome, <strong>\u00e7a ranime tout de suite le fantasme d\u2019un retour du champion du monde<\/strong> 98 dans sa ville natale. Les sc\u00e9narios ont fleuri, imaginant <a href=\"https:\/\/www.evenement.com\/guides-professionnels\/figeac-destination-evenementielle-confidentielle-qui-reinvente-vos-rencontres-professionnelles-dans-lot\/\" target=\"_blank\" rel=\"noopener\">une rencontre secr\u00e8te<\/a> avec la direction. Mais la r\u00e9alit\u00e9 est \u00e0 des ann\u00e9es-lumi\u00e8re de tout cela.<\/p>\n<p>Pas de crampons, pas de tableau noir<\/p>\n<p>Que les supporters se le disent : Zidane ne foulera pas la pelouse du V\u00e9lodrome et ne s\u2019installera pas sur le banc de touche. Sa visite n\u2019a aucun <strong>lien avec le club de l\u2019OM<\/strong>. Il ne sera pas question de tactique, <a href=\"https:\/\/www.evenement.com\/guides-professionnels\/guide-ultime-vivre-championnat-football-francais\/\" target=\"_blank\" rel=\"noopener\">de mercato ou de Ligue 1<\/a>. La soir\u00e9e de vendredi sera consacr\u00e9e \u00e0 un tout autre \u00e9v\u00e9nement, bien loin de l\u2019effervescence d\u2019un soir de match. Zidane sera l\u00e0, non pas pour un spectacle sportif, mais pour <strong>un concert caritatif<\/strong>.<\/p>\n<p>La vraie raison : son engagement pour \u00ab\u00a0Le Point Rose\u00a0\u00bb<\/p>\n<p>Et voici la v\u00e9ritable et unique raison de sa pr\u00e9sence. Zin\u00e9dine Zidane sera au V\u00e9lodrome en tant que parrain de <strong>l\u2019association \u00ab\u00a0Le Point Rose\u00a0\u00bb<\/strong>. Une organisation pour laquelle il s\u2019engage depuis plusieurs ann\u00e9es. Sa mission ? <a href=\"https:\/\/www.evenement.com\/technologie\/paris-games-week-2024-un-evenement-a-vivre-en-famille\/\" target=\"_blank\" rel=\"noopener\">Accompagner les familles<\/a> qui ont perdu un enfant et embellir la fin de vie des enfants malades. C\u2019est donc par fid\u00e9lit\u00e9 \u00e0 cet engagement profond, et non pour une raison sportive, que la l\u00e9gende du football a r\u00e9pondu pr\u00e9sent.<\/p>\n<p>\t       <img decoding=\"async\" data-perfmatters-preload=\"\" src=\"https:\/\/www.europesays.com\/fr\/wp-content\/uploads\/2025\/10\/1760389460_40_hqdefault.jpg\" alt=\"YouTube video\" width=\"480\" height=\"360\" data-pin-nopin=\"true\" nopin=\"nopin\" fetchpriority=\"high\"\/><\/p>\n<p>Un parterre de stars pour une cause essentielle<\/p>\n<p>Le concert a pour but de r\u00e9colter des fonds pour l\u2019association. Et pour l\u2019occasion, Zidane ne sera pas seul. Il sera <strong>entour\u00e9 de nombreux artistes, notamment les chanteurs Soprano et Patrick Fiori<\/strong>, eux aussi tr\u00e8s attach\u00e9s \u00e0 la r\u00e9gion. L\u2019\u00e9v\u00e9nement promet <a href=\"https:\/\/www.evenement.com\/animation-soiree-entreprise\/\" target=\"_blank\" rel=\"noopener\">une soir\u00e9e d\u2019\u00e9motion et de solidarit\u00e9<\/a>, o\u00f9 la musique va faire vibrer le stade mythique de Marseille pour une cause qui d\u00e9passe largement le cadre du terrain.<\/p>\n<p>Au final, cette venue de Zidane au V\u00e9lodrome est bien <strong>plus r\u00e9v\u00e9latrice qu\u2019une simple rumeur de transfert<\/strong>. Elle montre le visage d\u2019un homme attach\u00e9 \u00e0 sa ville par des liens qui vont au-del\u00e0 de sa carri\u00e8re de footballeur. Son engagement pour une association locale qui soutient les familles dans la plus grande des douleurs prouve que<strong> son attachement \u00e0 Marseille est avant tout humain<\/strong>. La surprise, ce n\u2019est donc pas qu\u2019il vienne. C\u2019est la preuve que pour Zidane, certaines causes comptent bien plus qu\u2019un match de football.<\/p>\n<ul class=\"end-post-layout\">Partager l&rsquo;article : <\/p>\n<li class=\"social-link\">\n\t\t  <a href=\"http:\/\/www.facebook.com\/sharer.php?u=https:\/\/www.evenement.com\/flash\/zidane-a-marseille-la-vraie-raison-de-sa-presence-va-vous-surprendre\/\" class=\"social-link-anchor facebook\" target=\"_blank\" rel=\"noopener\"><\/p>\n<p>\t\t\t Facebook<br \/>\n\t\t  <\/a>\n\t   <\/li>\n<li class=\"social-link\">\n\t\t  <a href=\"https:\/\/twitter.com\/share?url=https:\/\/www.evenement.com\/flash\/zidane-a-marseille-la-vraie-raison-de-sa-presence-va-vous-surprendre\/&amp;text=Zidane \u00e0 Marseille ? La VRAIE raison de sa pr\u00e9sence va vous surprendre\" class=\"social-link-anchor twitter\" target=\"_blank\" rel=\"noopener\"><\/p>\n<p>\t\t\t Twitter<br \/>\n\t\t  <\/a>\n\t   <\/li>\n<li class=\"social-link\">\n\t\t  <a href=\"http:\/\/www.linkedin.com\/sharing\/share-offsite\/?url=https:\/\/www.evenement.com\/flash\/zidane-a-marseille-la-vraie-raison-de-sa-presence-va-vous-surprendre\/\" class=\"social-link-anchor linkedin\" target=\"_blank\" rel=\"noopener\"><\/p>\n<p>\t\t\t LinkedIn<br \/>\n\t\t  <\/a>\n\t   <\/li>\n<\/ul>\n<p>\t\t\t\t<script async src=\"https:\/\/platform.twitter.com\/widgets.js\" charset=\"utf-8\"><\/script><\/p>\n","protected":false},"excerpt":{"rendered":"Zin\u00e9dine Zidane au V\u00e9lodrome \u00e0 Marseille, ce vendredi; et d\u00e9j\u00e0 les rumeurs les plus folles circulent. Un retour&hellip;\n","protected":false},"author":2,"featured_media":460764,"comment_status":"","ping_status":"","sticky":false,"template":"","format":"standard","meta":{"footnotes":""},"categories":[2814],"tags":[1111,11,1777,674,1011,27,884,12,882,25],"class_list":{"0":"post-460763","1":"post","2":"type-post","3":"status-publish","4":"format-standard","5":"has-post-thumbnail","7":"category-marseille","8":"tag-actu","9":"tag-actualites","10":"tag-eu","11":"tag-europe","12":"tag-fr","13":"tag-france","14":"tag-marseille","15":"tag-news","16":"tag-provence-alpes-cote-dazur","17":"tag-republique-francaise"},"share_on_mastodon":{"url":"https:\/\/pubeurope.com\/@fr\/115368891308141179","error":""},"_links":{"self":[{"href":"https:\/\/www.europesays.com\/fr\/wp-json\/wp\/v2\/posts\/460763","targetHints":{"allow":["GET"]}}],"collection":[{"href":"https:\/\/www.europesays.com\/fr\/wp-json\/wp\/v2\/posts"}],"about":[{"href":"https:\/\/www.europesays.com\/fr\/wp-json\/wp\/v2\/types\/post"}],"author":[{"embeddable":true,"href":"https:\/\/www.europesays.com\/fr\/wp-json\/wp\/v2\/users\/2"}],"replies":[{"embeddable":true,"href":"https:\/\/www.europesays.com\/fr\/wp-json\/wp\/v2\/comments?post=460763"}],"version-history":[{"count":0,"href":"https:\/\/www.europesays.com\/fr\/wp-json\/wp\/v2\/posts\/460763\/revisions"}],"wp:featuredmedia":[{"embeddable":true,"href":"https:\/\/www.europesays.com\/fr\/wp-json\/wp\/v2\/media\/460764"}],"wp:attachment":[{"href":"https:\/\/www.europesays.com\/fr\/wp-json\/wp\/v2\/media?parent=460763"}],"wp:term":[{"taxonomy":"category","embeddable":true,"href":"https:\/\/www.europesays.com\/fr\/wp-json\/wp\/v2\/categories?post=460763"},{"taxonomy":"post_tag","embeddable":true,"href":"https:\/\/www.europesays.com\/fr\/wp-json\/wp\/v2\/tags?post=460763"}],"curies":[{"name":"wp","href":"https:\/\/api.w.org\/{rel}","templated":true}]}}