{"id":460771,"date":"2025-10-13T21:09:14","date_gmt":"2025-10-13T21:09:14","guid":{"rendered":"https:\/\/www.europesays.com\/fr\/460771\/"},"modified":"2025-10-13T21:09:14","modified_gmt":"2025-10-13T21:09:14","slug":"au-musee-dorsay-le-desespere-chef-doeuvre-de-gustave-courbet-expose-pour-la-premiere-fois-en-france-depuis-pres-de-vingt-ans","status":"publish","type":"post","link":"https:\/\/www.europesays.com\/fr\/460771\/","title":{"rendered":"Au mus\u00e9e d&rsquo;Orsay, \u00ab\u00a0Le D\u00e9sesp\u00e9r\u00e9\u00a0\u00bb, chef-d&rsquo;\u0153uvre de Gustave Courbet, expos\u00e9 pour la premi\u00e8re fois en France depuis pr\u00e8s de vingt ans"},"content":{"rendered":"\n<p class=\"c-chapo \">\n  Le tableau de 1844-1845 est pr\u00eat\u00e9 au mus\u00e9e fran\u00e7ais pour au moins cinq ans par Qatar Museums, l&rsquo;organisme de d\u00e9veloppement des mus\u00e9es de l&rsquo;\u00e9mirat.\n<\/p>\n<p>      lire plus tard<\/p>\n<p id=\"dialog__title\" class=\"dialog__title\">Pour sauvegarder cet article, connectez-vous ou cr\u00e9ez un compte franceinfo<\/p>\n<p class=\"dialog__description\">Sans paiement. Sans abonnement.<\/p>\n<p>        Fermer la fen\u00eatre d\u2019activation des notifications France Info<\/p>\n<p>      cr\u00e9er votre compte<\/p>\n<p>      se connecter<\/p>\n<p>        Fermer la fen\u00eatre de pr\u00e9sentation<\/p>\n<p>    <img loading=\"lazy\" decoding=\"async\" class=\"signature__image lazyload\" width=\"100\" height=\"100\" data- alt=\"\" src=\"https:\/\/www.europesays.com\/fr\/wp-content\/uploads\/2025\/05\/64a68815cd1a7_placeholder-36b69ec8.png\"\/><\/p>\n<p>    Publi\u00e9 le 13\/10\/2025 21:42<\/p>\n<p>        Temps de lecture : 2min<\/p>\n<p>    <img decoding=\"async\"  alt=\"&quot;Le D\u00e9sesp\u00e9r\u00e9&quot; de Gustave Courbet expos\u00e9 au Mus\u00e9e Fabre, \u00e0 Montpellier, le 13 juin 2008. (PASCAL GUYOT \/ AFP)\" width=\"432\" height=\"243\" src=\"https:\/\/www.europesays.com\/fr\/wp-content\/uploads\/2025\/10\/000-par2008688-68ed52c373e69219053283.jpg\" fetchpriority=\"high\"\/><\/p>\n<p>      \u00ab\u00a0Le D\u00e9sesp\u00e9r\u00e9\u00a0\u00bb de Gustave Courbet expos\u00e9 au Mus\u00e9e Fabre, \u00e0 Montpellier, le 13 juin 2008. (PASCAL GUYOT \/ AFP)<\/p>\n<p>Cela faisait pr\u00e8s de vingt ans que le c\u00e9l\u00e8bre autoportrait de <a href=\"https:\/\/www.franceinfo.fr\/culture\/arts-expos\/peinture\/et-gustave-crea-courbet-la-naissance-artistique-du-chef-de-file-du-realisme-exposee-au-musee-d-ornans_6953246.html\" rel=\"nofollow noopener\" target=\"_blank\">Gustave Courbet<\/a> n&rsquo;avait pas \u00e9t\u00e9 montr\u00e9 au public fran\u00e7ais. Le mus\u00e9e d&rsquo;Orsay exposera \u00e0 partir de mardi 14 octobre Le D\u00e9sesp\u00e9r\u00e9, a annonc\u00e9 lundi 13 octobre l&rsquo;\u00e9tablissement parisien. Repr\u00e9sentant l&rsquo;artiste au regard hallucin\u00e9, ce chef-d&rsquo;\u0153uvre de 1844-1845 est pr\u00eat\u00e9 \u00e0 Orsay pour au moins cinq ans par Qatar Museums, l&rsquo;organisme de d\u00e9veloppement des mus\u00e9es de l&rsquo;\u00e9mirat, qui en a fait l&rsquo;acquisition aupr\u00e8s d&rsquo;un propri\u00e9taire priv\u00e9 \u00e0 une date et pour un montant inconnus.<\/p>\n<p>Mondialement connue mais tr\u00e8s rarement expos\u00e9e, cette huile sur toile de petit format (45\u00d754 cm) n&rsquo;a pas \u00e9t\u00e9 montr\u00e9e en France depuis 2007-2008 lors de la r\u00e9trospective consacr\u00e9e \u00e0 ce ma\u00eetre du r\u00e9alisme (1819-1877) \u00e0 Paris, New York puis Montpellier. Avant cette grande exposition internationale, ce tableau peint par Gustave Courbet alors qu&rsquo;il n&rsquo;avait que 25 ans n&rsquo;avait pas \u00e9t\u00e9 expos\u00e9 depuis la fin des ann\u00e9es 70, pr\u00e9cise \u00e0 l&rsquo;AFP le mus\u00e9e d&rsquo;Orsay, qui compte dans ses collections une trentaine de toiles du peintre fran\u00e7ais.<\/p>\n<p>Alors jeune peintre venu de l&rsquo;est de la France chercher le succ\u00e8s \u00e0 Paris, Gustave Courbet s&rsquo;y repr\u00e9sente les traits d\u00e9figur\u00e9s par l&rsquo;effroi, la peur ou la folie, se tenant la t\u00eate, les bras et le visage pris dans un clair-obscur bluffant. Comme d&rsquo;autres toiles de l&rsquo;artiste, l&rsquo;\u0153uvre, \u00e9galement appel\u00e9 Autoportrait de l&rsquo;artiste ou D\u00e9sespoir, n&rsquo;a jamais fait partie des collections publiques fran\u00e7aises et a tr\u00e8s longtemps \u00e9t\u00e9 entre les mains de propri\u00e9taires priv\u00e9s.<\/p>\n<p>Le p\u00e8re de la psychanalyse fran\u00e7aise, Jacques Lacan, a ainsi poss\u00e9d\u00e9 <a href=\"https:\/\/www.franceinfo.fr\/culture\/arts-expos\/peinture\/le-tableau-l-origine-du-monde-de-gustave-courbet-prete-au-centre-pompidou-de-metz_5497929.html\" rel=\"nofollow noopener\" target=\"_blank\">L&rsquo;Origine du monde<\/a>, qui a rejoint les collections du mus\u00e9e d&rsquo;Orsay en 1995. L&rsquo;\u00e9parpillement de l&rsquo;\u0153uvre de l&rsquo;artiste tient beaucoup \u00e0 ses p\u00e9rip\u00e9ties judiciaires et politiques. Condamn\u00e9 en France pour sa participation au soul\u00e8vement de la Commune de Paris de 1871, Gustave Courbet s&rsquo;\u00e9tait exil\u00e9 en Suisse pour \u00e9chapper \u00e0 la prison et avait d\u00fb vendre ses toiles pour payer la lourde p\u00e9nalit\u00e9 inflig\u00e9e par la justice.<\/p>\n","protected":false},"excerpt":{"rendered":"Le tableau de 1844-1845 est pr\u00eat\u00e9 au mus\u00e9e fran\u00e7ais pour au moins cinq ans par Qatar Museums, l&rsquo;organisme&hellip;\n","protected":false},"author":2,"featured_media":460772,"comment_status":"","ping_status":"","sticky":false,"template":"","format":"standard","meta":{"footnotes":""},"categories":[1888],"tags":[1111,1928,11,1927,1777,674,1011,27,12,1926,626,1925,25],"class_list":{"0":"post-460771","1":"post","2":"type-post","3":"status-publish","4":"format-standard","5":"has-post-thumbnail","7":"category-paris","8":"tag-actu","9":"tag-actu-paris","10":"tag-actualites","11":"tag-actualites-paris","12":"tag-eu","13":"tag-europe","14":"tag-fr","15":"tag-france","16":"tag-news","17":"tag-news-paris","18":"tag-paris","19":"tag-paris-news","20":"tag-republique-francaise"},"share_on_mastodon":{"url":"https:\/\/pubeurope.com\/@fr\/115368910898625527","error":""},"_links":{"self":[{"href":"https:\/\/www.europesays.com\/fr\/wp-json\/wp\/v2\/posts\/460771","targetHints":{"allow":["GET"]}}],"collection":[{"href":"https:\/\/www.europesays.com\/fr\/wp-json\/wp\/v2\/posts"}],"about":[{"href":"https:\/\/www.europesays.com\/fr\/wp-json\/wp\/v2\/types\/post"}],"author":[{"embeddable":true,"href":"https:\/\/www.europesays.com\/fr\/wp-json\/wp\/v2\/users\/2"}],"replies":[{"embeddable":true,"href":"https:\/\/www.europesays.com\/fr\/wp-json\/wp\/v2\/comments?post=460771"}],"version-history":[{"count":0,"href":"https:\/\/www.europesays.com\/fr\/wp-json\/wp\/v2\/posts\/460771\/revisions"}],"wp:featuredmedia":[{"embeddable":true,"href":"https:\/\/www.europesays.com\/fr\/wp-json\/wp\/v2\/media\/460772"}],"wp:attachment":[{"href":"https:\/\/www.europesays.com\/fr\/wp-json\/wp\/v2\/media?parent=460771"}],"wp:term":[{"taxonomy":"category","embeddable":true,"href":"https:\/\/www.europesays.com\/fr\/wp-json\/wp\/v2\/categories?post=460771"},{"taxonomy":"post_tag","embeddable":true,"href":"https:\/\/www.europesays.com\/fr\/wp-json\/wp\/v2\/tags?post=460771"}],"curies":[{"name":"wp","href":"https:\/\/api.w.org\/{rel}","templated":true}]}}