{"id":460777,"date":"2025-10-13T21:12:17","date_gmt":"2025-10-13T21:12:17","guid":{"rendered":"https:\/\/www.europesays.com\/fr\/460777\/"},"modified":"2025-10-13T21:12:17","modified_gmt":"2025-10-13T21:12:17","slug":"artifex-lab-la-ou-lart-du-futur-devient-experience-artifexlab-paris-75011-sortir-a-paris","status":"publish","type":"post","link":"https:\/\/www.europesays.com\/fr\/460777\/","title":{"rendered":"Artifex Lab : l\u00e0 o\u00f9 l\u2019art du futur devient exp\u00e9rience &#8211; Artifexlab &#8211; Paris, 75011 &#8211; Sortir \u00e0 Paris"},"content":{"rendered":"<p>Distortion[s] \u2013 Volume 2<br \/>La deuxi\u00e8me partie de l\u2019exposition Distortion[s] se tient chez Artifex Lab, nouveau lieu culturel parisien dans le 11\u1d49. Apr\u00e8s le succ\u00e8s du premier volet, Arlo et Tegmo prolongent leur dialogue artistique m\u00ealant artisanat et virtuel, mati\u00e8re et algorithme.<\/p>\n<p>Tegmo d\u00e9compose la r\u00e9alit\u00e9 \u00e0 travers ses miroirs-prismes, tandis qu\u2019Arlo cr\u00e9e des images g\u00e9n\u00e9ratives, entre cin\u00e9ma et intelligence artificielle. Leur collaboration brouille les fronti\u00e8res entre reflet et image, ville et m\u00e9moire.<\/p>\n<p>Distortion[s] \u2013 Volume 2 invite \u00e0 perdre ses rep\u00e8res pour mieux voir autrement.<\/p>\n<p>Du 24 septembre au 5 novembre 2025<br \/>Artifex Lab, Paris<\/p>\n","protected":false},"excerpt":{"rendered":"Distortion[s] \u2013 Volume 2La deuxi\u00e8me partie de l\u2019exposition Distortion[s] se tient chez Artifex Lab, nouveau lieu culturel parisien&hellip;\n","protected":false},"author":2,"featured_media":460778,"comment_status":"","ping_status":"","sticky":false,"template":"","format":"standard","meta":{"footnotes":""},"categories":[1888],"tags":[11,1777,674,1011,27,12,626,25],"class_list":{"0":"post-460777","1":"post","2":"type-post","3":"status-publish","4":"format-standard","5":"has-post-thumbnail","7":"category-paris","8":"tag-actualites","9":"tag-eu","10":"tag-europe","11":"tag-fr","12":"tag-france","13":"tag-news","14":"tag-paris","15":"tag-republique-francaise"},"share_on_mastodon":{"url":"https:\/\/pubeurope.com\/@fr\/115368921971674846","error":""},"_links":{"self":[{"href":"https:\/\/www.europesays.com\/fr\/wp-json\/wp\/v2\/posts\/460777","targetHints":{"allow":["GET"]}}],"collection":[{"href":"https:\/\/www.europesays.com\/fr\/wp-json\/wp\/v2\/posts"}],"about":[{"href":"https:\/\/www.europesays.com\/fr\/wp-json\/wp\/v2\/types\/post"}],"author":[{"embeddable":true,"href":"https:\/\/www.europesays.com\/fr\/wp-json\/wp\/v2\/users\/2"}],"replies":[{"embeddable":true,"href":"https:\/\/www.europesays.com\/fr\/wp-json\/wp\/v2\/comments?post=460777"}],"version-history":[{"count":0,"href":"https:\/\/www.europesays.com\/fr\/wp-json\/wp\/v2\/posts\/460777\/revisions"}],"wp:featuredmedia":[{"embeddable":true,"href":"https:\/\/www.europesays.com\/fr\/wp-json\/wp\/v2\/media\/460778"}],"wp:attachment":[{"href":"https:\/\/www.europesays.com\/fr\/wp-json\/wp\/v2\/media?parent=460777"}],"wp:term":[{"taxonomy":"category","embeddable":true,"href":"https:\/\/www.europesays.com\/fr\/wp-json\/wp\/v2\/categories?post=460777"},{"taxonomy":"post_tag","embeddable":true,"href":"https:\/\/www.europesays.com\/fr\/wp-json\/wp\/v2\/tags?post=460777"}],"curies":[{"name":"wp","href":"https:\/\/api.w.org\/{rel}","templated":true}]}}