{"id":460781,"date":"2025-10-13T21:14:21","date_gmt":"2025-10-13T21:14:21","guid":{"rendered":"https:\/\/www.europesays.com\/fr\/460781\/"},"modified":"2025-10-13T21:14:21","modified_gmt":"2025-10-13T21:14:21","slug":"les-ukrainiens-sans-illusion-apres-la-paix-a-gaza","status":"publish","type":"post","link":"https:\/\/www.europesays.com\/fr\/460781\/","title":{"rendered":"les Ukrainiens\u00a0sans illusion apr\u00e8s la paix \u00e0 Gaza"},"content":{"rendered":"<p>Au moment o\u00f9 le gouvernement isra\u00e9lien indiquait avoir approuv\u00e9 <a class=\"Link\" href=\"https:\/\/www.lepoint.fr\/monde\/plan-de-paix-a-gaza-7-premiers-otages-remis-aux-mains-de-la-croix-rouge-13-10-2025-2600807_24.php\" title=\"\" data-gtm=\"click:capsule\" data-capsule=\"Lien\" target=\"_blank\" rel=\"noopener\">la premi\u00e8re phase de l&rsquo;accord de cessez-le-feu \u00e0 Gaza<\/a>, t\u00f4t vendredi 10\u00a0octobre, l&rsquo;<a class=\"Link\" href=\"https:\/\/www.lepoint.fr\/tags\/ukraine\" data-gtm=\"click:capsule\" data-capsule=\"Lien\" target=\"_blank\" rel=\"noopener\">Ukraine<\/a> d\u00e9ployait toute la puissance de sa d\u00e9fense anti-a\u00e9rienne pour intercepter les frappes russes. Quelque\u00a0465\u00a0drones et\u00a032\u00a0missiles ont \u00e9t\u00e9 d\u00e9tect\u00e9s pendant la nuit, selon l&rsquo;arm\u00e9e ukrainienne, ciblant principalement des infrastructures \u00e9nerg\u00e9tiques.<\/p>\n<p>\u00c0 Kiev, o\u00f9 une partie des habitants s&rsquo;est aussi r\u00e9veill\u00e9e sans eau ni \u00e9lectricit\u00e9 et au son de nouvelles alertes a\u00e9riennes, la \u00ab\u00a0fin de la guerre\u00a0\u00bb au Moyen-Orient, telle qu&rsquo;annonc\u00e9e par le pr\u00e9sident am\u00e9ricain Donald Trump, est une r\u00e9alit\u00e9 bien lointaine.<\/p>\n<p>\u00ab\u00a0On a entendu parler d&rsquo;une paix entre Isra\u00ebl et le Hamas au moins trois ou quatre fois ces vingt derni\u00e8res ann\u00e9es, je ne serais donc pas trop&#8230;<\/p>\n<p>Toute l\u2019actualit\u00e9 \u00e0 1\u20ac le premier mois<\/p>\n<p><a href=\"https:\/\/abo.lepoint.fr\/?provenance=21EDI020098\" class=\"btn\" title=\"S&#039;abonner\" data-gtm=\"click:abo|display:abo\" data-campaign=\"paywall_maison\" target=\"_blank\" rel=\"noopener\">S&rsquo;abonner<\/a><\/p>\n<p>ou<\/p>\n","protected":false},"excerpt":{"rendered":"Au moment o\u00f9 le gouvernement isra\u00e9lien indiquait avoir approuv\u00e9 la premi\u00e8re phase de l&rsquo;accord de cessez-le-feu \u00e0 Gaza,&hellip;\n","protected":false},"author":2,"featured_media":460782,"comment_status":"","ping_status":"","sticky":false,"template":"","format":"standard","meta":{"footnotes":""},"categories":[1590],"tags":[11,75,1777,674,12,220,135,134],"class_list":{"0":"post-460781","1":"post","2":"type-post","3":"status-publish","4":"format-standard","5":"has-post-thumbnail","7":"category-ukraine","8":"tag-actualites","9":"tag-donald-trump","10":"tag-eu","11":"tag-europe","12":"tag-news","13":"tag-ukraine","14":"tag-vladimir-poutine","15":"tag-volodymyr-zelensky"},"share_on_mastodon":{"url":"https:\/\/pubeurope.com\/@fr\/115368929880108810","error":""},"_links":{"self":[{"href":"https:\/\/www.europesays.com\/fr\/wp-json\/wp\/v2\/posts\/460781","targetHints":{"allow":["GET"]}}],"collection":[{"href":"https:\/\/www.europesays.com\/fr\/wp-json\/wp\/v2\/posts"}],"about":[{"href":"https:\/\/www.europesays.com\/fr\/wp-json\/wp\/v2\/types\/post"}],"author":[{"embeddable":true,"href":"https:\/\/www.europesays.com\/fr\/wp-json\/wp\/v2\/users\/2"}],"replies":[{"embeddable":true,"href":"https:\/\/www.europesays.com\/fr\/wp-json\/wp\/v2\/comments?post=460781"}],"version-history":[{"count":0,"href":"https:\/\/www.europesays.com\/fr\/wp-json\/wp\/v2\/posts\/460781\/revisions"}],"wp:featuredmedia":[{"embeddable":true,"href":"https:\/\/www.europesays.com\/fr\/wp-json\/wp\/v2\/media\/460782"}],"wp:attachment":[{"href":"https:\/\/www.europesays.com\/fr\/wp-json\/wp\/v2\/media?parent=460781"}],"wp:term":[{"taxonomy":"category","embeddable":true,"href":"https:\/\/www.europesays.com\/fr\/wp-json\/wp\/v2\/categories?post=460781"},{"taxonomy":"post_tag","embeddable":true,"href":"https:\/\/www.europesays.com\/fr\/wp-json\/wp\/v2\/tags?post=460781"}],"curies":[{"name":"wp","href":"https:\/\/api.w.org\/{rel}","templated":true}]}}