{"id":460785,"date":"2025-10-13T21:16:12","date_gmt":"2025-10-13T21:16:12","guid":{"rendered":"https:\/\/www.europesays.com\/fr\/460785\/"},"modified":"2025-10-13T21:16:12","modified_gmt":"2025-10-13T21:16:12","slug":"pourquoi-margaret-thatcher-continue-de-hanter-le-royaume-uni","status":"publish","type":"post","link":"https:\/\/www.europesays.com\/fr\/460785\/","title":{"rendered":"Pourquoi Margaret Thatcher continue de hanter le Royaume-Uni"},"content":{"rendered":"\n<p>\u201cUn spectre hante le congr\u00e8s du parti conservateur, c\u2019est le spectre de Margaret Thatcher\u201d, <a href=\"https:\/\/www.telegraph.co.uk\/news\/2025\/10\/07\/kemi-no-iron-lady-politics-very-different\/\" target=\"_blank\" rel=\"noopener\">s\u2019amusait <strong>The Daily Telegraph<\/strong><\/a><strong>,<\/strong> le 7\u00a0octobre. \u00c0 Manchester, o\u00f9 le principal parti d\u2019opposition britannique tenait son grand rassemblement annuel au d\u00e9but du mois, le quotidien londonien s\u2019est laiss\u00e9 aller \u00e0 un pastiche de la phrase d\u2019ouverture du Manifeste du parti communiste (\u201cUn spectre hante l\u2019Europe, c\u2019est le spectre du communisme\u201d). Apr\u00e8s tout, Friedrich Engels, coauteur avec Karl Marx de ce pamphlet fondateur en 1848, a pass\u00e9 de longues ann\u00e9es dans la ville du nord-ouest de l\u2019Angleterre, berceau de la r\u00e9volution industrielle anglaise. \u201cJ\u2019esp\u00e8re que vous m\u2019excuserez ce trait d\u2019humour\u201d, ajoutait, par pr\u00e9caution, le journaliste Philip Johnston \u00e0 l\u2019attention des lecteurs du journal conservateur.<\/p>\n<p>Car l\u2019ancienne Premi\u00e8re ministre du Royaume-Uni, qui aurait eu 100\u00a0ans lundi 13\u00a0octobre, incarnait l\u2019antith\u00e8se des id\u00e9es socialistes, combattues tout au long de son mandat (1979-1990) \u2013<a href=\"https:\/\/www.courrierinternational.com\/article\/2013\/04\/09\/margaret-thatcher-a-la-une-de-la-presse-etrangere\" target=\"_blank\" rel=\"noopener\"> et jusqu\u2019\u00e0 sa mort, en 2013<\/a>. Chantre de la financiarisation de l\u2019\u00e9conomie britannique, la fille d\u2019\u00e9picier, n\u00e9e au-dessus de l\u2019\u00e9choppe de son p\u00e8re en 1925\u00a0dans l\u2019est de l\u2019Angleterre, a bris\u00e9 les gr\u00e8ves, brid\u00e9 les syndicats, vendu les logements sociaux au nom du droit \u00e0 la propri\u00e9t\u00e9.<\/p>\n<p> Mugs, boules de No\u00ebl et v\u00eatement  <\/p>\n","protected":false},"excerpt":{"rendered":"\u201cUn spectre hante le congr\u00e8s du parti conservateur, c\u2019est le spectre de Margaret Thatcher\u201d, s\u2019amusait The Daily Telegraph,&hellip;\n","protected":false},"author":2,"featured_media":460786,"comment_status":"","ping_status":"","sticky":false,"template":"","format":"standard","meta":{"footnotes":""},"categories":[1588],"tags":[11,1777,674,12,54638,316,473,1853,1851,1850,1852],"class_list":{"0":"post-460785","1":"post","2":"type-post","3":"status-publish","4":"format-standard","5":"has-post-thumbnail","7":"category-royaume-uni","8":"tag-actualites","9":"tag-eu","10":"tag-europe","11":"tag-news","12":"tag-parti-conservateur-royaume-uni","13":"tag-politique","14":"tag-royaume-uni","15":"tag-royaume-uni-de-grande-bretagne-et-dirlande-du-nord","16":"tag-uk","17":"tag-united-kingdom","18":"tag-united-kingdom-of-great-britain-and-northern-ireland"},"share_on_mastodon":{"url":"https:\/\/pubeurope.com\/@fr\/115368937653790746","error":""},"_links":{"self":[{"href":"https:\/\/www.europesays.com\/fr\/wp-json\/wp\/v2\/posts\/460785","targetHints":{"allow":["GET"]}}],"collection":[{"href":"https:\/\/www.europesays.com\/fr\/wp-json\/wp\/v2\/posts"}],"about":[{"href":"https:\/\/www.europesays.com\/fr\/wp-json\/wp\/v2\/types\/post"}],"author":[{"embeddable":true,"href":"https:\/\/www.europesays.com\/fr\/wp-json\/wp\/v2\/users\/2"}],"replies":[{"embeddable":true,"href":"https:\/\/www.europesays.com\/fr\/wp-json\/wp\/v2\/comments?post=460785"}],"version-history":[{"count":0,"href":"https:\/\/www.europesays.com\/fr\/wp-json\/wp\/v2\/posts\/460785\/revisions"}],"wp:featuredmedia":[{"embeddable":true,"href":"https:\/\/www.europesays.com\/fr\/wp-json\/wp\/v2\/media\/460786"}],"wp:attachment":[{"href":"https:\/\/www.europesays.com\/fr\/wp-json\/wp\/v2\/media?parent=460785"}],"wp:term":[{"taxonomy":"category","embeddable":true,"href":"https:\/\/www.europesays.com\/fr\/wp-json\/wp\/v2\/categories?post=460785"},{"taxonomy":"post_tag","embeddable":true,"href":"https:\/\/www.europesays.com\/fr\/wp-json\/wp\/v2\/tags?post=460785"}],"curies":[{"name":"wp","href":"https:\/\/api.w.org\/{rel}","templated":true}]}}