{"id":460789,"date":"2025-10-13T21:18:12","date_gmt":"2025-10-13T21:18:12","guid":{"rendered":"https:\/\/www.europesays.com\/fr\/460789\/"},"modified":"2025-10-13T21:18:12","modified_gmt":"2025-10-13T21:18:12","slug":"opinion-le-climatisme-bureaucratique-etouffe-lavenir-de-leurope","status":"publish","type":"post","link":"https:\/\/www.europesays.com\/fr\/460789\/","title":{"rendered":"OPINION. \u00ab\u2009Le climatisme bureaucratique \u00e9touffe l&rsquo;avenir de l&rsquo;Europe\u2009\u00bb"},"content":{"rendered":"<p><strong>Par Samuel Furfari, professeur de g\u00e9opolitique de l&rsquo;\u00e9nergie (*)<\/strong><\/p>\n<p>Les lignes de fracture continuent de se manifester au Parlement europ\u00e9en, alors que l&rsquo;UE prend enfin conscience de la nocivit\u00e9 de sa derni\u00e8re version des r\u00e8gles du Green Deal.\u00a0<\/p>\n<p>La directive en cours de \u00ab simplification \u00bb, \u00a0sur le devoir de vigilance des entreprises en mati\u00e8re de durabilit\u00e9 (CS3D), impose en effet des r\u00e8gles mondiales de divulgation en mati\u00e8re de durabilit\u00e9 et de transparence de la cha\u00eene d&rsquo;approvisionnement \u00e0 des milliers d&rsquo;entreprises qui font des affaires en Europe.\u00a0<\/p>\n<p>La CS3D impose aux entreprises des contraintes excessives en mati\u00e8re de conformit\u00e9 et d\u00e9courage les investissements dans l&rsquo;UE, alors que les co\u00fbts et les charges administratives augmentent. Alors que l&rsquo;\u00e9conomie de l&rsquo;UE est d\u00e9j\u00e0 en difficult\u00e9, les politiciens prennent conscience de la folie de notre r\u00e9gime r\u00e9glementaire et de son impact sur notre avenir.<\/p>\n<p>Fissures dans le pacte vert&#13;\n<\/p>\n<p>Pour la pr\u00e9sidente de la Commission europ\u00e9enne, Ursula von der Leyen, le CS3D est le symbole de deux \u00e9checs : celui du Green Deal \u00e0 changer le comportement des entreprises ou \u00e0 les encourager \u00e0 participer au march\u00e9 europ\u00e9en, et celui de l&rsquo;UE \u00e0 \u00e9laborer une politique qui r\u00e9soudra sa crise des co\u00fbts \u00e9nerg\u00e9tiques \u00e9lev\u00e9s et de la comp\u00e9titivit\u00e9.\u00a0<\/p>\n<p>Les politiciens sont enfin confront\u00e9s au d\u00e9sastre de cette politique, mais la question demeure : vont-ils prendre les mesures n\u00e9cessaires pour mettre fin \u00e0 ce climatisme bureaucratique insens\u00e9 ? Ou l&rsquo;Europe continuera-t-elle \u00e0 privil\u00e9gier les principes au d\u00e9triment du bien-\u00eatre de ses citoyens ? L&rsquo;abandon de l&rsquo;appellation \u00ab Green Deal \u00bb au profit d&rsquo;un \u00ab Clean Deal \u00bb est une proposition inutile et fantaisiste de la part de Mme Von der Leyen.<\/p>\n<p>L&rsquo;UE doit s&rsquo;efforcer de faire baisser les prix de l&rsquo;\u00e9nergie, de restaurer la comp\u00e9titivit\u00e9 et l&rsquo;innovation, ainsi que d&rsquo;encourager l&rsquo;investissement et la cr\u00e9ation d&#8217;emplois. Cependant, le CS3D ne fera rien de tout cela. Au lieu de cela, il ajoute une couche de conformit\u00e9 et de paperasserie qui s&rsquo;ajoute aux lourdes exigences de divulgation d\u00e9j\u00e0 en vigueur au sein de l&rsquo;UE et de ses \u00c9tats membres, ce qui entrave davantage sa capacit\u00e9 \u00e0 \u00eatre comp\u00e9titive \u00e0 l&rsquo;\u00e9chelle mondiale.\u00a0<\/p>\n<p>Cette fois-ci, les entreprises en ont assez des obstacles bureaucratiques de l&rsquo;UE. De plus en plus de politiciens, d&rsquo;\u00e9conomistes, d&rsquo;entreprises et d&rsquo;associations industrielles appellent Bruxelles et Strasbourg \u00e0 r\u00e9duire de mani\u00e8re significative les nombreuses obligations et mandats de CS3D.<\/p>\n<p>Certaines entreprises, grandes ou petites, se demandent s&rsquo;il n&rsquo;est pas plus \u00e9conomique de se retirer compl\u00e8tement et de payer une lourde amende en cas de non-conformit\u00e9. J&rsquo;ai re\u00e7u un t\u00e9moignage de premi\u00e8re main de la personne charg\u00e9e de ce calcul dans une grande PME allemande. D&rsquo;autres entreprises r\u00e9\u00e9valuent l&rsquo;int\u00e9r\u00eat de faire des affaires dans l&rsquo;UE, en annulant les investissements pr\u00e9vus et en stoppant les projets en cours. C&rsquo;est d\u00e9j\u00e0 le cas de mani\u00e8re dramatique dans l&rsquo;industrie chimique.<\/p>\n<p>Il s&rsquo;agit d&rsquo;entreprises qui souhaitent mener leurs activit\u00e9s de mani\u00e8re \u00e9thique et durable, mais qui ne peuvent pas justifier le co\u00fbt de la conformit\u00e9 ou le risque juridique d&rsquo;une erreur. \u00c0 qui cela profite-t-il ?<\/p>\n<p>L&rsquo;opposition au Parlement europ\u00e9en\u00a0&#13;\n<\/p>\n<p>Certains eurod\u00e9put\u00e9s \u00e0 Bruxelles se rendent compte que CS3D est intenable, alors que \u00a0le d\u00e9bat fait rage sur la mani\u00e8re de simplifier la l\u00e9gislation europ\u00e9enne sur le climat.\u00a0<\/p>\n<p>Le \u00ab paquet de simplification \u00bb dit \u00ab omnibus \u00bb promet de r\u00e9duire les exigences en mati\u00e8re de rapports, ce qui est une \u00e9tape indispensable pour rem\u00e9dier \u00e0 l&rsquo;\u00e9chec du plan de d\u00e9carbonisation de l&rsquo;UE. La question de savoir jusqu&rsquo;o\u00f9 ira la \u00ab simplification \u00bb reste en suspens.\u00a0<\/p>\n<p>Sans surprise, la coalition ne semble pas parvenir \u00e0 un compromis, les n\u00e9gociations s&rsquo;enlisant dans des querelles id\u00e9ologiques. Le Parlement ferait bien d&rsquo;accepter la proposition avec le moins de bureaucratie possible s&rsquo;il veut pr\u00e9server la comp\u00e9titivit\u00e9 de l&rsquo;UE. Comme l&rsquo;a judicieusement fait remarquer J\u00f6rgen Warborn, du PPE : \u00ab Je n&rsquo;exclus aucune majorit\u00e9 tant que nous r\u00e9duisons les co\u00fbts pour les entreprises et que nous renfor\u00e7ons la comp\u00e9titivit\u00e9 de l&rsquo;Europe. \u00bb Si elle n&rsquo;y parvient pas, l&rsquo;UE risque de conna\u00eetre un nouveau d\u00e9clin \u00e9conomique, comme l&rsquo;a soulign\u00e9 l&rsquo;ancien pr\u00e9sident de la Banque centrale europ\u00e9enne, Mario Draghi, l&rsquo;ann\u00e9e derni\u00e8re.\u00a0<\/p>\n<p>La pr\u00e9sidente Von der Leyen doit rallier sa coalition derri\u00e8re un objectif commun. Dans son discours inaugural pour un second mandat, elle a rel\u00e9gu\u00e9 au second plan la priorit\u00e9 du pacte vert au profit de la comp\u00e9titivit\u00e9, mais le temps nous dira si elle y parviendra. Et son temps est compt\u00e9. Elle a d\u00e9j\u00e0 fait face \u00e0 trois votes de d\u00e9fiance, et la mise en \u0153uvre de la d\u00e9r\u00e9glementation pourrait bien \u00eatre ce qui lui permettra de sauver sa position pr\u00e9caire.\u00a0<\/p>\n<p>Il est temps que Bruxelles et Strasbourg reconnaissent l&rsquo;\u00e9chec du Pacte vert et s&rsquo;attaquent \u00e0 l&rsquo;impopularit\u00e9 croissante des nouveaux fardeaux pesant sur la prosp\u00e9rit\u00e9 \u00e9conomique. Il est temps d&rsquo;arr\u00eater de nier le fait que, hors de l&rsquo;Union europ\u00e9enne, les gens ne croient plus au Pacte vert, comme en t\u00e9moigne la r\u00e9cente volte-face du Premier ministre canadien, Marc Carey, et de la cheffe du Parti conservateur britannique, Kemi Badenoch. Cela n&rsquo;est nulle part plus \u00e9vident que dans le r\u00e9cent succ\u00e8s de la droite politique en Allemagne, le pays d&rsquo;origine de Von der Leyen. Les Europ\u00e9ens s&rsquo;inqui\u00e8tent de la situation \u00e9conomique de leur pays et une simplification r\u00e9glementaire significative pourrait \u00eatre le premier signe que les eurod\u00e9put\u00e9s prennent cette question au s\u00e9rieux.<\/p>\n<p>Une meilleure voie \u00e0 suivre ?\u00a0&#13;\n<\/p>\n<p>Les d\u00e9bats sans fin et les d\u00e9lais de conformit\u00e9 changeants ne sont qu&rsquo;un exercice de procrastination : Bruxelles devra t\u00f4t ou tard faire face aux cons\u00e9quences de son Green Deal.\u00a0<\/p>\n<p>Il est pr\u00e9f\u00e9rable d&rsquo;y rem\u00e9dier maintenant, alors que nous disposons d&rsquo;un plan de d\u00e9r\u00e9glementation, plut\u00f4t que d&rsquo;attendre que les entreprises souffrent davantage et que les \u00e9lecteurs exigent un changement. Il est temps de relancer la croissance dans l&rsquo;UE, mais cela ne se produira pas tant que nous n&rsquo;aurons pas mis fin \u00e0 l&rsquo;\u00e8re de la surr\u00e9glementation.\u00a0<\/p>\n<p>Comme je l&rsquo;ai \u00e9crit pr\u00e9c\u00e9demment, si l&rsquo;UE persiste dans sa politique id\u00e9ologique en mati\u00e8re de climat, elle risque d&rsquo;\u00eatre de plus en plus marginalis\u00e9e par des pays privil\u00e9giant l&rsquo;essentiel : une \u00e9nergie fiable et abordable.<\/p>\n<p>(*) Samuel Furfari, Ph.D., est professeur de g\u00e9opolitique de l&rsquo;\u00e9nergie dans diverses universit\u00e9s. Il enseigne actuellement \u00e0 l&rsquo;ESCP de Londres et est professeur honoraire \u00e0 l&rsquo;\u00c9cole polytechnique de l&rsquo;Universit\u00e9 de Madrid. Il a enseign\u00e9 la politique \u00e9nerg\u00e9tique et la g\u00e9opolitique \u00e0 l&rsquo;Universit\u00e9 Libre de Bruxelles de 2003 \u00e0 2021. Il a \u00e9t\u00e9 haut fonctionnaire europ\u00e9en \u00e0 la DG \u00c9nergie de la Commission europ\u00e9enne pendant 36 ans. De 2019 \u00e0 2022, il a \u00e9t\u00e9 pr\u00e9sident de la Soci\u00e9t\u00e9 europ\u00e9enne des ing\u00e9nieurs et des industriels. Il est l&rsquo;auteur de 18 livres et de nombreux articles.<\/p>\n","protected":false},"excerpt":{"rendered":"Par Samuel Furfari, professeur de g\u00e9opolitique de l&rsquo;\u00e9nergie (*) Les lignes de fracture continuent de se manifester au&hellip;\n","protected":false},"author":2,"featured_media":460790,"comment_status":"","ping_status":"","sticky":false,"template":"","format":"standard","meta":{"footnotes":""},"categories":[1586],"tags":[930,17,11,58526,58525,58527,1777,674,1011,27,56833,28344,1808,12,4536,25],"class_list":{"0":"post-460789","1":"post","2":"type-post","3":"status-publish","4":"format-standard","5":"has-post-thumbnail","7":"category-europe","8":"tag-le","9":"tag-17","10":"tag-actualites","11":"tag-bureaucratique","12":"tag-climatisme","13":"tag-etouffe","14":"tag-eu","15":"tag-europe","16":"tag-fr","17":"tag-france","18":"tag-idees-debats","19":"tag-lavenir","20":"tag-leurope","21":"tag-news","22":"tag-opinion","23":"tag-republique-francaise"},"share_on_mastodon":{"url":"https:\/\/pubeurope.com\/@fr\/115368945511758884","error":""},"_links":{"self":[{"href":"https:\/\/www.europesays.com\/fr\/wp-json\/wp\/v2\/posts\/460789","targetHints":{"allow":["GET"]}}],"collection":[{"href":"https:\/\/www.europesays.com\/fr\/wp-json\/wp\/v2\/posts"}],"about":[{"href":"https:\/\/www.europesays.com\/fr\/wp-json\/wp\/v2\/types\/post"}],"author":[{"embeddable":true,"href":"https:\/\/www.europesays.com\/fr\/wp-json\/wp\/v2\/users\/2"}],"replies":[{"embeddable":true,"href":"https:\/\/www.europesays.com\/fr\/wp-json\/wp\/v2\/comments?post=460789"}],"version-history":[{"count":0,"href":"https:\/\/www.europesays.com\/fr\/wp-json\/wp\/v2\/posts\/460789\/revisions"}],"wp:featuredmedia":[{"embeddable":true,"href":"https:\/\/www.europesays.com\/fr\/wp-json\/wp\/v2\/media\/460790"}],"wp:attachment":[{"href":"https:\/\/www.europesays.com\/fr\/wp-json\/wp\/v2\/media?parent=460789"}],"wp:term":[{"taxonomy":"category","embeddable":true,"href":"https:\/\/www.europesays.com\/fr\/wp-json\/wp\/v2\/categories?post=460789"},{"taxonomy":"post_tag","embeddable":true,"href":"https:\/\/www.europesays.com\/fr\/wp-json\/wp\/v2\/tags?post=460789"}],"curies":[{"name":"wp","href":"https:\/\/api.w.org\/{rel}","templated":true}]}}