{"id":460805,"date":"2025-10-13T21:29:13","date_gmt":"2025-10-13T21:29:13","guid":{"rendered":"https:\/\/www.europesays.com\/fr\/460805\/"},"modified":"2025-10-13T21:29:13","modified_gmt":"2025-10-13T21:29:13","slug":"la-promesse-importante-de-lecurie-pour-verstappen-en-2026","status":"publish","type":"post","link":"https:\/\/www.europesays.com\/fr\/460805\/","title":{"rendered":"La promesse importante de l&rsquo;\u00e9curie pour Verstappen en 2026"},"content":{"rendered":"<p>Pierre Wach\u00e9, le directeur technique de Red Bull, a fait des annonces importantes concernant les mesures adopt\u00e9es par l\u2019\u00e9curie pour se conformer \u00e0 la nouvelle r\u00e9glementation de F1 et maintenir sa performance. Selon l\u2019ing\u00e9nieur fran\u00e7ais, la saison 2026 sera la continuit\u00e9 logique de cette fin d\u2019exercice. En effet, depuis quelques Grands Prix, la marque britannique a montr\u00e9 une performance remarquable, au point de se battre pour une place sur le podium du championnat des constructeurs et pour le titre au niveau des pilotes. La RB21 r\u00e9pond ad\u00e9quatement aux attentes des pilotes et Max Verstappen est en pleine forme. Interrog\u00e9 sur la situation actuelle en vue de la saison 2026, Pierre Wach\u00e9 a fait des d\u00e9clarations qui laissent pr\u00e9sager une saison prometteuse pour Red Bull.<\/p>\n<p>Le d\u00e9but d&rsquo;une \u00e8re prometteuse<\/p>\n<p>Pour la nouvelle saison, l\u2019\u00e9curie se pr\u00e9pare \u00e0 d\u00e9buter avec un tout nouvel ensemble de r\u00e9glementations techniques, incluant une refonte majeure des r\u00e8gles a\u00e9rodynamiques et un changement significatif. Elle participera \u00e9galement aux course pour la premi\u00e8re fois avec son propre moteur, d\u00e9velopp\u00e9 en interne. \u00ab Avec le groupe motopropulseur, c&rsquo;est difficile \u00e0 dire, mais cela semble tr\u00e8s, tr\u00e8s prometteur \u00bb, a d\u00e9clar\u00e9 Wach\u00e9, tout en soulignant que \u00ab Sur la voiture, il y a de nouvelles r\u00e9glementations a\u00e9rodynamiques et c&rsquo;est difficile \u00e0 dire. Il y a beaucoup \u00e0 d\u00e9couvrir, et il est difficile de savoir quelles seront les id\u00e9es des autres. En g\u00e9n\u00e9ral, on apprend beaucoup en observant les autres voitures, on essaie de comprendre ce que chacun fait. J&rsquo;esp\u00e8re que nous trouverons une bonne direction, mais on ne sait jamais \u00bb, a ajout\u00e9 Wach\u00e9 lors d\u2019une interview accord\u00e9e \u00e0 RacingNews365.<\/p>\n<p>Avant de conna\u00eetre un regain de performance en cette fin de saison, Red Bull a d\u2019abord rencontr\u00e9 des difficult\u00e9s. Pour Wach\u00e9, il est essentiel de continuer sur cette lanc\u00e9e. \u00ab C&rsquo;est \u00e9galement tr\u00e8s important pour l&rsquo;ann\u00e9e prochaine, cet aspect-l\u00e0, que nous continuions [\u00e0 nous d\u00e9velopper] \u00bb, a-t-il poursuivi.<\/p>\n<p>    Partagez cette info avec vos amis et vos proches en cliquant ici  <\/p>\n<p> Podcasts \u00e0 la une MEN LIFE <\/p>\n<p>    Pour r\u00e9sumer<\/p>\n<p>La nouvelle saison de F1 se profile avec de nouvelles r\u00e9glementations. Une \u00e8re in\u00e9dite que Red Bull est pr\u00eate \u00e0 embrasser pleinement avec de nouvelles ambitions pour Max Verstappen, selon les propos de Pierre Wach\u00e9 lors d&rsquo;une interview.<\/p>\n<p>R\u00e9dacteur<\/p>\n<p><img decoding=\"async\" width=\"76\" height=\"76\" loading=\"lazy\" src=\"https:\/\/www.europesays.com\/fr\/wp-content\/uploads\/2025\/04\/avatar-sport-am.png\" alt=\"La r\u00e9daction\"\/><\/p>\n","protected":false},"excerpt":{"rendered":"Pierre Wach\u00e9, le directeur technique de Red Bull, a fait des annonces importantes concernant les mesures adopt\u00e9es par&hellip;\n","protected":false},"author":2,"featured_media":460806,"comment_status":"","ping_status":"","sticky":false,"template":"","format":"standard","meta":{"footnotes":""},"categories":[1412],"tags":[1451,1452,1453,1454,1455,1011,27,60],"class_list":{"0":"post-460805","1":"post","2":"type-post","3":"status-publish","4":"format-standard","5":"has-post-thumbnail","7":"category-f1","8":"tag-f1","9":"tag-formula-1","10":"tag-formula1","11":"tag-formule-1","12":"tag-formule1","13":"tag-fr","14":"tag-france","15":"tag-sports"},"share_on_mastodon":{"url":"https:\/\/pubeurope.com\/@fr\/115368989711625335","error":""},"_links":{"self":[{"href":"https:\/\/www.europesays.com\/fr\/wp-json\/wp\/v2\/posts\/460805","targetHints":{"allow":["GET"]}}],"collection":[{"href":"https:\/\/www.europesays.com\/fr\/wp-json\/wp\/v2\/posts"}],"about":[{"href":"https:\/\/www.europesays.com\/fr\/wp-json\/wp\/v2\/types\/post"}],"author":[{"embeddable":true,"href":"https:\/\/www.europesays.com\/fr\/wp-json\/wp\/v2\/users\/2"}],"replies":[{"embeddable":true,"href":"https:\/\/www.europesays.com\/fr\/wp-json\/wp\/v2\/comments?post=460805"}],"version-history":[{"count":0,"href":"https:\/\/www.europesays.com\/fr\/wp-json\/wp\/v2\/posts\/460805\/revisions"}],"wp:featuredmedia":[{"embeddable":true,"href":"https:\/\/www.europesays.com\/fr\/wp-json\/wp\/v2\/media\/460806"}],"wp:attachment":[{"href":"https:\/\/www.europesays.com\/fr\/wp-json\/wp\/v2\/media?parent=460805"}],"wp:term":[{"taxonomy":"category","embeddable":true,"href":"https:\/\/www.europesays.com\/fr\/wp-json\/wp\/v2\/categories?post=460805"},{"taxonomy":"post_tag","embeddable":true,"href":"https:\/\/www.europesays.com\/fr\/wp-json\/wp\/v2\/tags?post=460805"}],"curies":[{"name":"wp","href":"https:\/\/api.w.org\/{rel}","templated":true}]}}