{"id":460811,"date":"2025-10-13T21:32:10","date_gmt":"2025-10-13T21:32:10","guid":{"rendered":"https:\/\/www.europesays.com\/fr\/460811\/"},"modified":"2025-10-13T21:32:10","modified_gmt":"2025-10-13T21:32:10","slug":"katy-perry-et-justin-trudeau-apercus-ensemble-sur-un-yacht-en-californie-nice-matin","status":"publish","type":"post","link":"https:\/\/www.europesays.com\/fr\/460811\/","title":{"rendered":"Katy Perry et Justin Trudeau aper\u00e7us ensemble sur un yacht en Californie &#8211; Nice-Matin"},"content":{"rendered":"<ol>\n<li><a href=\"https:\/\/news.google.com\/rss\/articles\/CBMivwFBVV95cUxQdFhSeExndS1WUy1ka0JEaExGVzlWZncwUmlUaFhZc1B2Q3NtR2MwT1o0YkNmNHJpdGhmMWg4ZVdfNEM1MWFlNDcwVjQ3V2hUUlBuSnZqSE5xTXFacS1kYllhbzFkRkVPd044R1JDVzh3cGRwRk1rTmtfeDB6UXRpS3FuUEhxVjdCMkF4bmZXQTdwLS1uX1VTOE43QmVLR1lPcUdKQy1Cc0V2V2VYdHZCUzJPMk5YeDBPRXd4MHc0TQ?oc=5\" target=\"_blank\" rel=\"nofollow noopener\">Katy Perry et Justin Trudeau aper\u00e7us ensemble sur un yacht en Californie<\/a>&nbsp;&nbsp;Nice-Matin<\/li>\n<li><a href=\"https:\/\/news.google.com\/rss\/articles\/CBMi7gFBVV95cUxQMTJnUFRnTUJJVmRzTFN1TTE1RE9hdUUtVmhaNFU5aENXbWE2OE02NDB3LUNGaE1HVGFRbXBNM0g2RWt0WFVLY2ZQQ1B0Y3FMWGhjeFZzM0VrMFJ6Uzh3Y1NfWDVKRExMWTRpMVdhdm5CaXpUSW0yMFVpSzdfd1hzcTBZOVY0YVpHR1Ztb3VacXdBMUt4Skx5a0ZXTFNqTTAzbTF2S0hFaWFta05Tb1pSZG5qTUd2aFVqSGVYTUd5ODBsc3ZfZUlkSTNEaU9NV1QxSDV4MTQzUENnN1NqRjRkRmFVSWFSM09ka1ljdzRB?oc=5\" target=\"_blank\" rel=\"nofollow noopener\">Katy Perry et Justin Trudeau aper\u00e7us enlac\u00e9s sur le yacht de la chanteuse<\/a>&nbsp;&nbsp;Le Parisien<\/li>\n<li><a href=\"https:\/\/news.google.com\/rss\/articles\/CBMi0wFBVV95cUxOWXpHdnpnUm1wTkpidVZyWFFzaXRDSWs4eUJwekJ6NlhuRDdFSGFSc1BVbFVBYktpb3NqVzY3R1NkYVlfcVhVR3hEd3VsYjl4V0ViTnI5X2VaZkRPX1U2YkdrbzAwbEpDUlBEVDBIV1JoeFd1cWI3UnFmRHVBOGUyR3RhQ2hEeU14N1hfRVczOGhXVl92U0VoMDBpcFFMQnpGQW1NdXRTUFBRQVRQNTVsVmxkNUlUOGplcmRMZkZMbFNiZWhkbmRoNEgyUkE1UzlTR1NV?oc=5\" target=\"_blank\" rel=\"nofollow noopener\">\u00abOh mon dieu, c\u2019est r\u00e9el ?\u00bb : la romance de Katy Perry et Justin Trudeau d\u00e9range d\u00e9j\u00e0<\/a>&nbsp;&nbsp;Madame Figaro<\/li>\n<li><a href=\"https:\/\/news.google.com\/rss\/articles\/CBMifkFVX3lxTE1PelJrOHJvRUczWl82alJLYXRxWDZndUVJelc5cHA3YnZQU2s1MjRiaG12M05vR2M1b2c3OElIYUlwQ3FDT2F4RUJoNWlJTFdFeHE2UkhiWkZWdEtIUFJtUndHalhqREtEa3pZZzhnMEhpaGd4R1p5dy1kRmRtdw?oc=5\" target=\"_blank\" rel=\"nofollow noopener\">Katy Perry et Justin Trudeau en couple : cette photo fait le tour du monde et confirme leur relation<\/a>&nbsp;&nbsp;Yahoo Actualit\u00e9s<\/li>\n<li><a href=\"https:\/\/news.google.com\/rss\/articles\/CBMiugFBVV95cUxPOTBPczh3ZVBSWjRJdmsxbnY2SkozU2FxY0pPN2MyS2hOWUFIbTNnUVp4blRZRDVhN2c1eVpocTAwOHdtTC1BOW9id2d1UmhEWUFXd2tnWGVSNHJjOUMxUkNMaHZySEs0YWk2MWVoUGlaN2lBQ3NFalp3NFFyNGx6RkF1cEZVRXlDTXIySXBadnQ1aWc0b3ZnWXVNd3AtajFHekdGQTNKbWRfaThaTi1JZENLT0lyUVBqUGc?oc=5\" target=\"_blank\" rel=\"nofollow noopener\">Tendresse en haute mer : Katy Perry et Justin Trudeau plus complices que jamais<\/a>&nbsp;&nbsp;parismatch.com<\/li>\n<\/ol>\n","protected":false},"excerpt":{"rendered":"Katy Perry et Justin Trudeau aper\u00e7us ensemble sur un yacht en Californie&nbsp;&nbsp;Nice-Matin Katy Perry et Justin Trudeau aper\u00e7us&hellip;\n","protected":false},"author":2,"featured_media":460812,"comment_status":"","ping_status":"","sticky":false,"template":"","format":"standard","meta":{"footnotes":""},"categories":[1359],"tags":[58,59,1011,27,973],"class_list":{"0":"post-460811","1":"post","2":"type-post","3":"status-publish","4":"format-standard","5":"has-post-thumbnail","7":"category-people","8":"tag-divertissement","9":"tag-entertainment","10":"tag-fr","11":"tag-france","12":"tag-people"},"share_on_mastodon":{"url":"https:\/\/pubeurope.com\/@fr\/115369000625789701","error":""},"_links":{"self":[{"href":"https:\/\/www.europesays.com\/fr\/wp-json\/wp\/v2\/posts\/460811","targetHints":{"allow":["GET"]}}],"collection":[{"href":"https:\/\/www.europesays.com\/fr\/wp-json\/wp\/v2\/posts"}],"about":[{"href":"https:\/\/www.europesays.com\/fr\/wp-json\/wp\/v2\/types\/post"}],"author":[{"embeddable":true,"href":"https:\/\/www.europesays.com\/fr\/wp-json\/wp\/v2\/users\/2"}],"replies":[{"embeddable":true,"href":"https:\/\/www.europesays.com\/fr\/wp-json\/wp\/v2\/comments?post=460811"}],"version-history":[{"count":0,"href":"https:\/\/www.europesays.com\/fr\/wp-json\/wp\/v2\/posts\/460811\/revisions"}],"wp:featuredmedia":[{"embeddable":true,"href":"https:\/\/www.europesays.com\/fr\/wp-json\/wp\/v2\/media\/460812"}],"wp:attachment":[{"href":"https:\/\/www.europesays.com\/fr\/wp-json\/wp\/v2\/media?parent=460811"}],"wp:term":[{"taxonomy":"category","embeddable":true,"href":"https:\/\/www.europesays.com\/fr\/wp-json\/wp\/v2\/categories?post=460811"},{"taxonomy":"post_tag","embeddable":true,"href":"https:\/\/www.europesays.com\/fr\/wp-json\/wp\/v2\/tags?post=460811"}],"curies":[{"name":"wp","href":"https:\/\/api.w.org\/{rel}","templated":true}]}}