{"id":460813,"date":"2025-10-13T21:33:17","date_gmt":"2025-10-13T21:33:17","guid":{"rendered":"https:\/\/www.europesays.com\/fr\/460813\/"},"modified":"2025-10-13T21:33:17","modified_gmt":"2025-10-13T21:33:17","slug":"plusieurs-chefs-doeuvre-reunis-de-ces-grands-maitres-dans-une-exposition-evenement-a-lyon-sur-le-village-normand-le-plus-connu-au-monde","status":"publish","type":"post","link":"https:\/\/www.europesays.com\/fr\/460813\/","title":{"rendered":"plusieurs chefs-d\u2019\u0153uvre r\u00e9unis de ces grands ma\u00eetres dans une exposition \u00e9v\u00e9nement \u00e0 Lyon sur le village normand le plus connu au monde&#8230;"},"content":{"rendered":"<p>\t\t\t\t\t\t\t\t\t\t\t\t\t\t\t\t\t\t\t\t\t\t<img loading=\"lazy\" decoding=\"async\" src=\"https:\/\/www.europesays.com\/fr\/wp-content\/uploads\/2025\/10\/1-3-1024x683.jpg\" class=\"img-fluid\" alt=\"Mus\u00e9es des Beaux-Arts de Lyon - \u00c9tretat\" width=\"1024\" height=\"683\"\/><br \/>\n\t\t\t\t\t\t\t\t\t\t\t\t\t\t\t\t\t\t\t\t\t\t\u00a9Mus\u00e9es des Beaux-Arts de Lyon <\/p>\n<p>    Save<\/p>\n<p>Tout en restant en Normandie, ce petit village de mille \u00e2mes a pourtant fait le tour du monde. <strong>Peintures, litt\u00e9rature, cin\u00e9ma\u2026 les plus grands artistes s\u2019y sont press\u00e9s pour capter le magn\u00e9tisme unique des lieux, qu\u2019on pourrait apparenter \u00e0 un v\u00e9ritable po\u00e8me visuel.<\/strong> Dans <a href=\"https:\/\/lyonsecret.com\/meilleures-expositions\/\" rel=\"follow noopener\" target=\"_self\" class=\"shortcode-outbound-link\" data-has-ga=\"true\" data-ga-type=\"click\" data-label=\"https:\/\/lyonsecret.com\/meilleures-expositions\/\" data-action=\"text_cta_0\" data-category=\"click_internal\"><strong>la liste d\u00e9j\u00e0 longue et all\u00e9chante des expositions \u00e0 voir \u00e0 Lyon<\/strong><\/a>\u00a0en ce moment, celle-ci risque de se propulser en un claquement de doigts dans notre top 3, toutes cat\u00e9gories confondues.<\/p>\n<p><b>\u00ab\u00a0\u00c9tretat, par-del\u00e0 les falaises\u00a0\u00bb<\/b><br \/>\n<img fetchpriority=\"high\" decoding=\"async\" class=\"size-full wp-image-24086\" src=\"https:\/\/www.europesays.com\/fr\/wp-content\/uploads\/2025\/10\/2-3.jpg\" alt=\"Mus\u00e9es des Beaux-Arts de Lyon - \u00c9tretat\" width=\"1200\" height=\"800\"  \/>\u00a9Mus\u00e9es des Beaux-Arts de Lyon<\/p>\n<p>M\u00eame si notre penchant lyonnais devrait d\u00e9clarer vainqueur <a href=\"https:\/\/lyonsecret.com\/gros-caillou-croix-rousse-lyon\/\" rel=\"follow noopener\" target=\"_self\" class=\"shortcode-outbound-link\" data-has-ga=\"true\" data-ga-type=\"click\" data-label=\"https:\/\/lyonsecret.com\/gros-caillou-croix-rousse-lyon\/\" data-action=\"text_cta_1\" data-category=\"click_internal\"><strong>notre Gros Caillou<\/strong><\/a> ou <a href=\"https:\/\/lyonsecret.com\/roche-de-solutre-panorama-monument-valley\/\" rel=\"follow noopener\" target=\"_self\" class=\"shortcode-outbound-link\" data-has-ga=\"true\" data-ga-type=\"click\" data-label=\"https:\/\/lyonsecret.com\/roche-de-solutre-panorama-monument-valley\/\" data-action=\"text_cta_2\" data-category=\"click_internal\"><strong>la Roche de Solutr\u00e9<\/strong><\/a>, il faut se rendre \u00e0 l\u2019\u00e9vidence : <strong>\u00c9tretat<\/strong>, quoique situ\u00e9 bien plus loin, remporte la comp\u00e9tition. <strong>Ses falaises sont connues dans le monde entier<\/strong>, et on le doit \u00e0 cette vague d\u2019artistes et d\u2019auteurs qui a d\u00e9fil\u00e9 dans <strong>ce village de p\u00eacheurs au cours du XIX\u1d49 si\u00e8cle.<\/strong><\/p>\n<p><strong>Guy de Maupassant, Victor Hugo, Gustave Courbet, Claude Monet, Henri Matisse, ou encore tout r\u00e9cemment Sylvain Tesson<\/strong>\u2026 coup de pinceau ou coup de crayon, <strong>ils ont tous eu un coup de c\u0153ur pour \u00c9tretat<\/strong>. Et quand on se penche sur tous ces chefs-d\u2019\u0153uvre, il est vrai qu\u2019on ne peut rester insensible \u00e0 cet h\u00e9ritage artistique <strong>bient\u00f4t r\u00e9uni \u00e0 Lyon.<\/strong><\/p>\n<p><b>Une collection impressionnante r\u00e9unie pour l\u2019occasion<\/b><br \/>\n<img loading=\"lazy\" decoding=\"async\" class=\"size-full wp-image-24087\" src=\"https:\/\/www.europesays.com\/fr\/wp-content\/uploads\/2025\/10\/3-3.jpg\" alt=\"Mus\u00e9es des Beaux-Arts de Lyon - \u00c9tretat\" width=\"1200\" height=\"800\"  \/>\u00a9 Mus\u00e9es des Beaux-Arts de Lyon<\/p>\n<p>L\u2019exposition regroupe tableaux, textes, mais aussi photos et dessins. Gr\u00e2ce au partenariat avec<strong> le St\u00e4del Museum de Francfort-sur-le-Main<\/strong> (ville jumel\u00e9e \u00e0 Lyon depuis 1960), le Mus\u00e9e des Beaux-Arts de Lyon a pu r\u00e9unir quatre \u0153uvres majeures : deux tableaux de <strong>Gustave Courbet<\/strong> (Vagues), ainsi que deux peintures de<strong> Claude Monet<\/strong> (Le D\u00e9jeuner et Mer agit\u00e9e \u00e0 \u00c9tretat), toutes r\u00e9alis\u00e9es \u00e0 \u00c9tretat m\u00eame, qui feront office de <strong>point d\u2019orgue de l\u2019exposition.<\/strong><\/p>\n<\/p>\n<p>Mais cette f\u00e9\u00e9rie autour des lieux ne doit pas nous faire oublier<strong> le p\u00e9ril que subit \u00c9tretat<\/strong>, d\u00fb notamment \u00e0 la surfr\u00e9quentation touristique et au r\u00e9chauffement climatique qui vient grignoter cette falaise, embl\u00e8me ultime du site.<strong> L\u2019exposition nous interroge donc sur la mani\u00e8re dont cette falaise, par d\u00e9finition in\u00e9branlable, voit ses jours diminuer, par le prisme de ces chefs-d\u2019\u0153uvre, eux aussi intemporels<\/strong><\/p>\n<p><img decoding=\"async\" class=\"emoji\" src=\"https:\/\/s.w.org\/images\/core\/emoji\/15.0.3\/svg\/1f4cd.svg\" alt=\"\ud83d\udccd\"\/>Mus\u00e9e des Beaux Arts de Lyon, 20 place des Terreaux, Lyon 1<br \/><img decoding=\"async\" class=\"emoji\" src=\"https:\/\/s.w.org\/images\/core\/emoji\/15.0.3\/svg\/1f4c5.svg\" alt=\"\ud83d\udcc5\"\/> Date : \u00e0 partir du 29 novembre 2025<br \/>\ud83d\udc49 <a href=\"https:\/\/www.mba-lyon.fr\/fr\/fiche-programmation\/etretat-par-dela-les-falaises\" rel=\"nofollow noopener noreferrer\" target=\"_blank\" class=\"shortcode-outbound-link\" data-has-ga=\"true\" data-ga-type=\"click\" data-label=\"https:\/\/www.mba-lyon.fr\/fr\/fiche-programmation\/etretat-par-dela-les-falaises\" data-action=\"text_cta_3\" data-category=\"click_non_sales\">Plus d\u2019infos<\/a><\/p>\n","protected":false},"excerpt":{"rendered":"\u00a9Mus\u00e9es des Beaux-Arts de Lyon Save Tout en restant en Normandie, ce petit village de mille \u00e2mes a&hellip;\n","protected":false},"author":2,"featured_media":460814,"comment_status":"","ping_status":"","sticky":false,"template":"","format":"standard","meta":{"footnotes":""},"categories":[1358],"tags":[1348,1384,1385,1386,58,59,1011,27],"class_list":{"0":"post-460813","1":"post","2":"type-post","3":"status-publish","4":"format-standard","5":"has-post-thumbnail","7":"category-arts-et-design","8":"tag-arts","9":"tag-arts-and-design","10":"tag-arts-et-design","11":"tag-design","12":"tag-divertissement","13":"tag-entertainment","14":"tag-fr","15":"tag-france"},"share_on_mastodon":{"url":"https:\/\/pubeurope.com\/@fr\/115369004740047758","error":""},"_links":{"self":[{"href":"https:\/\/www.europesays.com\/fr\/wp-json\/wp\/v2\/posts\/460813","targetHints":{"allow":["GET"]}}],"collection":[{"href":"https:\/\/www.europesays.com\/fr\/wp-json\/wp\/v2\/posts"}],"about":[{"href":"https:\/\/www.europesays.com\/fr\/wp-json\/wp\/v2\/types\/post"}],"author":[{"embeddable":true,"href":"https:\/\/www.europesays.com\/fr\/wp-json\/wp\/v2\/users\/2"}],"replies":[{"embeddable":true,"href":"https:\/\/www.europesays.com\/fr\/wp-json\/wp\/v2\/comments?post=460813"}],"version-history":[{"count":0,"href":"https:\/\/www.europesays.com\/fr\/wp-json\/wp\/v2\/posts\/460813\/revisions"}],"wp:featuredmedia":[{"embeddable":true,"href":"https:\/\/www.europesays.com\/fr\/wp-json\/wp\/v2\/media\/460814"}],"wp:attachment":[{"href":"https:\/\/www.europesays.com\/fr\/wp-json\/wp\/v2\/media?parent=460813"}],"wp:term":[{"taxonomy":"category","embeddable":true,"href":"https:\/\/www.europesays.com\/fr\/wp-json\/wp\/v2\/categories?post=460813"},{"taxonomy":"post_tag","embeddable":true,"href":"https:\/\/www.europesays.com\/fr\/wp-json\/wp\/v2\/tags?post=460813"}],"curies":[{"name":"wp","href":"https:\/\/api.w.org\/{rel}","templated":true}]}}