{"id":460815,"date":"2025-10-13T21:34:30","date_gmt":"2025-10-13T21:34:30","guid":{"rendered":"https:\/\/www.europesays.com\/fr\/460815\/"},"modified":"2025-10-13T21:34:30","modified_gmt":"2025-10-13T21:34:30","slug":"saint-quay-portrieux-laurent-mauduit-sera-en-dedicace-vendredi-17-octobre-a-la-maison-de-la-presse-le-18-au-fanal","status":"publish","type":"post","link":"https:\/\/www.europesays.com\/fr\/460815\/","title":{"rendered":"Saint-Quay-Portrieux\u00a0: Laurent Mauduit sera en d\u00e9dicace vendredi 17\u00a0octobre \u00e0 la Maison de la Presse, le 18 au Fanal"},"content":{"rendered":"<p>La Lettre de l\u2019Expansion en a publi\u00e9 les bonnes feuilles, France Inter l\u2019a pr\u00e9sent\u00e9 comme \u00ab\u00a0l\u2019un des livres dont vous allez entendre parler en cette rentr\u00e9e\u00a0\u00bb. Alternatives Economiques r\u00e9sume ainsi la th\u00e9matique du livre de Laurent Mauduit\u00a0: \u00ab\u00a0Patrons et extr\u00eame droite, le grand rapprochement\u00a0\u00bb, tandis que Le Monde \u00e9voque dans la m\u00eame veine \u00ab\u00a0la bienveillance des patrons avec le RN\u00a0\u00bb.<\/p>\n<p>Laurent Mauduit, dont les attaches quinoc\u00e9ennes sont bien connues, cofondateur de Mediapart, ancienne plume du Monde et de Lib\u00e9ration, d\u00e9dicacera son livre \u00ab\u00a0Collaborations, enqu\u00eate sur l\u2019extr\u00eame droite et les milieux d\u2019affaires\u00a0\u00bb (\u00e9ditions La D\u00e9couverte) \u00e0 la Maison de la presse vendredi 17 octobre de 10\u00a0h \u00e0 12\u00a0h, puis \u00e0 la <a href=\"https:\/\/www.letelegramme.fr\/cotes-d-armor\/saint-brieuc-22000\/le-fanal-le-phare-des-amateurs-de-livres-a-saint-quay-portrieux-6496038.php\" title=\"www.letelegramme.fr\" rel=\"nofollow noopener\" target=\"_blank\">librairie Le Fanal,<\/a> samedi 18 octobre, pour un \u00e9change autour du livre qui commencera \u00e0 16\u00a0h\u00a030 et se prolongera par des d\u00e9dicaces jusqu\u2019\u00e0 18\u00a0h\u00a030.<\/p>\n","protected":false},"excerpt":{"rendered":"La Lettre de l\u2019Expansion en a publi\u00e9 les bonnes feuilles, France Inter l\u2019a pr\u00e9sent\u00e9 comme \u00ab\u00a0l\u2019un des livres&hellip;\n","protected":false},"author":2,"featured_media":460816,"comment_status":"","ping_status":"","sticky":false,"template":"","format":"standard","meta":{"footnotes":""},"categories":[1357],"tags":[1379,251,58,59,1076,1011,27,1351,1380,316,37281],"class_list":{"0":"post-460815","1":"post","2":"type-post","3":"status-publish","4":"format-standard","5":"has-post-thumbnail","7":"category-livres","8":"tag-books","9":"tag-culture","10":"tag-divertissement","11":"tag-entertainment","12":"tag-extreme-droite","13":"tag-fr","14":"tag-france","15":"tag-litterature","16":"tag-livres","17":"tag-politique","18":"tag-saint-quay-portrieux"},"share_on_mastodon":{"url":"https:\/\/pubeurope.com\/@fr\/115369008636918150","error":""},"_links":{"self":[{"href":"https:\/\/www.europesays.com\/fr\/wp-json\/wp\/v2\/posts\/460815","targetHints":{"allow":["GET"]}}],"collection":[{"href":"https:\/\/www.europesays.com\/fr\/wp-json\/wp\/v2\/posts"}],"about":[{"href":"https:\/\/www.europesays.com\/fr\/wp-json\/wp\/v2\/types\/post"}],"author":[{"embeddable":true,"href":"https:\/\/www.europesays.com\/fr\/wp-json\/wp\/v2\/users\/2"}],"replies":[{"embeddable":true,"href":"https:\/\/www.europesays.com\/fr\/wp-json\/wp\/v2\/comments?post=460815"}],"version-history":[{"count":0,"href":"https:\/\/www.europesays.com\/fr\/wp-json\/wp\/v2\/posts\/460815\/revisions"}],"wp:featuredmedia":[{"embeddable":true,"href":"https:\/\/www.europesays.com\/fr\/wp-json\/wp\/v2\/media\/460816"}],"wp:attachment":[{"href":"https:\/\/www.europesays.com\/fr\/wp-json\/wp\/v2\/media?parent=460815"}],"wp:term":[{"taxonomy":"category","embeddable":true,"href":"https:\/\/www.europesays.com\/fr\/wp-json\/wp\/v2\/categories?post=460815"},{"taxonomy":"post_tag","embeddable":true,"href":"https:\/\/www.europesays.com\/fr\/wp-json\/wp\/v2\/tags?post=460815"}],"curies":[{"name":"wp","href":"https:\/\/api.w.org\/{rel}","templated":true}]}}