{"id":460817,"date":"2025-10-13T21:35:24","date_gmt":"2025-10-13T21:35:24","guid":{"rendered":"https:\/\/www.europesays.com\/fr\/460817\/"},"modified":"2025-10-13T21:35:24","modified_gmt":"2025-10-13T21:35:24","slug":"adele-exarchopoulos-et-gilles-lellouche-interrompus-par-lapparition-dune-celebre-personnalite-dans-c-a-vous-video","status":"publish","type":"post","link":"https:\/\/www.europesays.com\/fr\/460817\/","title":{"rendered":"Ad\u00e8le Exarchopoulos et Gilles Lellouche interrompus par l&rsquo;apparition d&rsquo;une c\u00e9l\u00e8bre personnalit\u00e9 dans C \u00e0 vous (VIDEO)"},"content":{"rendered":"<p>Ce lundi 13 octobre, Anne-\u00c9lisabeth Lemoine a accueilli Ad\u00e8le Exarchopoulos, Gilles Lellouche et C\u00e9dric Jimenez sur le plateau de C \u00e0 vous. L&rsquo;animatrice a \u00e9t\u00e9 prise au d\u00e9pourvu lorsqu&rsquo;une personnalit\u00e9 phare du septi\u00e8me art a fait un passage \u00e9clair au sein de son \u00e9mission, pour une raison particuli\u00e8re&#8230;<\/p>\n<p>Le d\u00e9but de semaine commence fort pour l&rsquo;\u00e9quipe de C \u00e0 vous&#8230; Ce lundi 13 octobre, <a href=\"https:\/\/www.programme-tv.net\/biographie\/40799-lemoine-anne-elisabeth\/\" data-link-people=\"c4d3afa1-63f5-4b73-bd3a-75c74edbba6d\" rel=\"nofollow noopener\" target=\"_blank\">Anne-\u00c9lisabeth Lemoine<\/a> a re\u00e7u de nombreux invit\u00e9s d&rsquo;exception sur le plateau de France 5. \u00c0 l&rsquo;occasion de la sortie du film <a href=\"https:\/\/www.programme-tv.net\/news\/cinema\/389233-le-film-francais-le-plus-attendu-de-fin-dannee-qui-marque-les-retrouvailles-dadele-exarchopoulos-et-gilles-lellouche-arrive-au-cinema-ce-mercredi\/\" data-api-deeplink=\"teleloisirs:\/\/news\/389233\" rel=\"nofollow noopener\" target=\"_blank\">Chien 51<\/a>, Ad\u00e8le Exarchopoulos, Gilles Lellouche ainsi que le r\u00e9alisateur <a href=\"https:\/\/www.programme-tv.net\/biographie\/88543-jimenez-cedric\/\" data-link-people=\"95c25cf9-d36c-4549-a79a-690e41aab4e1\" rel=\"nofollow noopener\" target=\"_blank\">C\u00e9dric Jimenez<\/a> \u00e9taient r\u00e9unis autour de la table de l&rsquo;\u00e9mission. En plein entretien, le passage \u00e9clair d&rsquo;une personnalit\u00e9, qui n&rsquo;\u00e9tait pas pr\u00e9vue au programme, a d&rsquo;ailleurs surpris les acteurs et l&rsquo;animatrice&#8230; En effet, <a href=\"https:\/\/www.programme-tv.net\/news\/cinema\/386858-je-verrai-toujours-vos-visages-cette-scene-tres-emouvante-entre-raphael-quenard-et-adele-exarchopoulos-qui-a-bouleverse-des-millions-de-spectateurs\/\" data-api-deeplink=\"teleloisirs:\/\/news\/386858\" rel=\"nofollow noopener\" target=\"_blank\">Rapha\u00ebl Quenard <\/a>a \u00e9t\u00e9 dans l&rsquo;obligation de faire une apparition en plateau pour une raison particuli\u00e8re !<\/p>\n<p>\u00ab\u00a0Un petit coucou\u00a0\u00bb : Rapha\u00ebl Quenard fait une apparition surprise sur le plateau de C \u00e0 vous et provoque l&rsquo;hilarit\u00e9 d&rsquo;Ad\u00e8le Exarchopoulos et Gilles Lellouche<\/p>\n<p>Au cours de leur entretien avec Anne-\u00c9lisabeth Lemoine, <a href=\"https:\/\/www.programme-tv.net\/news\/cinema\/389000-cetait-horrible-adele-exarchopoulos-et-gilles-lellouche-se-confient-sur-cette-scene-de-leur-nouveau-film-chien-51-quils-ont-detestee\/\" data-api-deeplink=\"teleloisirs:\/\/news\/389000\" rel=\"nofollow noopener\" target=\"_blank\">Gilles Lellouche et Ad\u00e8le Exarchopoulos<\/a> ont \u00e9t\u00e9 interrompus par l&rsquo;arriv\u00e9e d&rsquo;une autre personnalit\u00e9 phare du cin\u00e9ma, qui n&rsquo;\u00e9tait pourtant pas pr\u00e9vue au programme. Alors que l&rsquo;actrice de L&rsquo;amour ouf \u00e9tait en train d&rsquo;\u00e9voquer l&rsquo;importance de ses fans dans sa carri\u00e8re, <b>Rapha\u00ebl Quenard a fait un passage \u00e9clair sur le plateau de France 5 pour&#8230; r\u00e9cup\u00e9rer son chat ! <\/b>La petite boule de poils s&rsquo;est invit\u00e9e dans l&rsquo;\u00e9mission de C \u00e0 vous : \u00ab\u00a0Excusez-moi, c&rsquo;est Mystique !\u00a0\u00bb, a-t-il lanc\u00e9 avant de la r\u00e9cup\u00e9rer et de s&rsquo;\u00e9clipser hors champ, suscitant l&rsquo;hilarit\u00e9 g\u00e9n\u00e9rale. L&rsquo;animatrice a alors expliqu\u00e9 : <b>\u00ab\u00a0<\/b><b>Rapha\u00ebl tourne \u00e0 c\u00f4t\u00e9, sur le plateau de C dans l&rsquo;air, son prochain film, et il voulait vous faire un petit coucou<\/b><b>\u00ab\u00a0<\/b>, avant de poursuivre : \u00ab\u00a0Il y a 18 \u00e9missions, je ne comprends plus rien \u00e0 ce qui m&rsquo;arrive.\u00a0\u00bb. Apr\u00e8s cette dr\u00f4le d&rsquo;apparition furtive, les invit\u00e9s se sont concentr\u00e9s de nouveau sur les questions pos\u00e9es par la pr\u00e9sentatrice.<\/p>\n<p>                        Ad\u00e8le Exarchopoulos recadre Yann Barth\u00e8s apr\u00e8s une question sur une sc\u00e8ne qu&rsquo;elle partage avec Gilles Lellouche<\/p>\n<p>Il y a quelques jours, c&rsquo;est sur le plateau de Quotidien qu&rsquo;Ad\u00e8le Exarchopoulos est apparue aux c\u00f4t\u00e9s de son ami, Gilles Lellouche.<a href=\"https:\/\/www.programme-tv.net\/news\/tv\/389333-mais-y-a-pas-hein-adele-exarchopoulos-recadre-yann-barthes-apres-une-bourde-sur-son-film-avec-gilles-lellouche-dans-quotidien\/\" data-api-deeplink=\"teleloisirs:\/\/news\/389333\" rel=\"nofollow noopener\" target=\"_blank\"> L&rsquo;actrice avait d&rsquo;ailleurs recadr\u00e9 Yann Barth\u00e8s<\/a> sur une question qui lui avait \u00e9t\u00e9 pos\u00e9e : \u00ab\u00a0Ad\u00e8le et Gilles, c&rsquo;est la premi\u00e8re fois que\u2026\u00a0\u00bb, avait lanc\u00e9 le pr\u00e9sentateur, mimant un baiser. \u00ab\u00a0Mais y&rsquo;a pas, hein !\u00a0\u00bb, avait-elle rectifi\u00e9, avant d&rsquo;expliquer : \u00ab\u00a0Il y a un bisou sur la joue, ce n&rsquo;est pas du tout une relation amoureuse ou ambigu\u00eb.\u00a0\u00bb.<\/p>\n","protected":false},"excerpt":{"rendered":"Ce lundi 13 octobre, Anne-\u00c9lisabeth Lemoine a accueilli Ad\u00e8le Exarchopoulos, Gilles Lellouche et C\u00e9dric Jimenez sur le plateau&hellip;\n","protected":false},"author":2,"featured_media":460818,"comment_status":"","ping_status":"","sticky":false,"template":"","format":"standard","meta":{"footnotes":""},"categories":[1356],"tags":[36267,4470,244,58,59,1011,27,4467,5684,28268,252,1364,1630],"class_list":{"0":"post-460817","1":"post","2":"type-post","3":"status-publish","4":"format-standard","5":"has-post-thumbnail","7":"category-television","8":"tag-adu00e8le-exarchopoulos","9":"tag-c-u00e0-vous","10":"tag-commentaire","11":"tag-divertissement","12":"tag-entertainment","13":"tag-fr","14":"tag-france","15":"tag-france-5","16":"tag-gilles-lellouche","17":"tag-raphau00ebl-quenard","18":"tag-television","19":"tag-tv","20":"tag-zapping"},"share_on_mastodon":{"url":"https:\/\/pubeurope.com\/@fr\/115369012470933221","error":""},"_links":{"self":[{"href":"https:\/\/www.europesays.com\/fr\/wp-json\/wp\/v2\/posts\/460817","targetHints":{"allow":["GET"]}}],"collection":[{"href":"https:\/\/www.europesays.com\/fr\/wp-json\/wp\/v2\/posts"}],"about":[{"href":"https:\/\/www.europesays.com\/fr\/wp-json\/wp\/v2\/types\/post"}],"author":[{"embeddable":true,"href":"https:\/\/www.europesays.com\/fr\/wp-json\/wp\/v2\/users\/2"}],"replies":[{"embeddable":true,"href":"https:\/\/www.europesays.com\/fr\/wp-json\/wp\/v2\/comments?post=460817"}],"version-history":[{"count":0,"href":"https:\/\/www.europesays.com\/fr\/wp-json\/wp\/v2\/posts\/460817\/revisions"}],"wp:featuredmedia":[{"embeddable":true,"href":"https:\/\/www.europesays.com\/fr\/wp-json\/wp\/v2\/media\/460818"}],"wp:attachment":[{"href":"https:\/\/www.europesays.com\/fr\/wp-json\/wp\/v2\/media?parent=460817"}],"wp:term":[{"taxonomy":"category","embeddable":true,"href":"https:\/\/www.europesays.com\/fr\/wp-json\/wp\/v2\/categories?post=460817"},{"taxonomy":"post_tag","embeddable":true,"href":"https:\/\/www.europesays.com\/fr\/wp-json\/wp\/v2\/tags?post=460817"}],"curies":[{"name":"wp","href":"https:\/\/api.w.org\/{rel}","templated":true}]}}