{"id":460821,"date":"2025-10-13T21:37:19","date_gmt":"2025-10-13T21:37:19","guid":{"rendered":"https:\/\/www.europesays.com\/fr\/460821\/"},"modified":"2025-10-13T21:37:19","modified_gmt":"2025-10-13T21:37:19","slug":"le-diable-shabille-en-prada-2006","status":"publish","type":"post","link":"https:\/\/www.europesays.com\/fr\/460821\/","title":{"rendered":"Le diable s&rsquo;habille en Prada (2006)"},"content":{"rendered":"<p id=\"descriptionPanel\" class=\"text-secondary mr-2 line-clamp-2 pr-2.5 overflow-visible\">Tout juste dipl\u00f4m\u00e9e, Andrea Sachs arrive \u00e0 New York et obtient un emploi de r\u00eave en travaillant dans le monde de la mode. Elle devient le bras droit de la terriblement c\u00e9l\u00e8bre Miranda Priestly, directrice du magazine Runway. H\u00e9las, devenir l&rsquo;assistante de la r\u00e9dactrice en chef d&rsquo;un prestigieux magazine de mode est loin d&rsquo;\u00eatre une sin\u00e9cure ! Corv\u00e9able \u00e0 merci, Andrea doit r\u00e9pondre au moindre d\u00e9sir de sa directrice et sa vie, aussi tr\u00e9pidante soit-elle, devient infernale&#8230;<\/p>\n<p>Afficher la version longue du r\u00e9sum\u00e9<a class=\"shrink-0\" href=\"https:\/\/www.tf1.fr\/tf1\/le-diable-shabille-en-prada\" target=\"_blank\" rel=\"noopener\"><img decoding=\"async\" src=\"https:\/\/www.europesays.com\/fr\/wp-content\/uploads\/2025\/10\/flux-program-card-portrait-1-862b8b-dadabc-cf182b-0@1x.jpg\" width=\"138\" height=\"184\" alt=\"\" loading=\"eager\" fetchpriority=\"auto\" class=\"rounded-3px aspect-[3\/4] h-24 w-auto\" aria-hidden=\"true\"\/><\/a><\/p>\n","protected":false},"excerpt":{"rendered":"Tout juste dipl\u00f4m\u00e9e, Andrea Sachs arrive \u00e0 New York et obtient un emploi de r\u00eave en travaillant dans&hellip;\n","protected":false},"author":2,"featured_media":460822,"comment_status":"","ping_status":"","sticky":false,"template":"","format":"standard","meta":{"footnotes":""},"categories":[1354],"tags":[58,59,2081,58529,58539,58543,58530,58540,58544,58536,58535,58528,1346,1011,27,58531,58532,1360,58537,58538,58541,58542,58533,58534],"class_list":{"0":"post-460821","1":"post","2":"type-post","3":"status-publish","4":"format-standard","5":"has-post-thumbnail","7":"category-films","8":"tag-divertissement","9":"tag-entertainment","10":"tag-film","11":"tag-film-le-diable-shabille-en-prada","12":"tag-film-le-diable-shabille-en-prada-streaming","13":"tag-film-le-diable-shabille-en-prada-streaming-gratuit","14":"tag-film-le-diable-shabille-en-prada-tf1","15":"tag-film-le-diable-shabille-en-prada-tf1-streaming","16":"tag-film-le-diable-shabille-en-prada-tf1-streaming-gratuit","17":"tag-film-le-diable-shabille-en-prada-tf1-video","18":"tag-film-le-diable-shabille-en-prada-video","19":"tag-film-tf1","20":"tag-films","21":"tag-fr","22":"tag-france","23":"tag-le-diable-shabille-en-prada-film","24":"tag-le-diable-shabille-en-prada-film-tf1","25":"tag-movies","26":"tag-streaming-film-le-diable-shabille-en-prada","27":"tag-streaming-film-le-diable-shabille-en-prada-tf1","28":"tag-streaming-gratuit-film-le-diable-shabille-en-prada","29":"tag-streaming-gratuit-film-le-diable-shabille-en-prada-tf1","30":"tag-video-film-le-diable-shabille-en-prada","31":"tag-video-film-le-diable-shabille-en-prada-tf1"},"share_on_mastodon":{"url":"","error":"Validation failed: Text character limit of 500 exceeded"},"_links":{"self":[{"href":"https:\/\/www.europesays.com\/fr\/wp-json\/wp\/v2\/posts\/460821","targetHints":{"allow":["GET"]}}],"collection":[{"href":"https:\/\/www.europesays.com\/fr\/wp-json\/wp\/v2\/posts"}],"about":[{"href":"https:\/\/www.europesays.com\/fr\/wp-json\/wp\/v2\/types\/post"}],"author":[{"embeddable":true,"href":"https:\/\/www.europesays.com\/fr\/wp-json\/wp\/v2\/users\/2"}],"replies":[{"embeddable":true,"href":"https:\/\/www.europesays.com\/fr\/wp-json\/wp\/v2\/comments?post=460821"}],"version-history":[{"count":0,"href":"https:\/\/www.europesays.com\/fr\/wp-json\/wp\/v2\/posts\/460821\/revisions"}],"wp:featuredmedia":[{"embeddable":true,"href":"https:\/\/www.europesays.com\/fr\/wp-json\/wp\/v2\/media\/460822"}],"wp:attachment":[{"href":"https:\/\/www.europesays.com\/fr\/wp-json\/wp\/v2\/media?parent=460821"}],"wp:term":[{"taxonomy":"category","embeddable":true,"href":"https:\/\/www.europesays.com\/fr\/wp-json\/wp\/v2\/categories?post=460821"},{"taxonomy":"post_tag","embeddable":true,"href":"https:\/\/www.europesays.com\/fr\/wp-json\/wp\/v2\/tags?post=460821"}],"curies":[{"name":"wp","href":"https:\/\/api.w.org\/{rel}","templated":true}]}}