{"id":460823,"date":"2025-10-13T21:38:10","date_gmt":"2025-10-13T21:38:10","guid":{"rendered":"https:\/\/www.europesays.com\/fr\/460823\/"},"modified":"2025-10-13T21:38:10","modified_gmt":"2025-10-13T21:38:10","slug":"les-enjeux-cruciaux-de-la-campagne-vaccinale-qui-debute-ce-mardi","status":"publish","type":"post","link":"https:\/\/www.europesays.com\/fr\/460823\/","title":{"rendered":"les enjeux cruciaux de la campagne vaccinale qui d\u00e9bute ce mardi"},"content":{"rendered":"<p>\n    <strong>D\u00c9CRYPTAGE &#8211; <\/strong>Les autorit\u00e9s de sant\u00e9 misent sur une strat\u00e9gie simplifi\u00e9e et des vaccins plus performants pour renforcer la protection des personnes \u00e2g\u00e9es et vuln\u00e9rables. L\u2019hiver dernier, la grippe avait fait plus de 17.000\u00a0morts.<\/p>\n<p class=\"fig-paragraph\">\u00ab\u00a0L\u2019hiver dernier, nous avons connu une \u00e9pid\u00e9mie de grippe historiquement s\u00e9v\u00e8re, tant en termes d\u2019hospitalisations que de d\u00e9c\u00e8s\u00a0\u00bb, explique le Dr\u00a0Antonin Bal, directeur adjoint du Centre national de r\u00e9f\u00e9rence des virus respiratoires (CNR), \u00e0 aux\u00a0<a href=\"https:\/\/video.lefigaro.fr\/figaro\/faits-divers\/les-hospices-civils-de-lyon-creent-une-filiere-de-prise-en-charge-de-laddiction-au-protoxyde-dazote-20241113\" data-fig-type=\"Video\" data-gtm-custom-categorie=\"navigation\" data-gtm-custom-action=\"crossclick\" data-gtm-custom-label=\"Contextuel\" data-gtm-event=\"customEventSPE\" data-fig-domain=\"LEFIGARO\" target=\"_blank\" rel=\"noopener\">Hospices Civils de Lyon<\/a>. Selon les estimations de Sant\u00e9 publique France, le virus aurait provoqu\u00e9 la mort de 17.600\u00a0personnes, dont 92\u00a0% avaient plus de 65\u00a0ans. La saison 2025-2026 sera donc plac\u00e9e sous haute vigilance. L\u2019objectif est de limiter la propagation du virus au maximum \u00e0 travers une campagne efficace de vaccination combin\u00e9e\u00a0<a href=\"https:\/\/sante.lefigaro.fr\/sante\/maladie\/grippe\/quelles-differences-entre-grippes-b\" target=\"_blank\" data-fig-type=\"Keyword\" rel=\"nofollow noopener\" data-gtm-custom-categorie=\"navigation\" data-gtm-custom-action=\"crossclick\" data-gtm-custom-label=\"Contextuel\" data-gtm-event=\"customEventSPE\" data-fig-domain=\"SANTE\">grippe<\/a>\u00a0et\u00a0<a href=\"http:\/\/sante.lefigaro.fr\/medecine\/un-nouveau-variant-du-covid-ce-que-l-on-sait-du-virus-frankenstein-qui-echappe-au-systeme-immunitaire-20250926\" data-fig-type=\"Article\" data-gtm-custom-categorie=\"navigation\" data-gtm-custom-action=\"crossclick\" data-gtm-custom-label=\"Contextuel\" data-gtm-event=\"customEventSPE\" data-fig-domain=\"SANTE\" target=\"_blank\" rel=\"noopener\">Covid<\/a>, qui d\u00e9marre ce mardi.<\/p>\n<p class=\"fig-paragraph\">La vaccination est fortement recommand\u00e9e\u00a0<a href=\"http:\/\/sante.lefigaro.fr\/medecine\/grippe-pourquoi-devient-elle-si-dangereuse-apres-65-ans-20250914\" data-fig-type=\"Article\" data-gtm-custom-categorie=\"navigation\" data-gtm-custom-action=\"crossclick\" data-gtm-custom-label=\"Contextuel\" data-gtm-event=\"customEventSPE\" data-fig-domain=\"SANTE\" target=\"_blank\" rel=\"noopener\">pour les seniors (plus de 65\u00a0ans)<\/a>, les personnes atteintes de maladies chroniques, les femmes enceintes ainsi que les professionnels de sant\u00e9 et l\u2019entourage des personnes fragiles. \u00ab\u00a0La vaccination n\u2019a pas pour but d\u2019emp\u00eacher toute infection, mais de pr\u00e9venirles formes graves\u00a0\u00bb, rappelle le Dr\u00a0Antonin Bal. \u00ab\u00a0C\u2019est pour cela qu\u2019elle est recommand\u00e9e \u00e0 toutes les personnes \u00e0 risque. C\u2019est un geste de pr\u00e9vention avant tout.\u00a0\u00bb<\/p>\n<p>                                    <a class=\"fig-a11y-skip a11y-hidden\" href=\"#fig-a11y-skip-main-inarticle\"><br \/>\n        Passer la publicit\u00e9<br \/>\n    <\/a><\/p>\n<p class=\"fig-paragraph\">Comme chaque ann\u00e9e, 19\u00a0millions de bons de prise en charge ont \u00e9t\u00e9 envoy\u00e9s, avant le d\u00e9but de la campagne de vaccination, par l\u2019Assurance-maladie. Ce bon garantit une prise en charge \u00e0 100\u00a0% du vaccin et de l\u2019injection. Les b\u00e9n\u00e9ficiaires peuvent alors se faire vacciner directement en pharmacie, chez leur m\u00e9decin, leur infirmier ou bien leur sage-femme. Les deux vaccins,\u00a0grippe\u00a0et\u00a0Covid, peuvent \u00eatre administr\u00e9s le m\u00eame jour, et sans d\u00e9lai \u00e0 respecter entre les deux piq\u00fbres, en deux points d\u2019injections diff\u00e9rents (un sur chaque bras, par exemple). Pour les plus de 17\u00a0ans qui ne sont pas consid\u00e9r\u00e9s \u00e0 risque, le vaccin co\u00fbte entre 10 et 13\u00a0euros. Il est n\u00e9anmoins rembours\u00e9 s\u2019il est prescrit par votre m\u00e9decin. Il est en outre souvent possible de se faire vacciner gratuitement sur son lieu de travail.<\/p>\n<p>Deux nouveaux vaccins antigrippaux<\/p>\n<p class=\"fig-paragraph\">La principale nouveaut\u00e9 cette ann\u00e9e r\u00e9side dans l\u2019introduction de deux vaccins antigrippaux sp\u00e9cifiques pour les plus de 65\u00a0ans\u00a0: Efluelda (Sanofi) et Fluad (CSL Seqirus). Le premier d\u00e9livre une dose avec quatre fois plus d\u2019antig\u00e8nes viraux, par rapport \u00e0 un vaccin standard, tandis que le second contient un adjuvant immunostimulant (MF59), destin\u00e9 \u00e0 renforcer la r\u00e9ponse immunitaire. \u00ab\u00a0Ces vaccins permettent une meilleure stimulation du syst\u00e8me immunitaire chez les seniors, dont la r\u00e9ponse vaccinale est naturellement diminu\u00e9e\u00a0\u00bb, explique le Dr\u00a0Antonin Bal.<\/p>\n<p class=\"fig-paragraph\">D\u2019autres vaccins, plus classiques, Vaxigrip, Influvac et Flucelvax, seront, eux, utilis\u00e9s pour le reste de la population. L\u2019autre \u00e9volution de cette campagne r\u00e9side dans le retour des vaccins trivalents. Cette ann\u00e9e, les vaccins prot\u00e8gent contre trois souches de virus grippaux (A\/H1N1, A\/H3N2 et B\/Victoria). La quatri\u00e8me souche (B\/Yamagata) a disparu de la circulation depuis 2020, rendant inutile la formule quadrivalente utilis\u00e9e auparavant.<\/p>\n<p class=\"fig-paragraph\">Du c\u00f4t\u00e9 du Covid-19, c\u2019est le vaccin monovalent Comirnaty qui a \u00e9t\u00e9 privil\u00e9gi\u00e9 et qui devrait conserver son efficacit\u00e9 contre le dernier variant XFG surveill\u00e9 gr\u00e2ce au s\u00e9quen\u00e7age des pr\u00e9l\u00e8vements positifs (surnomm\u00e9 de mani\u00e8re officieuse Frankenstein). \u00ab\u00a0Le vaccin disponible cette saison est proche antig\u00e9niquement du variant XFG, on s\u2019attend donc \u00e0 une bonne protection, en particulier contre les formes s\u00e9v\u00e8res\u00a0\u00bb, explique le virologue. En tout, 14\u00a0millions de doses de vaccins antigrippaux et 12\u00a0millions de doses contre le Covid sont pr\u00e9vues pour cette saison.<\/p>\n<p>Relancer la dynamique vaccinale<\/p>\n<p class=\"fig-paragraph\">L\u2019enjeu de cette campagne reste d\u2019enrayer la baisse de la couverture vaccinale. L\u2019hiver dernier, seules 46,5\u00a0% des personnes \u00e0 risque avaient re\u00e7u le vaccin contre la grippe et 21,7\u00a0% des plus de 65\u00a0ans celui contre le Covid. Pourtant, 80\u00a0% des seniors se d\u00e9clarent favorables \u00e0 la vaccination. \u00ab\u00a0L\u2019objectif est d\u2019atteindre les recommandations de\u00a0<a href=\"http:\/\/sante.lefigaro.fr\/des-resultats-profondement-preoccupants-l-oms-alerte-contre-la-propagation-de-superbacteries-resistantes-aux-antibiotiques-20251013\" data-fig-type=\"NewsFlash\" data-gtm-custom-categorie=\"navigation\" data-gtm-custom-action=\"crossclick\" data-gtm-custom-label=\"Contextuel\" data-gtm-event=\"customEventSPE\" data-fig-domain=\"SANTE\" target=\"_blank\" rel=\"noopener\">l\u2019OMS<\/a> , qui vise une couverture vaccinale de 75\u00a0% pour les populations les plus \u00e0 risque, explique le Dr\u00a0Antonin Bal. Il y a une vraie marge de progression.\u00a0\u00bb<\/p>\n<p>                                    <a class=\"fig-a11y-skip a11y-hidden\" href=\"#fig-a11y-skip-main-inarticle_mtf\"><br \/>\n        Passer la publicit\u00e9<br \/>\n    <\/a><\/p>\n<p class=\"fig-paragraph\">Pour renforcer la couverture vaccinale, l\u2019Assurance-maladie mise vers plus de communication avec une campagne nationale, \u00e0 la t\u00e9l\u00e9vision, mais aussi \u00e0 travers les r\u00e9seaux sociaux pour aller chercher un public plus jeune. \u00ab\u00a0La confiance des Fran\u00e7ais dans la vaccination repose sur la clart\u00e9 et la coh\u00e9rence de nos messages\u00a0\u00bb, a r\u00e9sum\u00e9 le Pr\u00a0Didier Lepelletier, directeur g\u00e9n\u00e9ral de la sant\u00e9, lors d\u2019un point presse. \u00ab\u00a0La vaccination ne vise pas \u00e0 \u00e9viter toute contamination, mais \u00e0 pr\u00e9venir les formes graves chez les personnes \u00e0 risque, insiste le Dr\u00a0Antonin Bal. Se prot\u00e9ger, c\u2019est aussi prot\u00e9ger les autres, c\u2019est une responsabilit\u00e9 collective.\u00a0\u00bb<\/p>\n","protected":false},"excerpt":{"rendered":"D\u00c9CRYPTAGE &#8211; Les autorit\u00e9s de sant\u00e9 misent sur une strat\u00e9gie simplifi\u00e9e et des vaccins plus performants pour renforcer&hellip;\n","protected":false},"author":2,"featured_media":460824,"comment_status":"","ping_status":"","sticky":false,"template":"","format":"standard","meta":{"footnotes":""},"categories":[10],"tags":[4357,1011,27,29786,72,71,773],"class_list":{"0":"post-460823","1":"post","2":"type-post","3":"status-publish","4":"format-standard","5":"has-post-thumbnail","7":"category-sante","8":"tag-covid-19","9":"tag-fr","10":"tag-france","11":"tag-grippe","12":"tag-health","13":"tag-sante","14":"tag-vaccin"},"share_on_mastodon":{"url":"https:\/\/pubeurope.com\/@fr\/115369024261983614","error":""},"_links":{"self":[{"href":"https:\/\/www.europesays.com\/fr\/wp-json\/wp\/v2\/posts\/460823","targetHints":{"allow":["GET"]}}],"collection":[{"href":"https:\/\/www.europesays.com\/fr\/wp-json\/wp\/v2\/posts"}],"about":[{"href":"https:\/\/www.europesays.com\/fr\/wp-json\/wp\/v2\/types\/post"}],"author":[{"embeddable":true,"href":"https:\/\/www.europesays.com\/fr\/wp-json\/wp\/v2\/users\/2"}],"replies":[{"embeddable":true,"href":"https:\/\/www.europesays.com\/fr\/wp-json\/wp\/v2\/comments?post=460823"}],"version-history":[{"count":0,"href":"https:\/\/www.europesays.com\/fr\/wp-json\/wp\/v2\/posts\/460823\/revisions"}],"wp:featuredmedia":[{"embeddable":true,"href":"https:\/\/www.europesays.com\/fr\/wp-json\/wp\/v2\/media\/460824"}],"wp:attachment":[{"href":"https:\/\/www.europesays.com\/fr\/wp-json\/wp\/v2\/media?parent=460823"}],"wp:term":[{"taxonomy":"category","embeddable":true,"href":"https:\/\/www.europesays.com\/fr\/wp-json\/wp\/v2\/categories?post=460823"},{"taxonomy":"post_tag","embeddable":true,"href":"https:\/\/www.europesays.com\/fr\/wp-json\/wp\/v2\/tags?post=460823"}],"curies":[{"name":"wp","href":"https:\/\/api.w.org\/{rel}","templated":true}]}}