{"id":460827,"date":"2025-10-13T21:40:12","date_gmt":"2025-10-13T21:40:12","guid":{"rendered":"https:\/\/www.europesays.com\/fr\/460827\/"},"modified":"2025-10-13T21:40:12","modified_gmt":"2025-10-13T21:40:12","slug":"florent-pagny-transparent-sur-sa-greffe-capillaire-a-7-euros-je-terminerai-sans-cheveu","status":"publish","type":"post","link":"https:\/\/www.europesays.com\/fr\/460827\/","title":{"rendered":"Florent Pagny transparent sur sa greffe capillaire \u00e0 \u00ab\u00a07 euros&#8230;\u00a0\u00bb : \u00ab\u00a0Je terminerai sans cheveu\u00a0\u00bb"},"content":{"rendered":"<p>Les stars fran\u00e7aises cultivent souvent une image impeccable<br \/>\ndevant les cam\u00e9ras et les projecteurs omnipr\u00e9sents. Pourtant,<br \/>\ncertaines personnalit\u00e9s osent briser ce vernis de perfection en<br \/>\nd\u00e9voilant leurs petits secrets. <strong>Florent Pagny<\/strong><br \/>\nincarne justement cette transparence assum\u00e9e qui s\u00e9duit autant<br \/>\nqu\u00a0\u00bbelle d\u00e9stabilise le public fran\u00e7ais.<\/p>\n<p>Dans l&rsquo;\u00e9mission Legend diffus\u00e9e r\u00e9cemment sur Youtube,<br \/>\n<strong>Florent Pagny<\/strong> livre des confessions inattendues<br \/>\nsur sa calvitie naissante. L&rsquo;artiste \u00e9voque notamment ses trois<br \/>\n<strong>greffes capillaires<\/strong> r\u00e9alis\u00e9es en France et son<br \/>\nchoix d\u00e9finitif d&rsquo;arr\u00eater. Toutefois, l&rsquo;interpr\u00e8te de Savoir Aimer<br \/>\naborde \u00e9galement d&rsquo;autres sujets br\u00fblants qui r\u00e9v\u00e8lent sa<br \/>\npersonnalit\u00e9 sans concession.<\/p>\n<p>Florent Pagny r\u00e8gle ses comptes avec Olivia Ruiz et Julien<br \/>\nDor\u00e9<\/p>\n<p><strong>Florent Pagny<\/strong> <a href=\"https:\/\/www.melty.fr\/people\/cette-gamine-je-ne-laime-pas-florent-pagny-regle-ses-comptes-avec-olivia-ruiz-2267190.html\" target=\"_blank\" rel=\"noopener\"><br \/>\nne m\u00e2che jamais ses mots lorsqu&rsquo;il \u00e9voque certains artistes<\/a> de<br \/>\nla nouvelle g\u00e9n\u00e9ration fran\u00e7aise. Lors du lancement de la sixi\u00e8me<br \/>\nsaison de <strong>The Voice<\/strong>, l&rsquo;interpr\u00e8te a d&rsquo;ailleurs<br \/>\nclairement exprim\u00e9 son agacement. \u00ab J&rsquo;ai crois\u00e9 Matt Pokora sur<br \/>\nles plateaux et contrairement \u00e0 Olivia Ruiz ou Julien Dor\u00e9, il<br \/>\nreste poli \u00bb, a confi\u00e9 <strong>Florent Pagny<\/strong> sans<br \/>\nd\u00e9tour. Cette pique directe t\u00e9moigne effectivement d&rsquo;un contentieux<br \/>\nqui remonte \u00e0 plusieurs ann\u00e9es de fr\u00e9quentations professionnelles<br \/>\ndifficiles.<\/p>\n<p>Face \u00e0 Philippe Vandel, <strong>Florent Pagny<\/strong> a ensuite<br \/>\nenfonc\u00e9 le clou concernant son ancienne prot\u00e9g\u00e9e de <strong>Star<br \/>\nAcademy<\/strong>. \u00ab Cette gamine \u00e9vite syst\u00e9matiquement de me<br \/>\ncroiser sur les plateaux et refuse de me saluer \u00bb, a d\u00e9clar\u00e9<br \/>\nl&rsquo;artiste. Dans l&rsquo;\u00e9mission Th\u00e9 ou Caf\u00e9, <strong>Florent<br \/>\nPagny<\/strong> a m\u00eame l\u00e2ch\u00e9 cette phrase cinglante d\u00e9finitive :<br \/>\n\u00ab Je ne l&rsquo;aime pas, mais elle me le rend bien, c&rsquo;est elle qui a<br \/>\ncommenc\u00e9 d&rsquo;ailleurs. \u00bb <strong>Olivia Ruiz<\/strong> a<br \/>\nn\u00e9anmoins r\u00e9pondu avec \u00e9motion en 2017 : \u00ab Florent Pagny<br \/>\ns&rsquo;acharne vraiment sur mon dos, c&rsquo;est douloureux quoi. \u00bb Par<br \/>\nailleurs, <strong>Julien Dor\u00e9<\/strong> n&rsquo;\u00e9chappe pas aux critiques<br \/>\nacerbes du chanteur qui le qualifie de \u00ab mec pas sympa de chez<br \/>\npas sympa. \u00bb Ces tensions r\u00e9v\u00e8lent ainsi une facette moins<br \/>\nconsensuelle de <strong>Florent Pagny<\/strong> qui n&rsquo;h\u00e9site jamais<br \/>\n\u00e0 exprimer publiquement ses antipathies personnelles.<\/p>\n<p>Une provocation assum\u00e9e dans les couloirs de l&rsquo;\u00c9lys\u00e9e sous<br \/>\nChirac<\/p>\n<p><strong>Florent Pagny<\/strong> <a href=\"https:\/\/www.melty.fr\/people\/invite-a-lelysee-florent-pagny-avoue-y-avoir-consomme-de-la-drogue-cetait-un-truc-de-gamin-2268536.html\" target=\"_blank\" rel=\"noopener\"><br \/>\na \u00e9galement d\u00e9voil\u00e9 une anecdote surprenante<\/a> concernant sa<br \/>\nconsommation de <strong>cannabis<\/strong> au palais pr\u00e9sidentiel.<br \/>\nInvit\u00e9 dans l&rsquo;\u00e9mission Legend de Guillaume Pley, l&rsquo;artiste a<br \/>\nracont\u00e9 avoir fum\u00e9 un joint dans les couloirs. \u00ab J&rsquo;\u00e9tais un<br \/>\nvrai fumeur partout et ce c\u00f4t\u00e9 provocation me plaisait \u00e9norm\u00e9ment \u00e0<br \/>\nl&rsquo;\u00e9poque \u00bb, a expliqu\u00e9 <strong>Florent Pagny<\/strong>. Cette<br \/>\nconfession audacieuse remonte effectivement \u00e0 un d\u00e9jeuner organis\u00e9<br \/>\npour l&rsquo;anniversaire de <strong>Charles Aznavour<\/strong> sous<br \/>\nJacques Chirac.<\/p>\n<p>L&rsquo;interpr\u00e8te de Caruso justifie alors son geste avec une logique<br \/>\nd\u00e9concertante, mais assum\u00e9e sans ambigu\u00eft\u00e9 aucune. \u00ab Cet<br \/>\nendroit reste pay\u00e9 par le contribuable et j&rsquo;en suis un donc je me<br \/>\nsens \u00e0 la maison \u00bb, a lanc\u00e9 <strong>Florent Pagny<\/strong>. Il<br \/>\najoute par ailleurs avec ironie : \u00ab Les huissiers ont senti et<br \/>\nse sont dit qu&rsquo;il fallait me blacklister d\u00e9finitivement. \u00bb<br \/>\nCette provocation lui vaut d&rsquo;ailleurs trente ans d&rsquo;absence avant<br \/>\nune nouvelle invitation \u00e0 l&rsquo;<strong>\u00c9lys\u00e9e<\/strong> par la suite.<br \/>\n<strong>Florent Pagny<\/strong> reconna\u00eet aujourd&rsquo;hui qu&rsquo;il<br \/>\ns&rsquo;agissait d&rsquo;un \u00ab truc de gamin \u00bb mais ne regrette<br \/>\nmanifestement pas cette transgression symbolique. D&rsquo;autant plus que<br \/>\nl&rsquo;artiste a \u00e9galement connu des d\u00e9m\u00eal\u00e9s judiciaires pour<br \/>\n<strong>fraude fiscale<\/strong> dans les ann\u00e9es 2000. N\u00e9anmoins,<br \/>\nces r\u00e9v\u00e9lations pr\u00e9parent le terrain pour des confessions plus<br \/>\nintimes concernant son apparence physique actuelle.<\/p>\n<p>Florent Pagny transparent sur ses trois<br \/>\ngreffes capillaires et son avenir chauve<\/p>\n<p><strong>Florent Pagny<\/strong> aborde d\u00e9sormais frontalement la<br \/>\nquestion d\u00e9licate de sa <strong>calvitie<\/strong> progressive et<br \/>\ndes solutions envisag\u00e9es courageusement. Dans l&rsquo;\u00e9dition de Legend<br \/>\ndiffus\u00e9e le 12 octobre 2025, l&rsquo;artiste r\u00e9v\u00e8le avoir r\u00e9alis\u00e9 trois<br \/>\n<strong>implants capillaires<\/strong>. \u00ab J&rsquo;ai pu avoir des<br \/>\ncheveux tr\u00e8s longs gr\u00e2ce \u00e0 des implants qui ont super bien march\u00e9<br \/>\n\u00bb, confie <strong>Florent Pagny<\/strong>. Un ami lui a<br \/>\nd&rsquo;ailleurs recommand\u00e9 cette technique r\u00e9volutionnaire qui pr\u00e9l\u00e8ve<br \/>\nles cheveux \u00e0 l&rsquo;arri\u00e8re du cr\u00e2ne. La m\u00e9thode co\u00fbte n\u00e9anmoins une<br \/>\npetite fortune selon les explications d\u00e9taill\u00e9es fournies par<br \/>\nl&rsquo;interpr\u00e8te de Ma Libert\u00e9.<\/p>\n<p>\u00ab En Turquie, \u00e7a co\u00fbte un euro le cheveu, mais en France \u00e7a<br \/>\nvalait sept euros le cheveu \u00bb, compare <strong>Florent<br \/>\nPagny<\/strong>. Il justifie toutefois son choix hexagonal en<br \/>\n\u00e9voquant les r\u00e9sultats d\u00e9cevants obtenus par certains patients en<br \/>\n<strong>Turquie<\/strong>. Malgr\u00e9 trois interventions r\u00e9ussies,<br \/>\n<strong>Florent Pagny<\/strong> annonce aujourd&rsquo;hui qu&rsquo;il met un<br \/>\nterme d\u00e9finitif \u00e0 ces <strong>greffes<\/strong> on\u00e9reuses. \u00ab \u00c0<br \/>\nun moment, tu dois t&rsquo;arr\u00eater parce que \u00e7a peut ab\u00eemer les cheveux<br \/>\nexistants et les nouveaux \u00bb, explique-t-il. L&rsquo;artiste conclut<br \/>\nfinalement avec philosophie et r\u00e9signation : \u00ab Je terminerai<br \/>\nsans cheveu ce n&rsquo;est pas tr\u00e8s grave finalement. \u00bb Cette<br \/>\nacceptation sereine de son apparence future t\u00e9moigne effectivement<br \/>\nd&rsquo;une nouvelle maturit\u00e9 chez <strong>Florent Pagny<\/strong> qui a<br \/>\nlongtemps multipli\u00e9 les looks capillaires vari\u00e9s au fil de sa<br \/>\ncarri\u00e8re musicale impressionnante et riche.<\/p>\n","protected":false},"excerpt":{"rendered":"Les stars fran\u00e7aises cultivent souvent une image impeccable devant les cam\u00e9ras et les projecteurs omnipr\u00e9sents. Pourtant, certaines personnalit\u00e9s&hellip;\n","protected":false},"author":2,"featured_media":460828,"comment_status":"","ping_status":"","sticky":false,"template":"","format":"standard","meta":{"footnotes":""},"categories":[8],"tags":[58,59,3109,1011,27],"class_list":{"0":"post-460827","1":"post","2":"type-post","3":"status-publish","4":"format-standard","5":"has-post-thumbnail","7":"category-divertissement","8":"tag-divertissement","9":"tag-entertainment","10":"tag-florent-pagny","11":"tag-fr","12":"tag-france"},"share_on_mastodon":{"url":"https:\/\/pubeurope.com\/@fr\/115369032371060306","error":""},"_links":{"self":[{"href":"https:\/\/www.europesays.com\/fr\/wp-json\/wp\/v2\/posts\/460827","targetHints":{"allow":["GET"]}}],"collection":[{"href":"https:\/\/www.europesays.com\/fr\/wp-json\/wp\/v2\/posts"}],"about":[{"href":"https:\/\/www.europesays.com\/fr\/wp-json\/wp\/v2\/types\/post"}],"author":[{"embeddable":true,"href":"https:\/\/www.europesays.com\/fr\/wp-json\/wp\/v2\/users\/2"}],"replies":[{"embeddable":true,"href":"https:\/\/www.europesays.com\/fr\/wp-json\/wp\/v2\/comments?post=460827"}],"version-history":[{"count":0,"href":"https:\/\/www.europesays.com\/fr\/wp-json\/wp\/v2\/posts\/460827\/revisions"}],"wp:featuredmedia":[{"embeddable":true,"href":"https:\/\/www.europesays.com\/fr\/wp-json\/wp\/v2\/media\/460828"}],"wp:attachment":[{"href":"https:\/\/www.europesays.com\/fr\/wp-json\/wp\/v2\/media?parent=460827"}],"wp:term":[{"taxonomy":"category","embeddable":true,"href":"https:\/\/www.europesays.com\/fr\/wp-json\/wp\/v2\/categories?post=460827"},{"taxonomy":"post_tag","embeddable":true,"href":"https:\/\/www.europesays.com\/fr\/wp-json\/wp\/v2\/tags?post=460827"}],"curies":[{"name":"wp","href":"https:\/\/api.w.org\/{rel}","templated":true}]}}