{"id":460831,"date":"2025-10-13T21:42:11","date_gmt":"2025-10-13T21:42:11","guid":{"rendered":"https:\/\/www.europesays.com\/fr\/460831\/"},"modified":"2025-10-13T21:42:11","modified_gmt":"2025-10-13T21:42:11","slug":"les-faillites-en-france-touchent-de-plus-en-plus-de-grandes-entreprises","status":"publish","type":"post","link":"https:\/\/www.europesays.com\/fr\/460831\/","title":{"rendered":"Les faillites en France touchent de plus en plus de grandes entreprises"},"content":{"rendered":"<p>\n    L\u2019AGS, qui garantit le paiement des salaires dans les soci\u00e9t\u00e9s en difficult\u00e9 a vers\u00e9 1,7\u00a0milliard d\u2019euros depuis le d\u00e9but de l\u2019ann\u00e9e, une somme en hausse de 5,7\u00a0%.<\/p>\n<p class=\"fig-paragraph\">Depuis le d\u00e9but de l\u2019ann\u00e9e, l\u2019Association pour la gestion du r\u00e9gime de garantie des cr\u00e9ances des salari\u00e9s (AGS) a d\u00e9bours\u00e9 1,7\u00a0milliard d\u2019euros pour venir en aide aux salari\u00e9s d\u2019entreprises en difficult\u00e9, principalement dans les TPE. Ce chiffre, toujours extr\u00eamement haut, est le reflet direct d\u2019une tendance pr\u00e9occupante\u00a0:\u00a0<a href=\"http:\/\/www.lefigaro.fr\/conjoncture\/69-000-defaillances-d-entreprises-attendues-cette-annee-une-progression-en-nette-deceleration-20250923\" data-fig-type=\"NewsFlash\" data-gtm-custom-categorie=\"navigation\" data-gtm-custom-action=\"crossclick\" data-gtm-custom-label=\"Contextuel\" data-gtm-event=\"customEventSPE\" data-fig-domain=\"LEFIGARO\" target=\"_blank\" rel=\"noopener\">celle de la hausse continue des d\u00e9faillances, qui pourrait atteindre la barre des 69.000 d\u2019ici la fin de l\u2019ann\u00e9e<\/a>. Le nombre d\u2019affaires ouvertes aupr\u00e8s de cet organisme, qui a la charge de garantir le paiement des salaires, pr\u00e9avis et autres indemnit\u00e9s de rupture dus aux employ\u00e9s en cas de faillite, a augment\u00e9 de 5,7\u00a0% au troisi\u00e8me trimestre. Si le nombre de salari\u00e9s b\u00e9n\u00e9ficiaires recule un petit peu sur la p\u00e9riode, le montant moyen des avances, lui, augmente fortement, \u00ab\u00a0traduisant des situations \u00e9conomiques plus lourdes et plus complexes\u00a0\u00bb, indique l\u2019AGS.<\/p>\n<p class=\"fig-paragraph\">Cette affirmation est particuli\u00e8rement vraie dans le secteur de l\u2019industrie, le premier en nombre de salari\u00e9s accompagn\u00e9s, mais \u00e9galement en montant d\u2019avances. Notamment parce que les faillites dans ce secteur touchent de plus en plus\u00a0<a href=\"http:\/\/www.lefigaro.fr\/conjoncture\/les-defaillances-de-pme-et-d-eti-bondissent-20240613\" data-fig-type=\"Article\" data-gtm-custom-categorie=\"navigation\" data-gtm-custom-action=\"crossclick\" data-gtm-custom-label=\"Contextuel\" data-gtm-event=\"customEventSPE\" data-fig-domain=\"LEFIGARO\" target=\"_blank\" rel=\"noopener\">d\u2019entreprises de grande taille<\/a>, o\u00f9 le salaire m\u00e9dian est l\u00e9g\u00e8rement sup\u00e9rieur \u00e0 la moyenne. \u00ab\u00a0En 2024 et 2025, la France a ferm\u00e9 davantage d\u2019usines qu\u2019elle n\u2019en a ouvert, et les proc\u00e9dures collectives d\u2019entreprises industrielles de plus de 50\u00a0salari\u00e9s ont bondi de 75\u00a0%\u00a0\u00bb, pr\u00e9cise Antonin Blanckaert, directeur g\u00e9n\u00e9ral de l\u2019AGS.<\/p>\n","protected":false},"excerpt":{"rendered":"L\u2019AGS, qui garantit le paiement des salaires dans les soci\u00e9t\u00e9s en difficult\u00e9 a vers\u00e9 1,7\u00a0milliard d\u2019euros depuis le&hellip;\n","protected":false},"author":2,"featured_media":460832,"comment_status":"","ping_status":"","sticky":false,"template":"","format":"standard","meta":{"footnotes":""},"categories":[6],"tags":[35,33,34,38209,1011,27],"class_list":{"0":"post-460831","1":"post","2":"type-post","3":"status-publish","4":"format-standard","5":"has-post-thumbnail","7":"category-economie","8":"tag-business","9":"tag-economie","10":"tag-economy","11":"tag-faillites","12":"tag-fr","13":"tag-france"},"share_on_mastodon":{"url":"https:\/\/pubeurope.com\/@fr\/115369040764182087","error":""},"_links":{"self":[{"href":"https:\/\/www.europesays.com\/fr\/wp-json\/wp\/v2\/posts\/460831","targetHints":{"allow":["GET"]}}],"collection":[{"href":"https:\/\/www.europesays.com\/fr\/wp-json\/wp\/v2\/posts"}],"about":[{"href":"https:\/\/www.europesays.com\/fr\/wp-json\/wp\/v2\/types\/post"}],"author":[{"embeddable":true,"href":"https:\/\/www.europesays.com\/fr\/wp-json\/wp\/v2\/users\/2"}],"replies":[{"embeddable":true,"href":"https:\/\/www.europesays.com\/fr\/wp-json\/wp\/v2\/comments?post=460831"}],"version-history":[{"count":0,"href":"https:\/\/www.europesays.com\/fr\/wp-json\/wp\/v2\/posts\/460831\/revisions"}],"wp:featuredmedia":[{"embeddable":true,"href":"https:\/\/www.europesays.com\/fr\/wp-json\/wp\/v2\/media\/460832"}],"wp:attachment":[{"href":"https:\/\/www.europesays.com\/fr\/wp-json\/wp\/v2\/media?parent=460831"}],"wp:term":[{"taxonomy":"category","embeddable":true,"href":"https:\/\/www.europesays.com\/fr\/wp-json\/wp\/v2\/categories?post=460831"},{"taxonomy":"post_tag","embeddable":true,"href":"https:\/\/www.europesays.com\/fr\/wp-json\/wp\/v2\/tags?post=460831"}],"curies":[{"name":"wp","href":"https:\/\/api.w.org\/{rel}","templated":true}]}}