{"id":460833,"date":"2025-10-13T21:43:10","date_gmt":"2025-10-13T21:43:10","guid":{"rendered":"https:\/\/www.europesays.com\/fr\/460833\/"},"modified":"2025-10-13T21:43:10","modified_gmt":"2025-10-13T21:43:10","slug":"en-exil-dans-un-lieu-sur-le-president-dit-avoir-ete-victime-dune-tentative-de-meurtre","status":"publish","type":"post","link":"https:\/\/www.europesays.com\/fr\/460833\/","title":{"rendered":"en exil \u00abdans un lieu s\u00fbr\u00bb, le pr\u00e9sident dit avoir \u00e9t\u00e9 victime d\u2019une \u00abtentative de meurtre\u00bb"},"content":{"rendered":"<p>\n    Andry Rajoelina a \u00e9t\u00e9 contraint de fuir le pays lundi apr\u00e8s le ralliement de militaires aux manifestants contestant le pouvoir au cours du week-end.<\/p>\n<p class=\"fig-paragraph\">Le pr\u00e9sident malgache,\u00a0<a href=\"http:\/\/www.lefigaro.fr\/international\/madagascar-l-allocution-du-president-andry-rajoelina-a-nouveau-reportee-20251013\" data-fig-type=\"NewsFlash\" data-gtm-custom-categorie=\"navigation\" data-gtm-custom-action=\"crossclick\" data-gtm-custom-label=\"Contextuel\" data-gtm-event=\"customEventSPE\" data-fig-domain=\"LEFIGARO\" rel=\"nofollow noopener\" target=\"_blank\">Andry Rajoelina<\/a>, a appel\u00e9 lundi \u00e0 \u00abrespecter la Constitution en vigueur\u00bb lors de sa premi\u00e8re prise de parole diffus\u00e9e depuis le ralliement de militaires aux manifestants\u00a0<a href=\"http:\/\/www.lefigaro.fr\/international\/madagascar-le-president-rajoelina-a-fui-le-pays-a-bord-d-un-avion-militaire-francais-20251013\" data-fig-type=\"NewsFlash\" data-gtm-custom-categorie=\"navigation\" data-gtm-custom-action=\"crossclick\" data-gtm-custom-label=\"Contextuel\" data-gtm-event=\"customEventSPE\" data-fig-domain=\"LEFIGARO\" rel=\"nofollow noopener\" target=\"_blank\">contestant le pouvoir au cours<\/a>\u00a0du week-end.<\/p>\n<p class=\"fig-paragraph\">Lors de ce direct diffus\u00e9 sur les r\u00e9seaux sociaux mais pas \u00e0 la t\u00e9l\u00e9vision publique malgache, Andry Rajoelina s\u2019est dit lundi dans un \u00ablieu s\u00fbr\u00bb apr\u00e8s une \u00abtentative de meurtre\u00bb, sans plus de pr\u00e9cisions sur sa localisation. \u00abIl n\u2019y a qu\u2019une seule issue pour r\u00e9soudre ces probl\u00e8mes, c\u2019est de respecter la Constitution en vigueur dans le pays\u00bb, a-t-il affirm\u00e9, rejetant de fait les appels \u00e0 la d\u00e9mission du mouvement de contestation n\u00e9 le 25 septembre dans cette \u00eele particuli\u00e8rement pauvre de l\u2019oc\u00e9an Indien.<\/p>\n<p>                                    <a class=\"fig-a11y-skip a11y-hidden\" href=\"#fig-a11y-skip-main-inarticle\"><br \/>\n        Passer la publicit\u00e9<br \/>\n    <\/a><\/p>\n<p class=\"fig-paragraph\">D\u2019apr\u00e8s la radio fran\u00e7aise RFI, Andry Rajoelina a embarqu\u00e9 dimanche \u00ab\u00e0 bord d\u2019un avion militaire fran\u00e7ais pour La R\u00e9union, avant de partir vers une autre destination avec sa famille\u00bb. \u00abJe ne confirme rien aujourd\u2019hui\u00bb, a r\u00e9pondu \u00e0 ce sujet depuis l\u2019\u00c9gypte le pr\u00e9sident fran\u00e7ais, Emmanuel Macron, lundi tout en disant sa \u00abgrande pr\u00e9occupation\u00bb pour Madagascar.<\/p>\n<p><strong>La t\u00e9l\u00e9vision publique n\u2019a finalement pas diffus\u00e9 l\u2019allocution<\/strong><\/p>\n<p class=\"fig-paragraph\">Andry Rajoelina, r\u00e9\u00e9lu en 2023 pour un mandat de cinq ans lors d\u2019un scrutin boycott\u00e9 par l\u2019opposition, a affirm\u00e9 qu\u2019un \u00abgroupe de militaires et de politiciens a(vait) envisag\u00e9 d\u2019attenter \u00e0 (s)a vie\u00bb.<\/p>\n<p class=\"fig-paragraph\">\u00abJ\u2019ai \u00e9t\u00e9 oblig\u00e9 de chercher un lieu s\u00fbr pour prot\u00e9ger ma vie\u00bb, a-t-il expliqu\u00e9 lors de cette allocution plusieurs fois report\u00e9e lundi apr\u00e8s l\u2019arriv\u00e9e de militaires au si\u00e8ge de la t\u00e9l\u00e9vision publique, qui ne l\u2019a finalement pas diffus\u00e9e. \u00abDe cette tentative de meurtre, je n\u2019ai pas de tristesse contre les fautifs ni de ranc\u0153ur\u00bb , a-t-il assur\u00e9 en ouvrant \u00abla porte au dialogue pour sortir de cette situation\u00bb.<\/p>\n<p class=\"fig-paragraph\">Le chef de l\u2019\u00c9tat a aussi rappel\u00e9 la menace d\u2019un tarissement des financements internationaux en cas d\u2019instabilit\u00e9 politique, comme ce fut le cas apr\u00e8s le coup d\u2019\u00c9tat l\u2019ayant port\u00e9 au pouvoir pour la premi\u00e8re fois en 2009. Au moins 80% des 32 millions d\u2019habitants de Madagascar vivent avec moins de 15.000 ariary par jour (2,80 euros), le seuil de pauvret\u00e9 de la Banque mondiale.<\/p>\n","protected":false},"excerpt":{"rendered":"Andry Rajoelina a \u00e9t\u00e9 contraint de fuir le pays lundi apr\u00e8s le ralliement de militaires aux manifestants contestant&hellip;\n","protected":false},"author":2,"featured_media":460834,"comment_status":"","ping_status":"","sticky":false,"template":"","format":"standard","meta":{"footnotes":""},"categories":[5],"tags":[11,55667,1011,27,14,8459,12,5118,28],"class_list":{"0":"post-460833","1":"post","2":"type-post","3":"status-publish","4":"format-standard","5":"has-post-thumbnail","7":"category-international","8":"tag-actualites","9":"tag-andry-rajoelina","10":"tag-fr","11":"tag-france","12":"tag-international","13":"tag-madagascar","14":"tag-news","15":"tag-tentative-de-meurtre","16":"tag-world"},"share_on_mastodon":{"url":"https:\/\/pubeurope.com\/@fr\/115369043776871923","error":""},"_links":{"self":[{"href":"https:\/\/www.europesays.com\/fr\/wp-json\/wp\/v2\/posts\/460833","targetHints":{"allow":["GET"]}}],"collection":[{"href":"https:\/\/www.europesays.com\/fr\/wp-json\/wp\/v2\/posts"}],"about":[{"href":"https:\/\/www.europesays.com\/fr\/wp-json\/wp\/v2\/types\/post"}],"author":[{"embeddable":true,"href":"https:\/\/www.europesays.com\/fr\/wp-json\/wp\/v2\/users\/2"}],"replies":[{"embeddable":true,"href":"https:\/\/www.europesays.com\/fr\/wp-json\/wp\/v2\/comments?post=460833"}],"version-history":[{"count":0,"href":"https:\/\/www.europesays.com\/fr\/wp-json\/wp\/v2\/posts\/460833\/revisions"}],"wp:featuredmedia":[{"embeddable":true,"href":"https:\/\/www.europesays.com\/fr\/wp-json\/wp\/v2\/media\/460834"}],"wp:attachment":[{"href":"https:\/\/www.europesays.com\/fr\/wp-json\/wp\/v2\/media?parent=460833"}],"wp:term":[{"taxonomy":"category","embeddable":true,"href":"https:\/\/www.europesays.com\/fr\/wp-json\/wp\/v2\/categories?post=460833"},{"taxonomy":"post_tag","embeddable":true,"href":"https:\/\/www.europesays.com\/fr\/wp-json\/wp\/v2\/tags?post=460833"}],"curies":[{"name":"wp","href":"https:\/\/api.w.org\/{rel}","templated":true}]}}