{"id":460835,"date":"2025-10-13T21:44:13","date_gmt":"2025-10-13T21:44:13","guid":{"rendered":"https:\/\/www.europesays.com\/fr\/460835\/"},"modified":"2025-10-13T21:44:13","modified_gmt":"2025-10-13T21:44:13","slug":"le-prix-nobel-deconomie-philippe-aghion-appelle-a-stopper-la-reforme-des-retraites-jusquen-2027","status":"publish","type":"post","link":"https:\/\/www.europesays.com\/fr\/460835\/","title":{"rendered":"Le prix Nobel d\u2019\u00c9conomie, Philippe Aghion, appelle \u00e0 \u00ab\u00a0stopper\u00a0\u00bb la r\u00e9forme des retraites jusqu\u2019en 2027"},"content":{"rendered":"<p>        <img decoding=\"async\" loading=\"lazy\" src=\"https:\/\/www.europesays.com\/fr\/wp-content\/uploads\/2025\/10\/3540b4e_upload-1-brbftrfbzqzo-capture-da-a-cran-2025-10-13-223642.png\"  width=\"728\" height=\"410\" alt=\"Le nouveau prix Nobel d\u2019\u00c9conomie fran\u00e7ais Philippe Aghion a plaid\u00e9, ce lundi 13\u00a0octobre au soir, au 20\u00a0h de France 2, pour que la r\u00e9forme des retraites soit \u00ab\u00a0stopp\u00e9e\u00a0\u00bb.\"\/>  <\/p>\n<p>FRANCE 2<\/p>\n<p>Le nouveau prix Nobel d\u2019\u00c9conomie fran\u00e7ais Philippe Aghion a plaid\u00e9, ce lundi 13\u00a0octobre au soir, au 20\u00a0h de France 2, pour que la r\u00e9forme des retraites soit \u00ab\u00a0stopp\u00e9e\u00a0\u00bb.<\/p>\n<p class=\"asset asset-text\">POLITIQUE &#8211; Il avait d\u00e9j\u00e0 donn\u00e9 un avis bien tranch\u00e9 sur la <a href=\"https:\/\/www.huffingtonpost.fr\/economie\/article\/philippe-aghion-nouveau-prix-nobel-d-economie-a-un-avis-bien-tranche-sur-la-taxe-zucman-et-il-lui-a-dit_255948.html\" target=\"_blank\" rel=\"noopener\">taxe Zucman<\/a>. Le nouveau <a href=\"https:\/\/www.huffingtonpost.fr\/economie\/article\/le-prix-nobel-d-economie-2025-decerne-a-un-trio-dont-le-francais-philippe-aghion_255929.html\" target=\"_blank\" rel=\"noopener\">prix Nobel d\u2019\u00c9conomie fran\u00e7ais<\/a> Philippe Aghion a plaid\u00e9, ce lundi 13\u00a0octobre au soir, au 20\u00a0h de France 2, pour que la r\u00e9forme des retraites soit \u00ab\u00a0stopp\u00e9e\u00a0\u00bb jusqu\u2019\u00e0 la prochaine \u00e9lection pr\u00e9sidentielle en 2027.<\/p>\n<p class=\"asset asset-text\">\u00ab\u00a0Je pense qu\u2019il faut arr\u00eater l\u2019horloge maintenant jusqu\u2019aux \u00e9lections pr\u00e9sidentielles. C\u2019est-\u00e0-dire qu\u2019on est \u00e0 62\u00a0ans et 9 mois, on stoppe \u00e0 62\u00a0ans et 9 mois jusqu\u2019aux \u00e9lections pr\u00e9sidentielles\u00a0\u00bb, a-t-il affirm\u00e9, consid\u00e9rant que \u00ab\u00a0c\u2019est la fa\u00e7on de calmer les choses\u00a0\u00bb et que \u00ab\u00a0\u00e7a ne co\u00fbte pas tr\u00e8s cher de stopper\u00a0\u00bb.<\/p>\n<p class=\"asset asset-text\">\u00ab\u00a0\u00c7a ne veut pas dire que la r\u00e9forme est supprim\u00e9e\u00a0\u00bb, a poursuivi Philippe Aghion, qui a rappel\u00e9 avoir \u00ab\u00a0toujours \u00e9t\u00e9 pour un 63\u00a0ans plus revoyure\u00a0\u00bb. \u00ab\u00a0\u00c7a veut dire que si rien ne se passe, \u00e7a reprend en 2027\u00a0\u00bb.<\/p>\n<p class=\"asset asset-text\">Mardi, le projet de budget 2026 sera pr\u00e9sent\u00e9 en conseil des ministres par S\u00e9bastien Lecornu, reconduit vendredi comme Premier ministre et qui a ouvert la porte \u00e0 un d\u00e9bat sur la suspension de la r\u00e9forme contest\u00e9e des retraites, r\u00e9clam\u00e9e par le PS.<\/p>\n<p>                     \u00ab\u00a0Il faut qu\u2019il y ait un effort des hauts patrimoines\u00a0\u00bb    <\/p>\n<p class=\"asset asset-text\">Philippe Aghion, interrog\u00e9 par L\u00e9a Salam\u00e9, a aussi rappel\u00e9 son d\u00e9saccord avec la taxe Zucman. \u00ab\u00a0Je pense qu\u2019il faut qu\u2019il y ait un effort des hauts patrimoines, mais je ne veux pas toucher l\u2019outil productif et je ne veux pas toucher ceux qui cherchent \u00e0 innover\u00a0\u00bb, a d\u00e9fendu Philippe Aghion.<\/p>\n<p class=\"asset asset-text\">Il a toutefois consid\u00e9r\u00e9 qu\u2019il y avait un \u00ab\u00a0abus des holdings familiales\u00a0\u00bb. \u00ab\u00a0\u00c7a, il faut taper l\u00e0-dessus\u00a0\u00bb, selon lui.<\/p>\n<p class=\"asset asset-text\">Le prix Nobel vient r\u00e9compenser ses travaux d\u2019inspiration schumpet\u00e9rienne sur la croissance et l\u2019innovation, d\u00e9velopp\u00e9s avec le Canadien Peter Howitt dans l\u2019ouvrage Th\u00e9orie de la croissance endog\u00e8ne (1998). L\u2019autre moiti\u00e9 du prix a \u00e9t\u00e9 attribu\u00e9e \u00e0 Joel Mokyr, 79\u00a0ans, \u00ab\u00a0pour avoir identifi\u00e9 les conditions pr\u00e9alables \u00e0 une croissance durable gr\u00e2ce au progr\u00e8s technologique\u00a0\u00bb.<\/p>\n","protected":false},"excerpt":{"rendered":"FRANCE 2 Le nouveau prix Nobel d\u2019\u00c9conomie fran\u00e7ais Philippe Aghion a plaid\u00e9, ce lundi 13\u00a0octobre au soir, au&hellip;\n","protected":false},"author":2,"featured_media":460836,"comment_status":"","ping_status":"","sticky":false,"template":"","format":"standard","meta":{"footnotes":""},"categories":[4],"tags":[11,1011,27,26507,12,316,33226,58545,11036,25],"class_list":{"0":"post-460835","1":"post","2":"type-post","3":"status-publish","4":"format-standard","5":"has-post-thumbnail","7":"category-france","8":"tag-actualites","9":"tag-fr","10":"tag-france","11":"tag-jt-france-2","12":"tag-news","13":"tag-politique","14":"tag-prix-nobel","15":"tag-prix-nobel-d-economie","16":"tag-reforme-des-retraites","17":"tag-republique-francaise"},"share_on_mastodon":{"url":"","error":""},"_links":{"self":[{"href":"https:\/\/www.europesays.com\/fr\/wp-json\/wp\/v2\/posts\/460835","targetHints":{"allow":["GET"]}}],"collection":[{"href":"https:\/\/www.europesays.com\/fr\/wp-json\/wp\/v2\/posts"}],"about":[{"href":"https:\/\/www.europesays.com\/fr\/wp-json\/wp\/v2\/types\/post"}],"author":[{"embeddable":true,"href":"https:\/\/www.europesays.com\/fr\/wp-json\/wp\/v2\/users\/2"}],"replies":[{"embeddable":true,"href":"https:\/\/www.europesays.com\/fr\/wp-json\/wp\/v2\/comments?post=460835"}],"version-history":[{"count":0,"href":"https:\/\/www.europesays.com\/fr\/wp-json\/wp\/v2\/posts\/460835\/revisions"}],"wp:featuredmedia":[{"embeddable":true,"href":"https:\/\/www.europesays.com\/fr\/wp-json\/wp\/v2\/media\/460836"}],"wp:attachment":[{"href":"https:\/\/www.europesays.com\/fr\/wp-json\/wp\/v2\/media?parent=460835"}],"wp:term":[{"taxonomy":"category","embeddable":true,"href":"https:\/\/www.europesays.com\/fr\/wp-json\/wp\/v2\/categories?post=460835"},{"taxonomy":"post_tag","embeddable":true,"href":"https:\/\/www.europesays.com\/fr\/wp-json\/wp\/v2\/tags?post=460835"}],"curies":[{"name":"wp","href":"https:\/\/api.w.org\/{rel}","templated":true}]}}