{"id":460837,"date":"2025-10-13T21:45:22","date_gmt":"2025-10-13T21:45:22","guid":{"rendered":"https:\/\/www.europesays.com\/fr\/460837\/"},"modified":"2025-10-13T21:45:22","modified_gmt":"2025-10-13T21:45:22","slug":"pour-sebastien-lecornu-la-pression-monte-avant-sa-declaration-de-politique-generale-liberation","status":"publish","type":"post","link":"https:\/\/www.europesays.com\/fr\/460837\/","title":{"rendered":"pour S\u00e9bastien Lecornu, la pression monte avant sa d\u00e9claration de politique g\u00e9n\u00e9rale \u2013 Lib\u00e9ration"},"content":{"rendered":"<p class=\"sc-cPiKLX AiZTS text-element\">Quitte \u00e0 (re)chuter, autant le faire en bon ordre. <a href=\"https:\/\/www.liberation.fr\/politique\/en-direct-nouveau-gouvernement-lecornu-lfi-et-le-rn-menacent-deja-de-censure-le-ps-et-les-ecologistes-en-attente-des-retraites-20251013_3FXWID4V55DQ3NUF72QWHE27YE\/\" target=\"_blank\" rel=\"noopener\">Ce lundi 13 octobre<\/a>, \u00e0 la veille d\u2019une d\u00e9claration de politique g\u00e9n\u00e9rale (DPG) \u00e0 quitte ou double \u00e0 l\u2019Assembl\u00e9e nationale, S\u00e9bastien Lecornu ne voulait que l\u2019on ne voie qu\u2019une t\u00eate : la sienne. Le Premier ministre a r\u00e9uni \u00e0 Matignon <a href=\"https:\/\/www.liberation.fr\/politique\/la-liste-complete-du-gouvernement-lecornu-2-20251012_QWO34Z32NJA73FZKUA5IHYYCL4\/\" target=\"_blank\" rel=\"noreferrer noopener\" title=\"https:\/\/www.liberation.fr\/politique\/la-liste-complete-du-gouvernement-lecornu-2-20251012_QWO34Z32NJA73FZKUA5IHYYCL4\/\">ses 34 ministres<\/a>, <a href=\"https:\/\/www.liberation.fr\/politique\/experts-fideles-en-macronie-et-debauchages-a-droite-la-recette-risquee-du-gouvernement-lecornu-20251013_7MKZ3FALGZHPHBICYFOSTKMOQI\/?redirected=1\" target=\"_blank\" rel=\"noreferrer noopener\" title=\"https:\/\/www.liberation.fr\/politique\/experts-fideles-en-macronie-et-debauchages-a-droite-la-recette-risquee-du-gouvernement-lecornu-20251013_7MKZ3FALGZHPHBICYFOSTKMOQI\/?redirected=1\">nomm\u00e9s dans la douleur dimanche soir<\/a>, pour une premi\u00e8re r\u00e9union de travail avant de pr\u00e9senter enfin son projet de budget en Conseil des ministres, ce mardi matin. Il leur a dict\u00e9 un point de m\u00e9thode dans un propos introductif de trois minutes, montre en  <\/p>\n","protected":false},"excerpt":{"rendered":"Quitte \u00e0 (re)chuter, autant le faire en bon ordre. Ce lundi 13 octobre, \u00e0 la veille d\u2019une d\u00e9claration&hellip;\n","protected":false},"author":2,"featured_media":460838,"comment_status":"","ping_status":"","sticky":false,"template":"","format":"standard","meta":{"footnotes":""},"categories":[2],"tags":[56375,11,1011,27,418,12,429,11067],"class_list":{"0":"post-460837","1":"post","2":"type-post","3":"status-publish","4":"format-standard","5":"has-post-thumbnail","7":"category-actualites","8":"tag-49-3","9":"tag-actualites","10":"tag-fr","11":"tag-france","12":"tag-gouvernement","13":"tag-news","14":"tag-ps","15":"tag-sebastien-lecornu"},"share_on_mastodon":{"url":"https:\/\/pubeurope.com\/@fr\/115369051605071813","error":""},"_links":{"self":[{"href":"https:\/\/www.europesays.com\/fr\/wp-json\/wp\/v2\/posts\/460837","targetHints":{"allow":["GET"]}}],"collection":[{"href":"https:\/\/www.europesays.com\/fr\/wp-json\/wp\/v2\/posts"}],"about":[{"href":"https:\/\/www.europesays.com\/fr\/wp-json\/wp\/v2\/types\/post"}],"author":[{"embeddable":true,"href":"https:\/\/www.europesays.com\/fr\/wp-json\/wp\/v2\/users\/2"}],"replies":[{"embeddable":true,"href":"https:\/\/www.europesays.com\/fr\/wp-json\/wp\/v2\/comments?post=460837"}],"version-history":[{"count":0,"href":"https:\/\/www.europesays.com\/fr\/wp-json\/wp\/v2\/posts\/460837\/revisions"}],"wp:featuredmedia":[{"embeddable":true,"href":"https:\/\/www.europesays.com\/fr\/wp-json\/wp\/v2\/media\/460838"}],"wp:attachment":[{"href":"https:\/\/www.europesays.com\/fr\/wp-json\/wp\/v2\/media?parent=460837"}],"wp:term":[{"taxonomy":"category","embeddable":true,"href":"https:\/\/www.europesays.com\/fr\/wp-json\/wp\/v2\/categories?post=460837"},{"taxonomy":"post_tag","embeddable":true,"href":"https:\/\/www.europesays.com\/fr\/wp-json\/wp\/v2\/tags?post=460837"}],"curies":[{"name":"wp","href":"https:\/\/api.w.org\/{rel}","templated":true}]}}