{"id":460847,"date":"2025-10-13T21:51:18","date_gmt":"2025-10-13T21:51:18","guid":{"rendered":"https:\/\/www.europesays.com\/fr\/460847\/"},"modified":"2025-10-13T21:51:18","modified_gmt":"2025-10-13T21:51:18","slug":"pourquoi-autant-de-pigeons-nont-ils-quune-seule-patte","status":"publish","type":"post","link":"https:\/\/www.europesays.com\/fr\/460847\/","title":{"rendered":"Pourquoi autant de pigeons n\u2019ont-ils qu\u2019une seule patte\u00a0?"},"content":{"rendered":"<tr wp_automatic_readability=\"1.936170212766\">\n<td valign=\"middle\" align=\"center\" class=\"col-logo\">\n    <img decoding=\"async\" src=\"https:\/\/www.europesays.com\/fr\/wp-content\/uploads\/2025\/05\/ouest-france.gif\" alt=\"logo Ouest-France\" height=\"66\"\/><\/p>\n<\/td>\n<td class=\"col-titre\">\n\t\t\tLundi 13 octobre 2025 20:50<br \/>\n\t\t\t<a class=\"icon-bulle sizeL count\" href=\"#ancreAvis\"><br \/>\n\t&#8230;<br \/>\n<\/a><\/td>\n<\/tr>\n<p>\t\t<a class=\"mavillebox2 elmt-photo\" href=\"https:\/\/maville.com\/photosmvi\/2025\/10\/13\/P35520505D7018688G.jpg\" title=\" L\u2019Homme et la pollution seraient en partie responsables des mutilations des pigeons, en centre-ville.  \u00a9  Photo d\u2019illustration\u00a0: jakobdam\/iStock)  &lt;!--TAG-BLC credit--&gt;\" rel=\"galerie_actu noopener\" target=\"_blank\"><br \/>\n\t<img decoding=\"async\" src=\"https:\/\/www.europesays.com\/fr\/wp-content\/uploads\/2025\/10\/P35520505D7018688G_crop_640-330_.jpg\" alt=\"photo  l\u2019homme et la pollution seraient en partie responsables des mutilations des pigeons, en centre-ville.  \u00a9  photo d\u2019illustration\u00a0: jakobdam\/istock) \"\/><br \/>\n\t1<br \/>\n<\/a><\/p>\n<p class=\"elmt-legende\"> L\u2019Homme et la pollution seraient en partie responsables des mutilations des pigeons, en centre-ville.  \u00a9  Photo d\u2019illustration\u00a0: jakobdam\/iStock)  <\/p>\n<p>\t\tLes pigeons n\u2019ont pas toujours la cote, mais avez-vous d\u00e9j\u00e0 remarqu\u00e9 qu\u2019ils sont nombreux \u00e0 \u00eatre estropi\u00e9s\u00a0? Des chercheurs fran\u00e7ais ont trouv\u00e9 une corr\u00e9lation entre ces volatiles \u00e0 une patte et\u2026 des salons de coiffure. On \u00e9lucide ce lien dans \u00ab\u00a0la question pas si b\u00eate\u00a0\u00bb, le rendez-vous podcast quotidien de l\u2019\u00e9dition du soir.<\/p>\n<p>\t\t Par l\u2019\u00e9dition du soir. \u00a0\u00a0<br \/>\n\t\tOuest-France\u00a0\u00a0<\/p>\n<p>\t\t&#13;<\/p>\n","protected":false},"excerpt":{"rendered":"Lundi 13 octobre 2025 20:50 &#8230; 1 L\u2019Homme et la pollution seraient en partie responsables des mutilations des&hellip;\n","protected":false},"author":2,"featured_media":460848,"comment_status":"","ping_status":"","sticky":false,"template":"","format":"standard","meta":{"footnotes":""},"categories":[9619],"tags":[1111,11,1777,674,1011,27,12,43342,58546,40779,882,9576,25,17206,2310],"class_list":{"0":"post-460847","1":"post","2":"type-post","3":"status-publish","4":"format-standard","5":"has-post-thumbnail","7":"category-toulon","8":"tag-actu","9":"tag-actualites","10":"tag-eu","11":"tag-europe","12":"tag-fr","13":"tag-france","14":"tag-news","15":"tag-ont-ils","16":"tag-patte","17":"tag-pigeons","18":"tag-provence-alpes-cote-dazur","19":"tag-qu","20":"tag-republique-francaise","21":"tag-seule","22":"tag-toulon"},"share_on_mastodon":{"url":"https:\/\/pubeurope.com\/@fr\/115369075761742327","error":""},"_links":{"self":[{"href":"https:\/\/www.europesays.com\/fr\/wp-json\/wp\/v2\/posts\/460847","targetHints":{"allow":["GET"]}}],"collection":[{"href":"https:\/\/www.europesays.com\/fr\/wp-json\/wp\/v2\/posts"}],"about":[{"href":"https:\/\/www.europesays.com\/fr\/wp-json\/wp\/v2\/types\/post"}],"author":[{"embeddable":true,"href":"https:\/\/www.europesays.com\/fr\/wp-json\/wp\/v2\/users\/2"}],"replies":[{"embeddable":true,"href":"https:\/\/www.europesays.com\/fr\/wp-json\/wp\/v2\/comments?post=460847"}],"version-history":[{"count":0,"href":"https:\/\/www.europesays.com\/fr\/wp-json\/wp\/v2\/posts\/460847\/revisions"}],"wp:featuredmedia":[{"embeddable":true,"href":"https:\/\/www.europesays.com\/fr\/wp-json\/wp\/v2\/media\/460848"}],"wp:attachment":[{"href":"https:\/\/www.europesays.com\/fr\/wp-json\/wp\/v2\/media?parent=460847"}],"wp:term":[{"taxonomy":"category","embeddable":true,"href":"https:\/\/www.europesays.com\/fr\/wp-json\/wp\/v2\/categories?post=460847"},{"taxonomy":"post_tag","embeddable":true,"href":"https:\/\/www.europesays.com\/fr\/wp-json\/wp\/v2\/tags?post=460847"}],"curies":[{"name":"wp","href":"https:\/\/api.w.org\/{rel}","templated":true}]}}