{"id":460851,"date":"2025-10-13T21:53:24","date_gmt":"2025-10-13T21:53:24","guid":{"rendered":"https:\/\/www.europesays.com\/fr\/460851\/"},"modified":"2025-10-13T21:53:24","modified_gmt":"2025-10-13T21:53:24","slug":"prete-a-toutes-les-echeances-nathalie-oziol-lance-la-campagne-municipale-de-lfi","status":"publish","type":"post","link":"https:\/\/www.europesays.com\/fr\/460851\/","title":{"rendered":"pr\u00eate \u00e0 toutes les \u00e9ch\u00e9ances, Nathalie Oziol lance la campagne municipale de LFI"},"content":{"rendered":"<p>            Par<br \/>\n        <strong><br \/>\n            <a href=\"https:\/\/actu.fr\/auteur\/c-nithard\" title=\"Consulter tous les articles de C\u00e9dric Nithard\" rel=\"nofollow noopener\" target=\"_blank\">C\u00e9dric Nithard<\/a><br \/>\n        <\/strong><\/p>\n<p>        Publi\u00e9 le<\/p>\n<p>            13 oct. 2025 \u00e0 17h05        <\/p>\n<p><strong>Nathalie Oziol<\/strong> a fait officiellement son entr\u00e9e dans <strong>la campagne des municipales<\/strong>. La d\u00e9put\u00e9 de l\u2019H\u00e9rault entend mener \u00e0 <strong>Montpellier<\/strong> une liste d\u2019union populaire contre le maire socialiste Micha\u00ebl Delafosse au nom de <strong>La France Insoumise<\/strong>. Le contexte national pourrait toutefois la conduire \u00e0 <strong>d\u2019autres \u00e9ch\u00e9ances<\/strong> comme l\u2019a une nouvelle fois r\u00e9p\u00e9t\u00e9 <strong>Manuel Bombard.<\/strong> Le d\u00e9put\u00e9 des Bouches-du-Rh\u00f4ne et coordinateur national de La France Insoumise \u00e9tait ce dimanche 12 octobre \u00e0 Montpellier aux c\u00f4t\u00e9s de Nathalie Oziol pour un <strong>meeting de lancement de campagne<\/strong>. Mais pour quelle campagne ?<\/p>\n<p>De Macron \u00e0 Delafosse<\/p>\n<p class=\" wall-content\">Difficile en ce dimanche ensoleill\u00e9 de savoir ce qui occupe le plus les t\u00eates. Les \u00e9lections municipales, sujet du meeting du jour ? De possibles futures l\u00e9gislatives ? Voire une \u00e9ventuelle pr\u00e9sidentielle anticip\u00e9e ? \u00c0 La France Insoumise, on a pris l\u2019option de ne pas choisir. \u00ab\u00a0\u00c0 La France Insoumise nous sommes en campagne permanente, nous pr\u00e9parons toutes les \u00e9ch\u00e9ances. Normalement, il y aura les municipales les 15 et 22 mars mais on ne sait pas si d\u2019ici l\u00e0 il n\u2019y aura pas une \u00e9lection l\u00e9gislative anticip\u00e9e ou peut-\u00eatre une pr\u00e9sidentielle anticip\u00e9e qui ferait franchement du bien \u00e0 ce pays\u00a0\u00bb souffle Nathalie Oziol. \u00c0 Celleneuve, l\u2019esplanade L\u00e9o Malet se remplit timidement une heure avant ce meeting de lancement de campagne municipale de la d\u00e9put\u00e9e de l\u2019H\u00e9rault auquel Manuel Bompard, qui pr\u00e8s avoir pass\u00e9 ces derniers jours \u00e0 faire le tour des plateaux t\u00e9l\u00e9, vient jouer les soutiens de poids.\u00a0\u00a0<\/p>\n<p class=\" wall-content\">Cinq minutes avant l\u2019heure pr\u00e9vue pour le d\u00e9but du meeting et quarante apr\u00e8s une invitation \u00e0 une conf\u00e9rence de presse, sans excuses ni explications quant \u00e0 ce retard, Nathalie Oziol, entour\u00e9e de son homologue des Bouches-du-Rh\u00f4ne et des trois autres co-chefs de file Livia Jampy, Antoine Bertrand et Rhany Slimane, ainsi que le maire de Grabels Ren\u00e9 Revol, apparait face aux micros et cam\u00e9ras. \u00ab\u00a0Nous sommes en opposition \u00e0 la politique macroniste de la m\u00eame fa\u00e7on que nous voulons rompre avec la politique de ceux qui sont ses relais locaux comme le maire de Montpellier Micha\u00ebl Delafosse\u00a0\u00bb tonne l\u2019Insoumise qui ass\u00e8ne : \u00ab\u00a0Le r\u00e8gne du monarque pr\u00e9sidentiel, \u00e7a suffit ! Cela vaut aussi pour les petits monarques locaux qui pensent qu\u2019ils peuvent gouverner sans rendre de compte \u00e0 personne, avec le plus grand des m\u00e9pris et en s\u2019\u00e9tonnant que les gens soient m\u00e9contents de leurs politiques comme c\u2019est le cas avec Micha\u00ebl Delafosse. On retrouve les m\u00eames critiques chez Emmanuel Macron. C\u2019est, en quelque sorte, la 6e R\u00e9publique \u00e0 l\u2019\u00e9chelon municipale que nous allons d\u00e9fendre\u00a0\u00bb.<\/p>\n<p>LFI vs PS<\/p>\n<p class=\" wall-content\">Apr\u00e8s \u00eatre revenu longuement sur la situation nationale, Manuel Bompard est invit\u00e9e \u00e0 se pencher sur celle de Montpellier. \u00ab\u00a0Si toutes les personnes qui nous ont accompagn\u00e9 au moment des \u00e9lections europ\u00e9ennes se mettent \u00e0 nouveau en mouvement pour les \u00e9lections municipales on peut faire en sorte de tout changer et de rendre le pouvoir aux habitants de cette ville qui doit \u00eatre \u00e0 leur service et apporter des r\u00e9ponses aux urgences sociales. Je viens dire aux Montpelli\u00e9raines et Montpelli\u00e9rains qu\u2019ils ont l\u2019opportunit\u00e9 aux \u00e9lections municipales d\u2019obtenir un changement de politique et cela passe par la mobilisation. Les sujets nationaux et les sujets municipaux ne sont pas d\u00e9connect\u00e9s les uns des autres. Si vous \u00eates coh\u00e9rents dans votre vote, il peut y avoir une tr\u00e8s bonne surprise \u00e0 Montpellier\u00a0\u00bb lance le coordinateur national.<\/p>\n<p class=\" wall-content\">Aux premi\u00e8res loges des guerres entre LFI et le PS, Manuel Bompard est clair quand \u00e0 l\u2019\u00e9ch\u00e9ance de mars. \u00ab\u00a0J\u2019entends parfois que l\u2019exemple de Montpellier est pris pour illustrer une soi-disant volont\u00e9 de LFI de s\u2019attaquer au PS aux \u00e9lections municipales. Mais, pardon, Montpellier n\u2019appartient pas au PS, Montpellier appartient aux Montpelli\u00e9raines et Montpelli\u00e9rains et ceux eux qui choisiront entre les diff\u00e9rentes options\u00a0\u00bb. Et de poursuivre l\u2019offensive : \u00ab\u00a0J\u2019entends Monsieur Delafosse dire qu\u2019il n\u2019est pas question de travailler avec LFI mais en m\u00eame temps que LFI ne devrait pas pr\u00e9senter de liste car c\u2019est Monsieur Delafosse le maire sortant. Les 25% de Montpelli\u00e9rains qui ont vot\u00e9 pour LFI aux Europ\u00e9ennes ont peut-\u00eatre leur mot \u00e0 dire \u00e0 l\u2019\u00e9lection municipale ? Mon intention n\u2019est pas de rentrer en pol\u00e9mique avec qui que ce soit mais de dire aux Fran\u00e7aises et aux Fran\u00e7ais, et l\u00e0 en particulier aux Montpelli\u00e9raines et Montpelli\u00e9rains qu\u2019ils auront le choix aux \u00e9lections municipales\u00a0\u00bb. Le ton est donn\u00e9.<\/p>\n<p>Vid\u00e9os : en ce moment sur ActuLa question des alliances<\/p>\n<p class=\" wall-content\">Reste que LFI n\u2019est pas le seul \u00e0 gauche \u00e0 cibler Micha\u00ebl Delafosse. <a href=\"https:\/\/actu.fr\/occitanie\/montpellier_34172\/montpellier-les-ecologistes-partiront-aux-municipales-sans-michael-delafosse-et-le-parti-socialiste_62817815.html\" rel=\"nofollow noopener\" target=\"_blank\">Les Verts et Cause Commune d\u00e9fendent la m\u00eame strat\u00e9gie<\/a>. \u00ab\u00a0Je tends la main \u00e0 tous ceux qui se retrouvent dans un programme de rupture \u00e0 la politique d\u00e9sastreuse de Micha\u00ebl Delafosse. Ce qui compte c\u2019est quel est le message que l\u2019on veut envoyer au soir du 1er tour. Je pense que plus on est rassembl\u00e9s, plus on a de chance d\u2019\u00eatre en t\u00eate au soir du 1er tour. On partage des positions avec les Verts et <a href=\"https:\/\/actu.fr\/occitanie\/montpellier_34172\/municipales-cause-commune-nous-sommes-bis-ou-nouvel-espoir-de-la-gauche-anti-delafosse-a-montpellier_63233534.html\" rel=\"nofollow noopener\" target=\"_blank\">Cause Commune dont Alenka Doulain a particip\u00e9 \u00e0 plusieurs campagnes de LFI<\/a> et, \u00e9videmment je le redis, elle a toute sa place dans la liste de LFI\u00a0\u00bb pr\u00e9cise Nathalie Oziol. La volont\u00e9 \u00e9tant de \u00ab\u00a0construire localement un programme du Nouveau Front Populaire et une liste d\u2019union populaire. Il nous reste d\u00e9sormais \u00e0 construire la liste, ouverte, capable de rassembler des figures associatives, syndicales, qui repr\u00e9sentent des luttes \u00e0 Montpellier. C\u2019est ce que nous appelons faire union populaire\u00a0\u00bb.<\/p>\n<p>Votre r\u00e9gion, votre actu !<\/p>\n<p>Recevez chaque jour les infos qui comptent pour vous.<\/p>\n<p>\t<a href=\"https:\/\/actu.fr\/newsletter\" class=\"ac-btn ac-btn--corner ac-btn--medium ac-btn--blue800\" rel=\"nofollow noopener\" target=\"_blank\">S&rsquo;incrire<\/a><\/p>\n<p class=\" wall-content\">Des discussions qui passeront n\u00e9cessairement par traiter la question du CSR. <a href=\"https:\/\/actu.fr\/occitanie\/montpellier_34172\/montpellier-les-ecologistes-affichent-le-csr-et-leurs-craintes_62771260.html\" rel=\"nofollow noopener\" target=\"_blank\">Les Verts y sont oppos\u00e9s et ciblent l\u2019insoumis Ren\u00e9 Revol<\/a> qui conduit la politique des d\u00e9chets et d\u00e9fend le dossier \u00e0 la M\u00e9tropole face notamment \u00e0 Alenka Doulain. \u00ab\u00a0Le PS, de Georges Fr\u00eache \u00e0 Micha\u00ebl Delafosse, est responsable de la situation d\u00e9sastreuse du traitement des d\u00e9chets. On est coinc\u00e9s, on n\u2019arrive pas \u00e0 trouver de solution optimale alors ils prennent des d\u00e9cisions dans l\u2019urgence. Alors oui le CSR pose question, ne rien faire du tout pose encore plus question\u00a0\u00bb botte en touche Nathalie Oziol qui tend la main \u00e0 Jean-Louis Roum\u00e9gas, non sans une petite claque au passage apr\u00e8s avoir rappel\u00e9 qu\u2019il \u00e9tait \u00e0 l\u2019origine de la cr\u00e9ation d\u2019Ametyst : \u00ab\u00a0On se retrouve sur un grand nombre de sujets et on a plut\u00f4t des luttes en commun qui m\u00e9riteraient que l\u2019on se mette autour de la table et discuter. J\u2019ai plut\u00f4t l\u2019impression qu\u2019il utilise ce pr\u00e9texte pour ne pas faire liste commune\u00a0\u00bb.<\/p>\n<p class=\" wall-content\">Des Verts que l\u2019Insoumise incite tr\u00e8s fortement \u00e0 se rallier \u00e0 sa cause. \u00ab\u00a0Lors des derni\u00e8res \u00e9lections nous avons propos\u00e9 des listes communes. Aux europ\u00e9ennes, on leur a propos\u00e9 et ils se sont effondr\u00e9s \u00e0 Montpellier et nationalement. Aux r\u00e9gionales, ils ont refus\u00e9 et, r\u00e9sultat, ni eux ni nous n\u2019avons d\u2019\u00e9lu au conseil r\u00e9gional de Carole Delga. Tirons le bilan des erreurs et mettons nous au travail ensemble. Cela ne nous emp\u00eache pas d\u2019avancer en attendant, on ne va pas rester paralys\u00e9s\u00a0\u00bb. Le meeting pr\u00e9vu \u00e0 15h, prenant une quinzaine de minutes de retard, clap de fin pour les journalistes apr\u00e8s vingt minutes d\u2019\u00e9change en grande partie consacr\u00e9 \u00e0 la situation nationale. Les municipales attendront m\u00eame si on l\u2019aura compris, tous les sujets sont m\u00eal\u00e9s et surtout propices \u00e0 taper sur le PS.\u00a0<\/p>\n<p>Logements, jeunes et quartiers populaires<\/p>\n<p class=\" wall-content\">Entre temps, l\u2019esplanade s\u2019est remplie. Pr\u00e8s de 400 personnes sont venus assister \u00e0 ce lancement de campagne. Aux c\u00f4t\u00e9s des habitants du quartier, beaucoup de jeunes et d\u2019\u00e9tudiants, des militants pro-Palestine BDS en t\u00eate et des repr\u00e9sentant de la plupart des mouvements et syndicats qui soutiennent cette cause. \u00c0 la tribune, les co-chefs de file s\u2019encha\u00eenent. Antoine Bertrand attaque sur le logement \u00ab\u00a0symbole de l\u2019inaction de cette municipalit\u00e9\u00a0\u00bb en appuyant : \u00ab\u00a03 000 personnes sont \u00e0 la rue alors qu\u2019il y a 18 000 logements vacants. C\u2019est la honte de cette municipalit\u00e9\u00a0\u00bb. Ce dernier \u00e9voque donc la mise en place d\u2019un plan d\u2019urgence sur le logement avec ambition notamment de \u00ab\u00a0relancer le logement sociale\u00a0\u00bb et mettre fin \u00e0 \u00ab\u00a0cette carte postale vide\u00a0\u00bb illustr\u00e9e par les Folies.<\/p>\n<p>    <img   decoding=\"async\" loading=\"lazy\" src=\"https:\/\/www.europesays.com\/fr\/wp-content\/uploads\/2025\/10\/oziol-la-france-insoumise-meeting-municipales-montpellier-960x640.jpg\" alt=\"Nathalie Oziol ne s'est pas priv\u00e9e de taper dur sur Micha\u00ebl Delafosse.\" width=\"960\" height=\"640\"\/><br \/>\n    Nathalie Oziol ne s\u2019est pas priv\u00e9e de taper dur sur Micha\u00ebl Delafosse. (\u00a9CN \/ M\u00e9tropolitain)<\/p>\n<p class=\" wall-content\">\u00c9tudiante syndicaliste, Livia Jampy prend \u00e0 bras le corps le sujet de la jeunesse. Dressant un constat sans appel, elle fustige : \u00ab\u00a0Comment peut-on parler de Montpellier comme d\u2019une ville \u00e9tudiante quand on n\u2019est pas capable d\u2019accueillir dignement les \u00e9tudiants ?\u00a0\u00bb et de taper sur Micha\u00ebl Delafosse quant \u00e0 la question du logement des \u00e9tudiants, en rappelant qu\u2019il a \u00e9t\u00e9 d\u00e9l\u00e9gu\u00e9 \u00e0 l\u2019urbanisme (2011-2014), elle juge : \u00ab\u00a0Il n\u2019y a pas eu d\u2019erreurs ou d\u2019oublis mais des d\u00e9cisions politiques choisies\u00a0\u00bb. Apr\u00e8s avoir \u00e9voqu\u00e9 le soutien \u00e0 la Palestine, Livia Jampy conclut sur l\u2019importance de s\u2019inscrire sur les listes \u00e9lectorales et d\u2019appeler les jeunes \u00e0 se mobiliser.<\/p>\n<p class=\" wall-content\">Comme une \u00e9vidence, Rhany Slimane d\u00e9roule la th\u00e9matique des quartiers populaires en ironisant sur le lieu du meeting. \u00ab\u00a0La municipalit\u00e9 a un programme qui s\u2019appelle Reconqu\u00e9rir Celleneuve mais il n\u2019y a rien \u00e0 reconqu\u00e9rir ici. Nous, on va reconqu\u00e9rir la mairie pour redonner la parole aux habitants\u00a0\u00bb. Afin de construire le programme, une grande campagne sera organis\u00e9e dans les quartiers populaires avec des questionnaires pour faire remonter les demandes. \u00ab\u00a0Ce sont des gens que viendra la solution, pas d\u2019un homme seul, d\u2019un guide supr\u00eame, et certainement pas de Micha\u00ebl Delafosse\u00a0\u00bb souligne Rhany Slimane qui entend d\u00e9fendre \u00ab\u00a0la dignit\u00e9 des gens qui vivent dans ces quartiers populaires\u00a0\u00bb. Selon lui : \u00ab\u00a0Les forces politiques n\u2019ont jamais pris en compte les aspirations des habitants\u00a0\u00bb c\u2019est pourquoi il est \u00ab\u00a0heureux que la campagne parte de la base, de ceux qu\u2019on n\u2019\u00e9coute jamais\u00a0\u00bb.<\/p>\n<p>Haro sur le PS et Micha\u00ebl Delafosse<\/p>\n<p class=\" wall-content\">\u00c0 son tour, Nathalie Oziol a tap\u00e9 dur sur Micha\u00ebl Delafosse, dont \u00ab\u00a0le bilan du mandat est d\u00e9sastreux\u00a0\u00bb, notamment accus\u00e9, en prenant pour preuve l\u2019\u00e9pisode \u00ab\u00a0<a href=\"https:\/\/actu.fr\/occitanie\/montpellier_34172\/montpellier-face-a-la-polemique-des-rochers-de-la-honte-la-ville-reagit_46397395.html\" rel=\"nofollow noopener\" target=\"_blank\">des rochers anti-sdf<\/a>\u00ab\u00a0, de mener \u00ab\u00a0une politique antisociale\u00a0\u00bb ou, cette fois avec celui de <a href=\"https:\/\/actu.fr\/occitanie\/montpellier_34172\/montpellier-la-crise-des-atsem-continue-de-secouer-la-mairie_43718095.html\" rel=\"nofollow noopener\" target=\"_blank\">la manifestation des ATSEM devant la mairie<\/a>, d\u2019\u00eatre \u00ab\u00a0le maire du m\u00e9pris\u00a0\u00bb. Son soutien au LIEN et au COM t\u00e9moignerait d\u2019une politique anti-\u00e9cologique et certains projets pour la b\u00e9tonisation, <a href=\"https:\/\/actu.fr\/occitanie\/montpellier_34172\/montpellier-un-an-apres-le-collectif-des-4-boulevards-reste-mobilise_59733400.html\" rel=\"nofollow noopener\" target=\"_blank\">les 4 boulevards du manque de concertation<\/a> et de pointer \u00ab\u00a0tandis qu\u2019il nous traite nous \u00e0 LFI d\u2019\u00eatre populiste et traite de connards les habitants qui gueulent contre les travaux et se mobilisent contre sa politique\u00a0\u00bb. La d\u00e9put\u00e9e socialiste Fanny Dombre-Coste en prend aussi pour son grade coupable d\u2019avoir \u00ab\u00a0\u00e9t\u00e9 \u00e9lue sur le programme du Nouveau Front Populaire et (de n\u2019en avoir) jamais rien eu \u00e0 faire. Si elle et son parti avaient vot\u00e9 les motions de censure, on aurait pu faire tomber les gouvernements avant. Je serai la candidate qui d\u00e9fend le programme du NFP et en offre la d\u00e9clinaison locale\u00a0\u00bb. Avec la force de ses r\u00e9sultats aux pr\u00e9c\u00e9dentes \u00e9lections \u00e0 Montpellier, \u00ab\u00a0LFI est la premi\u00e8re force politique depuis 2022\u00a0\u00bb appuie Nathalie Oziol qui appelle \u00e0 \u00ab\u00a0poursuivre la dynamique sur un programme clair de rupture\u00a0\u00bb.<\/p>\n<p class=\" wall-content\">Confort\u00e9e localement apr\u00e8s trois assembl\u00e9e g\u00e9n\u00e9rale en \u00e9tant d\u00e9sign\u00e9e par les militants locaux sur proposition des trois autres co-chefs de file, \u00ab\u00a0Je suis pr\u00eate \u00e0 conduire la liste d\u2019union populaire de La France Insoumise\u00a0\u00bb lance-t-elle sous les applaudissements. \u00ab\u00a0De la m\u00eame fa\u00e7on que je prends ma part pour rompre avec la politique n\u00e9olib\u00e9rale macroniste, je suis pr\u00eate \u00e0 mener la bataille pour rompre avec les pratiques n\u00e9fastes des pi\u00e8tres barons locaux du PS qui ont abim\u00e9 le mandat de maire et le lien avec la population\u00a0\u00bb. Des applaudissements qui prennent de l\u2019ampleur \u00e0 chaque nouvelle charge \u00e0 l\u2019encontre du maire. \u00ab\u00a0Il n\u2019a jamais rompu avec la politique macroniste, il a men\u00e9 campagne contre la NUPES\u2026 Nous n\u2019avons rien \u00e0 voir avec la gauche Printemps R\u00e9publicain qui instrumentalise de mani\u00e8re honteuse la la\u00efcit\u00e9 pour jeter l\u2019opprobre sur une partie des concitoyens et en partie celle de confession musulman\u00a0\u00bb \u00e9num\u00e8re-t-elle \u00e0 la tribune m\u00ealant situations national et local. Annon\u00e7ant vouloir suspendre le jumelage avec Tib\u00e9riade, elle en profite pour f\u00e9liciter le maire de Grabels Ren\u00e9 Revol pour avoir dress\u00e9 le drapeau de la Palestine sur le fronton de sa mairie. Ce qu\u2019elle aurait fait si elle avait \u00e9t\u00e9 maire en lan\u00e7ant : \u00ab\u00a0\u00catre Montpelli\u00e9raine et Montpelli\u00e9rain, c\u2019est \u00eatre solidaire avec tous les peuples opprim\u00e9s\u00a0\u00bb.\u00a0<\/p>\n<p class=\" wall-content\">Avec la volont\u00e9 de \u00ab\u00a0construire un programme de rupture qui soit capable de l\u2019emporter, qui porte l\u2019alternative sociale, \u00e9cologique et d\u00e9mocratique, qui change la vie des gens\u00a0\u00bb, elle souhaite \u00ab\u00a0prendre la mairie pour changer radicalement de mod\u00e8le, qui demande de prendre des d\u00e9cisions radicales en concertation avec les habitants\u00a0\u00bb. Concluant en citant Paul Val\u00e9ry, \u00ab\u00a0Quand l\u2019adversaire exag\u00e8re nos forces, nos desseins, notre profondeur, quand pour exciter contre nous, il nous passe sur nous des couleurs effrayantes, il travaille pour nous\u00a0\u00bb, Nathalie Oziol \u00e9rige LFI en victime : \u00ab\u00a0Continuez madames et messieurs les macronistes, les journalistes, monsieur Delafosse et ses adjoints d\u00e9soeuvr\u00e9s \u00e0 parler de nous, \u00e0 exag\u00e9rer nos forces et nos desseins, vous travaillez pour nous. Ils sont l\u2019argent, nous sommes le nombre\u00a0\u00bb. D\u00e9sormais t\u00eate de liste de La France Insoumise aux municipales \u00e0 Montpellier, la d\u00e9put\u00e9e de l\u2019H\u00e9rault Nathalie Oziol d\u00e9clare \u00ab\u00a0se tenir pr\u00eate quelle que soit l\u2019\u00e9ch\u00e9ance \u00e9lectorale\u00a0\u00bb.\u00a0<\/p>\n<p><img decoding=\"async\" src=\"https:\/\/www.europesays.com\/fr\/wp-content\/uploads\/2025\/10\/manuel-bompard-montpellier-640x427.jpg\" alt=\"\" width=\"640\" height=\"427\" loading=\"lazy\"\/>Manuel Bompard : \u00ab\u00a0\u00c7a suffit ! Qu&rsquo;ils s&rsquo;en aillent tous !\u00a0\u00bb<\/p>\n<p>Manuel Bompard est longuement revenu sur la situation d\u00e9clench\u00e9e par Emmanuel Macron. \u00ab\u00a0Le contexte national est tr\u00e8s pr\u00e9occupant. Nous sommes \u00e0 l&rsquo;aube d&rsquo;une semaine cruciale et apr\u00e8s une semaine durant laquelle il faut dire que le spectacle a \u00e9t\u00e9 assez path\u00e9tique et affligeant\u00a0\u00bb pointe-t-il en soulignant : \u00ab\u00a0La France Insoumise tient une position claire qui est de respecter le mandat que lui ont donn\u00e9 les \u00e9lectrices et les \u00e9lecteurs l&rsquo;ann\u00e9e derni\u00e8re lors des l\u00e9gislatives. Ils ne nous ont pas demand\u00e9 d&rsquo;aller brader l&rsquo;ensemble de nos convictions politiques pour permettre \u00e0 Emmanuel Macron de poursuivre dans sa strat\u00e9gie des coups de force permanents. La renomination de S\u00e9bastien Lecornu vendredi soir est d&rsquo;une irresponsabilit\u00e9 totale venant d&rsquo;un pr\u00e9sident de la R\u00e9publique enferm\u00e9 dans son ch\u00e2teau et qui refuse d&rsquo;abandonner le pouvoir alors qu&rsquo;il a perdu toute l\u00e9gitimit\u00e9\u00a0\u00bb. <\/p>\n<p>Quant aux perspectives \u00e0 venir, Manuel Bompard annonce : \u00ab\u00a0\u00c9videmment, les d\u00e9put\u00e9s Insoumis d\u00e9poseront une motion de censure pour faire tomber le gouvernement et l&rsquo;on proposera \u00e0 ceux \u00e0 gauche qui le veulent de la cosigner. Et parce que la situation de blocage a un responsable aujourd&rsquo;hui, nous d\u00e9poserons aussi une motion de destitution du pr\u00e9sident de la R\u00e9publique\u00a0\u00bb. Le d\u00e9put\u00e9 des Bouches-du-Rh\u00f4ne analyse en effet : \u00ab\u00a0Tout le monde a vu cette semaine que, aujourd&rsquo;hui, la solution passe par le retour aux urnes. En d\u00e9mocratie, quand la situation est bloqu\u00e9e, c&rsquo;est au peuple de trancher dans les grandes questions qui se posent sur la table pour choisir quelle direction doit prendre le pays\u00a0\u00bb. C&rsquo;est pourquoi il mart\u00e8le : \u00ab\u00a0Il est temps de mettre un terme \u00e0 cette com\u00e9die, il faut revenir devant le peuple et lui demander de trancher entre les diff\u00e9rentes options politiques qui sont sur la table. Nous sommes pr\u00eats \u00e0 entendre la d\u00e9cision du peuple souverain et \u00e0 la respecter totalement comme on l&rsquo;a toujours fait\u00a0\u00bb. <\/p>\n<p>Quant \u00e0 la solution d&rsquo;un Premier ministre issu des rangs de la gauche, Manuel Bompard a abandonn\u00e9 l&rsquo;id\u00e9e. \u00ab\u00a0Nous n&rsquo;en sommes plus aujourd&rsquo;hui \u00e0 venir qu\u00e9mander au pr\u00e9sident de la R\u00e9publique de nous accorder le pouvoir alors qu&rsquo;il n&rsquo;a nullement l&rsquo;intention de le faire\u00a0\u00bb, observe-t-il, \u00ab\u00a0Encore une fois, la question qui est pos\u00e9e est celle de son d\u00e9part car la situation est d&rsquo;une gravit\u00e9 absolue. Nous n&rsquo;avons pas un an et demi \u00e0 perdre au rythme des gouvernements qui tombent tous les deux ou trois mois. Le pays ne peut pas se payer ce luxe. Les gens en ont assez de ce cirque. \u00c7a suffit ! Qu&rsquo;ils s&rsquo;en aillent tous ! Voil\u00e0 le message que nous avons envie de faire passer. Et ensuite que l&rsquo;on permette aux Fran\u00e7aises et Fran\u00e7ais de choisir\u00a0\u00bb. Une conviction coupl\u00e9e \u00e0 la d\u00e9termination d&rsquo;\u00eatre pr\u00eat \u00e0 partir au combat, quel qu&rsquo;il soit, et l&#8217;emporter.<\/p>\n<p class=\" wall-content\">Personnalisez votre actualit\u00e9 en ajoutant vos villes et m\u00e9dias en favori avec <a href=\"https:\/\/moncompte.actu.fr\" title=\"D\u00e9couvez Mon Actu\" rel=\"nofollow noopener\" data-trk=\"{&quot;cta&quot;:{&quot;action&quot;:&quot;https:\\\/\\\/moncompte.actu.fr&quot;,&quot;category&quot;:&quot;mon compte&quot;,&quot;from&quot;:&quot;article footer&quot;,&quot;name&quot;:&quot;Mon actu&quot;,&quot;type&quot;:&quot;cta&quot;}}\" target=\"_blank\">Mon Actu<\/a>.<\/p>\n","protected":false},"excerpt":{"rendered":"Par C\u00e9dric Nithard Publi\u00e9 le 13 oct. 2025 \u00e0 17h05 Nathalie Oziol a fait officiellement son entr\u00e9e dans&hellip;\n","protected":false},"author":2,"featured_media":460852,"comment_status":"","ping_status":"","sticky":false,"template":"","format":"standard","meta":{"footnotes":""},"categories":[9599],"tags":[1111,11,4188,1777,674,1011,27,2208,12,2680,316,25],"class_list":{"0":"post-460851","1":"post","2":"type-post","3":"status-publish","4":"format-standard","5":"has-post-thumbnail","7":"category-montpellier","8":"tag-actu","9":"tag-actualites","10":"tag-elections-municipales","11":"tag-eu","12":"tag-europe","13":"tag-fr","14":"tag-france","15":"tag-montpellier","16":"tag-news","17":"tag-occitanie","18":"tag-politique","19":"tag-republique-francaise"},"share_on_mastodon":{"url":"https:\/\/pubeurope.com\/@fr\/115369083845132656","error":""},"_links":{"self":[{"href":"https:\/\/www.europesays.com\/fr\/wp-json\/wp\/v2\/posts\/460851","targetHints":{"allow":["GET"]}}],"collection":[{"href":"https:\/\/www.europesays.com\/fr\/wp-json\/wp\/v2\/posts"}],"about":[{"href":"https:\/\/www.europesays.com\/fr\/wp-json\/wp\/v2\/types\/post"}],"author":[{"embeddable":true,"href":"https:\/\/www.europesays.com\/fr\/wp-json\/wp\/v2\/users\/2"}],"replies":[{"embeddable":true,"href":"https:\/\/www.europesays.com\/fr\/wp-json\/wp\/v2\/comments?post=460851"}],"version-history":[{"count":0,"href":"https:\/\/www.europesays.com\/fr\/wp-json\/wp\/v2\/posts\/460851\/revisions"}],"wp:featuredmedia":[{"embeddable":true,"href":"https:\/\/www.europesays.com\/fr\/wp-json\/wp\/v2\/media\/460852"}],"wp:attachment":[{"href":"https:\/\/www.europesays.com\/fr\/wp-json\/wp\/v2\/media?parent=460851"}],"wp:term":[{"taxonomy":"category","embeddable":true,"href":"https:\/\/www.europesays.com\/fr\/wp-json\/wp\/v2\/categories?post=460851"},{"taxonomy":"post_tag","embeddable":true,"href":"https:\/\/www.europesays.com\/fr\/wp-json\/wp\/v2\/tags?post=460851"}],"curies":[{"name":"wp","href":"https:\/\/api.w.org\/{rel}","templated":true}]}}