{"id":460855,"date":"2025-10-13T21:56:37","date_gmt":"2025-10-13T21:56:37","guid":{"rendered":"https:\/\/www.europesays.com\/fr\/460855\/"},"modified":"2025-10-13T21:56:37","modified_gmt":"2025-10-13T21:56:37","slug":"a-quoi-va-ressembler-la-fete-de-la-biere-ce-week-end","status":"publish","type":"post","link":"https:\/\/www.europesays.com\/fr\/460855\/","title":{"rendered":"\u00e0 quoi va ressembler la f\u00eate de la bi\u00e8re ce week-end ?"},"content":{"rendered":"<p itemprop=\"description\"><strong>L\u2019Oktoberfest, c\u00e9l\u00e8bre f\u00eate de la bi\u00e8re originaire d\u2019Allemagne, fera escale \u00e0 Alpexpo Grenoble les vendredi 17 et samedi 18 octobre, de 17h30 \u00e0 23h.<\/strong><\/p>\n<p>Inspir\u00e9 de l\u2019incontournable Oktoberfest allemande, l\u2019\u00e9v\u00e9nement promet un moment festif autour d\u2019un banquet complet avec entr\u00e9e, bretzel, plat et boisson, le tout dans une ambiance conviviale et musicale.<\/p>\n<p>Accessible d\u00e8s 13 ans (accompagn\u00e9 d\u2019un adulte pour les mineurs), le rendez-vous se veut joyeux, mais responsable. Les organisateurs rappellent qu\u2019il est obligatoire de r\u00e9server sa place \u00e0 l\u2019avance, aucune billetterie ne sera disponible sur place.<\/p>\n<p>Au programme : ambiance conviviale, bi\u00e8re locale, musique et danse, le tout dans un esprit festif et responsable, avec un espace pr\u00e9vention et des solutions pour un retour en toute s\u00e9curit\u00e9.<\/p>\n<p>La toute premi\u00e8re \u00e9dition de cet \u00e9v\u00e9nement se tiendra dans l\u2019esprit des grandes tabl\u00e9es bavaroises, avec deux groupes pour animer les soir\u00e9es et une ambiance festive sans piste de danse.\u00a0<\/p>\n<p>Les participants sont invit\u00e9s \u00e0 adopter le style traditionnel, tandis que Alpexpo recr\u00e9era l\u2019atmosph\u00e8re munichoise avec une mise en sc\u00e8ne soign\u00e9e.<\/p>\n<p>Prost !<\/p>\n","protected":false},"excerpt":{"rendered":"L\u2019Oktoberfest, c\u00e9l\u00e8bre f\u00eate de la bi\u00e8re originaire d\u2019Allemagne, fera escale \u00e0 Alpexpo Grenoble les vendredi 17 et samedi&hellip;\n","protected":false},"author":2,"featured_media":460856,"comment_status":"","ping_status":"","sticky":false,"template":"","format":"standard","meta":{"footnotes":""},"categories":[9566],"tags":[1111,11,7733,8279,2430,7736,650,7734,2889,2263,1777,674,1011,27,2731,8280,6417,1114,108,4662,12,3725,1825,25,7737],"class_list":{"0":"post-460855","1":"post","2":"type-post","3":"status-publish","4":"format-standard","5":"has-post-thumbnail","7":"category-grenoble","8":"tag-actu","9":"tag-actualites","10":"tag-alpes","11":"tag-alpes1","12":"tag-auvergne-rhone-alpes","13":"tag-cds","14":"tag-cinema","15":"tag-ecoute","16":"tag-emission","17":"tag-equipe","18":"tag-eu","19":"tag-europe","20":"tag-fr","21":"tag-france","22":"tag-grenoble","23":"tag-haute","24":"tag-information","25":"tag-infos","26":"tag-isere","27":"tag-journal","28":"tag-news","29":"tag-podcast","30":"tag-radio","31":"tag-republique-francaise","32":"tag-winamp"},"share_on_mastodon":{"url":"https:\/\/pubeurope.com\/@fr\/115369094965237735","error":""},"_links":{"self":[{"href":"https:\/\/www.europesays.com\/fr\/wp-json\/wp\/v2\/posts\/460855","targetHints":{"allow":["GET"]}}],"collection":[{"href":"https:\/\/www.europesays.com\/fr\/wp-json\/wp\/v2\/posts"}],"about":[{"href":"https:\/\/www.europesays.com\/fr\/wp-json\/wp\/v2\/types\/post"}],"author":[{"embeddable":true,"href":"https:\/\/www.europesays.com\/fr\/wp-json\/wp\/v2\/users\/2"}],"replies":[{"embeddable":true,"href":"https:\/\/www.europesays.com\/fr\/wp-json\/wp\/v2\/comments?post=460855"}],"version-history":[{"count":0,"href":"https:\/\/www.europesays.com\/fr\/wp-json\/wp\/v2\/posts\/460855\/revisions"}],"wp:featuredmedia":[{"embeddable":true,"href":"https:\/\/www.europesays.com\/fr\/wp-json\/wp\/v2\/media\/460856"}],"wp:attachment":[{"href":"https:\/\/www.europesays.com\/fr\/wp-json\/wp\/v2\/media?parent=460855"}],"wp:term":[{"taxonomy":"category","embeddable":true,"href":"https:\/\/www.europesays.com\/fr\/wp-json\/wp\/v2\/categories?post=460855"},{"taxonomy":"post_tag","embeddable":true,"href":"https:\/\/www.europesays.com\/fr\/wp-json\/wp\/v2\/tags?post=460855"}],"curies":[{"name":"wp","href":"https:\/\/api.w.org\/{rel}","templated":true}]}}