{"id":460861,"date":"2025-10-13T22:00:23","date_gmt":"2025-10-13T22:00:23","guid":{"rendered":"https:\/\/www.europesays.com\/fr\/460861\/"},"modified":"2025-10-13T22:00:23","modified_gmt":"2025-10-13T22:00:23","slug":"strasbourg-a-pole-sud-le-choregraphe-marco-dagostin-entre-broadway-et-les-dinosaures","status":"publish","type":"post","link":"https:\/\/www.europesays.com\/fr\/460861\/","title":{"rendered":"Strasbourg. \u00c0 P\u00f4le-Sud, le chor\u00e9graphe Marco d\u2019Agostin entre Broadway et les dinosaures"},"content":{"rendered":"<p>Avec l\u2019ironie qui le caract\u00e9rise, l\u2019artiste t\u00e9lescope des situations incongrues. Il incarne un myst\u00e9rieux pal\u00e9ontologue qui nous raconte la chute d\u2019un ast\u00e9ro\u00efde sur la Terre causant l\u2019extinction des dinosaures. Quand soudain son discours scientifique d\u00e9rape et laisse envahir par l\u2019irr\u00e9pressible envie de danser et de chanter. Comme dans une com\u00e9die musicale de Broadway. Entre poussi\u00e8re et paillettes, danse, pal\u00e9ontologie et sentiments.<\/p>\n<p>De plus en plus absurdes voire ridicules, les postures font basculer la conf\u00e9rence sur l\u2019extinction des dinosaures vers l\u2019exaltation des sens. La voix se d\u00e9synchronise, le corps d\u00e9rive. Seul en sc\u00e8ne, Marco d\u2019Agostin c\u00e9l\u00e8bre un duo entre la vie et la mort, la conf\u00e9rence et le showbiz, le s\u00e9rieux et le populaire. Comment r\u00e9sister\u00a0?<\/p>\n<p class=\"note\">Rencontre avec Marco d\u2019Agostin, ce 15\u00a0octobre \u00e0 12\u00a0h\u00a030, au Portique de l\u2019universit\u00e9 de Strasbourg. Entr\u00e9e libre. Spectacle, ces 15 et 16\u00a0octobre \u00e0 20\u00a0h\u00a030 \u00e0 P\u00f4le-Sud, \u00e0 Strasbourg, 1\u00a0h\u00a015. Tarifs\u00a0: de 6 \u00e0 26\u00a0\u20ac. pole-sud.fr<\/p>\n","protected":false},"excerpt":{"rendered":"Avec l\u2019ironie qui le caract\u00e9rise, l\u2019artiste t\u00e9lescope des situations incongrues. Il incarne un myst\u00e9rieux pal\u00e9ontologue qui nous raconte&hellip;\n","protected":false},"author":2,"featured_media":460862,"comment_status":"","ping_status":"","sticky":false,"template":"","format":"standard","meta":{"footnotes":""},"categories":[2820],"tags":[1111,11,2389,1687,2880,1777,674,107,1011,27,775,12,25,3140,640,2879],"class_list":{"0":"post-460861","1":"post","2":"type-post","3":"status-publish","4":"format-standard","5":"has-post-thumbnail","7":"category-strasbourg","8":"tag-actu","9":"tag-actualites","10":"tag-alsace","11":"tag-culture-loisirs","12":"tag-edition-strasbourg","13":"tag-eu","14":"tag-europe","15":"tag-fil-info","16":"tag-fr","17":"tag-france","18":"tag-grand-est","19":"tag-news","20":"tag-republique-francaise","21":"tag-spectacle","22":"tag-strasbourg","23":"tag-strasbourg-ville"},"share_on_mastodon":{"url":"https:\/\/pubeurope.com\/@fr\/115369110697216268","error":""},"_links":{"self":[{"href":"https:\/\/www.europesays.com\/fr\/wp-json\/wp\/v2\/posts\/460861","targetHints":{"allow":["GET"]}}],"collection":[{"href":"https:\/\/www.europesays.com\/fr\/wp-json\/wp\/v2\/posts"}],"about":[{"href":"https:\/\/www.europesays.com\/fr\/wp-json\/wp\/v2\/types\/post"}],"author":[{"embeddable":true,"href":"https:\/\/www.europesays.com\/fr\/wp-json\/wp\/v2\/users\/2"}],"replies":[{"embeddable":true,"href":"https:\/\/www.europesays.com\/fr\/wp-json\/wp\/v2\/comments?post=460861"}],"version-history":[{"count":0,"href":"https:\/\/www.europesays.com\/fr\/wp-json\/wp\/v2\/posts\/460861\/revisions"}],"wp:featuredmedia":[{"embeddable":true,"href":"https:\/\/www.europesays.com\/fr\/wp-json\/wp\/v2\/media\/460862"}],"wp:attachment":[{"href":"https:\/\/www.europesays.com\/fr\/wp-json\/wp\/v2\/media?parent=460861"}],"wp:term":[{"taxonomy":"category","embeddable":true,"href":"https:\/\/www.europesays.com\/fr\/wp-json\/wp\/v2\/categories?post=460861"},{"taxonomy":"post_tag","embeddable":true,"href":"https:\/\/www.europesays.com\/fr\/wp-json\/wp\/v2\/tags?post=460861"}],"curies":[{"name":"wp","href":"https:\/\/api.w.org\/{rel}","templated":true}]}}