{"id":460867,"date":"2025-10-13T22:03:16","date_gmt":"2025-10-13T22:03:16","guid":{"rendered":"https:\/\/www.europesays.com\/fr\/460867\/"},"modified":"2025-10-13T22:03:16","modified_gmt":"2025-10-13T22:03:16","slug":"appels-durgence-pompiers-de-nice-alerte-rouge-sur-la-promenade-des-anglais-appels-durgence","status":"publish","type":"post","link":"https:\/\/www.europesays.com\/fr\/460867\/","title":{"rendered":"Appels d&rsquo;urgence &#8211; Pompiers de Nice : Alerte rouge sur la promenade des Anglais &#8211; Appels d&rsquo;urgence"},"content":{"rendered":"<p id=\"descriptionPanel\" class=\"text-secondary mr-2 line-clamp-2 pr-2.5 overflow-visible\">L&rsquo;\u00e9t\u00e9 \u00e0 Nice, les pompiers font face \u00e0 un d\u00e9fi colossal avec l&rsquo;afflux de touristes. Accidents, noyades et malaises se multiplient. \u00c0 la caserne de Nice Hancy, 14 pompiers se relaient sans rel\u00e2che. Les infirmiers pompiers g\u00e8rent les cas les plus critiques, toujours pr\u00eats \u00e0 intervenir pour sauver des vies dans cette effervescence estivale.<\/p>\n<p>Afficher la version longue du r\u00e9sum\u00e9<a class=\"shrink-0\" href=\"https:\/\/www.tf1.fr\/tfx\/appels-urgence\" target=\"_blank\" rel=\"noopener\"><img decoding=\"async\" src=\"https:\/\/www.europesays.com\/fr\/wp-content\/uploads\/2025\/07\/flux-vignette-portrait-appels-durgence-2023-178c48-14a767-5ddf28-0@1x.jpg\" width=\"138\" height=\"184\" alt=\"\" loading=\"eager\" fetchpriority=\"auto\" class=\"rounded-3px aspect-[3\/4] h-24 w-auto\" aria-hidden=\"true\"\/><\/a><img alt=\"Sous-Titrage T\u00e9l\u00e9texte\" loading=\"lazy\" width=\"27\" height=\"20\" decoding=\"async\" data-nimg=\"1\" style=\"color:transparent\" src=\"https:\/\/www.tf1.fr\/public\/_next\/static\/media\/sme.b8f879c0.svg\"\/>13 oct. 2025 \u00e0 21:10<\/p>\n","protected":false},"excerpt":{"rendered":"L&rsquo;\u00e9t\u00e9 \u00e0 Nice, les pompiers font face \u00e0 un d\u00e9fi colossal avec l&rsquo;afflux de touristes. Accidents, noyades et&hellip;\n","protected":false},"author":2,"featured_media":460868,"comment_status":"","ping_status":"","sticky":false,"template":"","format":"standard","meta":{"footnotes":""},"categories":[2819],"tags":[1111,11,23233,23232,48024,48029,48033,48022,48030,48034,48027,48026,2889,23231,48023,48021,1777,674,1011,27,12,2401,882,25,23235,48028,48031,48032,23234,48025],"class_list":{"0":"post-460867","1":"post","2":"type-post","3":"status-publish","4":"format-standard","5":"has-post-thumbnail","7":"category-nice","8":"tag-actu","9":"tag-actualites","10":"tag-appels-durgence","11":"tag-appels-durgence-emission","12":"tag-appels-durgence-emission-tfx","13":"tag-appels-durgence-streaming","14":"tag-appels-durgence-streaming-gratuit","15":"tag-appels-durgence-tfx","16":"tag-appels-durgence-tfx-streaming","17":"tag-appels-durgence-tfx-streaming-gratuit","18":"tag-appels-durgence-tfx-video","19":"tag-appels-durgence-video","20":"tag-emission","21":"tag-emission-appels-durgence","22":"tag-emission-appels-durgence-tfx","23":"tag-emission-tfx","24":"tag-eu","25":"tag-europe","26":"tag-fr","27":"tag-france","28":"tag-news","29":"tag-nice","30":"tag-provence-alpes-cote-dazur","31":"tag-republique-francaise","32":"tag-streaming-appels-durgence","33":"tag-streaming-appels-durgence-tfx","34":"tag-streaming-gratuit-appels-durgence","35":"tag-streaming-gratuit-appels-durgence-tfx","36":"tag-video-appels-durgence","37":"tag-video-appels-durgence-tfx"},"share_on_mastodon":{"url":"","error":"Validation failed: Text character limit of 500 exceeded"},"_links":{"self":[{"href":"https:\/\/www.europesays.com\/fr\/wp-json\/wp\/v2\/posts\/460867","targetHints":{"allow":["GET"]}}],"collection":[{"href":"https:\/\/www.europesays.com\/fr\/wp-json\/wp\/v2\/posts"}],"about":[{"href":"https:\/\/www.europesays.com\/fr\/wp-json\/wp\/v2\/types\/post"}],"author":[{"embeddable":true,"href":"https:\/\/www.europesays.com\/fr\/wp-json\/wp\/v2\/users\/2"}],"replies":[{"embeddable":true,"href":"https:\/\/www.europesays.com\/fr\/wp-json\/wp\/v2\/comments?post=460867"}],"version-history":[{"count":0,"href":"https:\/\/www.europesays.com\/fr\/wp-json\/wp\/v2\/posts\/460867\/revisions"}],"wp:featuredmedia":[{"embeddable":true,"href":"https:\/\/www.europesays.com\/fr\/wp-json\/wp\/v2\/media\/460868"}],"wp:attachment":[{"href":"https:\/\/www.europesays.com\/fr\/wp-json\/wp\/v2\/media?parent=460867"}],"wp:term":[{"taxonomy":"category","embeddable":true,"href":"https:\/\/www.europesays.com\/fr\/wp-json\/wp\/v2\/categories?post=460867"},{"taxonomy":"post_tag","embeddable":true,"href":"https:\/\/www.europesays.com\/fr\/wp-json\/wp\/v2\/tags?post=460867"}],"curies":[{"name":"wp","href":"https:\/\/api.w.org\/{rel}","templated":true}]}}