{"id":460869,"date":"2025-10-13T22:04:10","date_gmt":"2025-10-13T22:04:10","guid":{"rendered":"https:\/\/www.europesays.com\/fr\/460869\/"},"modified":"2025-10-13T22:04:10","modified_gmt":"2025-10-13T22:04:10","slug":"dans-le-vignoble-de-nantes-une-femme-enceinte-grievement-blessee-par-son-chien","status":"publish","type":"post","link":"https:\/\/www.europesays.com\/fr\/460869\/","title":{"rendered":"Dans le vignoble de Nantes, une femme enceinte gri\u00e8vement bless\u00e9e par son chien"},"content":{"rendered":"<p>Que s\u2019est-il pass\u00e9 au village de la Bernardi\u00e8re, \u00e0 La Chapelle-Heulin, ce lundi 13\u00a0octobre, aux alentours de 16\u00a0h\u00a030\u00a0? Pourquoi ce chien de race American Bully XL a-t-il attaqu\u00e9 sa ma\u00eetresse\u00a0? Une source proche du dossier \u00e9voque une sc\u00e8ne <strong>\u00ab\u00a0particuli\u00e8rement sanglante\u00a0\u00bb.<\/strong><\/p>\n<p>La victime est une femme de 36\u00a0ans, enceinte de sept mois. Elle a \u00e9t\u00e9 transport\u00e9e par le Smur au CHU de Nantes, gri\u00e8vement bless\u00e9e, notamment au bras.<\/p>\n<p>L\u2019animal euthanasi\u00e9<\/p>\n<p>Une autre femme de 45\u00a0ans, qui serait une voisine, a \u00e9galement \u00e9t\u00e9 bless\u00e9e, mais moins gravement et a \u00e9t\u00e9 laiss\u00e9e sur place apr\u00e8s auscultation.\u00a0Apr\u00e8s concertation avec les autorit\u00e9s, le chien a \u00e9t\u00e9 euthanasi\u00e9 par un v\u00e9t\u00e9rinaire habilit\u00e9, indiquent, ce lundi soir, les sapeurs-pompiers de Loire-Atlantique dans leur bulletin.<\/p>\n<p>Une race interdite en Angleterre<\/p>\n<p>Les chiens de race American bully XL sont interdits en Angleterre depuis f\u00e9vrier\u00a02024, apr\u00e8s plusieurs attaques.\u00a0En France, le minist\u00e8re de l\u2019Int\u00e9rieur indiquait, en juin dernier,<strong> \u00ab\u00a0r\u00e9fl\u00e9chir \u00e0 faire \u00e9voluer la l\u00e9gislation dans le sens d\u2019une pr\u00e9vention renforc\u00e9e des risques que peut pr\u00e9senter le comportement de ce type de chien\u00a0\u00bb.<\/strong> Aujourd\u2019hui, l\u2019American bully XL ne figure pas parmi les races reconnues comme dangereuses en France.<\/p>\n<p>\u00a0<\/p>\n","protected":false},"excerpt":{"rendered":"Que s\u2019est-il pass\u00e9 au village de la Bernardi\u00e8re, \u00e0 La Chapelle-Heulin, ce lundi 13\u00a0octobre, aux alentours de 16\u00a0h\u00a030\u00a0?&hellip;\n","protected":false},"author":2,"featured_media":460870,"comment_status":"","ping_status":"","sticky":false,"template":"","format":"standard","meta":{"footnotes":""},"categories":[2818],"tags":[1111,11,10620,4850,28944,1777,674,1294,1011,27,3915,2047,766,12,2636,25,4714],"class_list":{"0":"post-460869","1":"post","2":"type-post","3":"status-publish","4":"format-standard","5":"has-post-thumbnail","7":"category-nantes","8":"tag-actu","9":"tag-actualites","10":"tag-blessee","11":"tag-chien","12":"tag-enceinte","13":"tag-eu","14":"tag-europe","15":"tag-femme","16":"tag-fr","17":"tag-france","18":"tag-grievement","19":"tag-mans","20":"tag-nantes","21":"tag-news","22":"tag-pays-de-la-loire","23":"tag-republique-francaise","24":"tag-vignoble"},"share_on_mastodon":{"url":"https:\/\/pubeurope.com\/@fr\/115369127113413175","error":""},"_links":{"self":[{"href":"https:\/\/www.europesays.com\/fr\/wp-json\/wp\/v2\/posts\/460869","targetHints":{"allow":["GET"]}}],"collection":[{"href":"https:\/\/www.europesays.com\/fr\/wp-json\/wp\/v2\/posts"}],"about":[{"href":"https:\/\/www.europesays.com\/fr\/wp-json\/wp\/v2\/types\/post"}],"author":[{"embeddable":true,"href":"https:\/\/www.europesays.com\/fr\/wp-json\/wp\/v2\/users\/2"}],"replies":[{"embeddable":true,"href":"https:\/\/www.europesays.com\/fr\/wp-json\/wp\/v2\/comments?post=460869"}],"version-history":[{"count":0,"href":"https:\/\/www.europesays.com\/fr\/wp-json\/wp\/v2\/posts\/460869\/revisions"}],"wp:featuredmedia":[{"embeddable":true,"href":"https:\/\/www.europesays.com\/fr\/wp-json\/wp\/v2\/media\/460870"}],"wp:attachment":[{"href":"https:\/\/www.europesays.com\/fr\/wp-json\/wp\/v2\/media?parent=460869"}],"wp:term":[{"taxonomy":"category","embeddable":true,"href":"https:\/\/www.europesays.com\/fr\/wp-json\/wp\/v2\/categories?post=460869"},{"taxonomy":"post_tag","embeddable":true,"href":"https:\/\/www.europesays.com\/fr\/wp-json\/wp\/v2\/tags?post=460869"}],"curies":[{"name":"wp","href":"https:\/\/api.w.org\/{rel}","templated":true}]}}