{"id":460879,"date":"2025-10-13T22:09:10","date_gmt":"2025-10-13T22:09:10","guid":{"rendered":"https:\/\/www.europesays.com\/fr\/460879\/"},"modified":"2025-10-13T22:09:10","modified_gmt":"2025-10-13T22:09:10","slug":"la-police-etait-en-embuscade","status":"publish","type":"post","link":"https:\/\/www.europesays.com\/fr\/460879\/","title":{"rendered":"la police \u00e9tait en embuscade"},"content":{"rendered":"<p>            Par<br \/>\n        <strong><br \/>\n            <a href=\"https:\/\/actu.fr\/auteur\/david-saint-sernin\" title=\"Consulter tous les articles de David Saint-Sernin\" target=\"_blank\" rel=\"noopener\">David Saint-Sernin<\/a><br \/>\n        <\/strong><\/p>\n<p>        Publi\u00e9 le<\/p>\n<p>            13 oct. 2025 \u00e0 19h44        <\/p>\n<p>Pour voir<a href=\"https:\/\/actu.fr\/occitanie\/toulouse_31555\/toulouse-fast-and-furious-quartier-saint-simon-les-habitants-sont-a-bout-face-aux-derapages-de-voitures_61358429.html\" target=\"_blank\" rel=\"noopener\"> Fast and Furious 11 au cin\u00e9ma<\/a>, il va encore falloir s\u2019armer de patience, la sortie du film ayant \u00e9t\u00e9 report\u00e9e \u00e0 2026. Sans attendre la suite de la saga cin\u00e9matographique, deux hommes ont d\u00e9cid\u00e9 de rejouer une sc\u00e8ne de course \u00ab\u00a0furieuse\u00a0\u00bb<a href=\"https:\/\/actu.fr\/occitanie\/toulouse_31555\/toulouse-ce-batiment-pres-du-periph-va-etre-desosse-voici-le-projet-qui-doit-prendre-sa-place_63271499.html\" target=\"_blank\" rel=\"noopener\">\u00a0sur le p\u00e9riph\u00e9rique de Toulouse.<\/a><\/p>\n<p>Flash\u00e9s \u00e0 171\u00a0km\/h<\/p>\n<p class=\" wall-content\">Samedi 11 octobre 2025, vers 3h du matin, une op\u00e9ration de vitesse organis\u00e9e par la police a, en effet, flash\u00e9 deux automobilistes \u00e0 hauteur de la sortie de Borderouge.<\/p>\n<p class=\" wall-content\">L\u2019un des conducteurs roulait au volant d\u2019une Audi RS3, l\u2019autre, d\u2019une BMW. Au coude-\u00e0-coude\u2026<\/p>\n<p class=\" wall-content\">Le radar les a flash\u00e9s \u00e0 171\u00a0km\/h au lieu de 90\u00a0km\/h, ce qui en fait l\u2019un des plus gros exc\u00e8s de vitesse de l\u2019ann\u00e9e.<\/p>\n<p>Il roulait sans permis, sous cannabis<\/p>\n<p class=\" wall-content\">Le premier automobiliste, \u00e2g\u00e9 de 20\u00a0ans, roulait sans permis et s\u2019est r\u00e9v\u00e9l\u00e9 positif au cannabis. Il a \u00e9t\u00e9 plac\u00e9 en garde \u00e0 vue\u2026<\/p>\n<p class=\" wall-content\">Le second automobiliste s\u2019est vu retirer le permis. Son v\u00e9hicule est directement parti \u00e0 la fourri\u00e8re.<\/p>\n<p>Vid\u00e9os : en ce moment sur Actu<\/p>\n<p class=\" wall-content\">Dans la nuit de ce mercredi\u00a08 \u00e0 ce jeudi 9\u00a0octobre 2025, un conducteur au volant de sa Volkswagen a \u00e9t\u00e9\u00a0contr\u00f4l\u00e9 \u00e0 252\u00a0km\/h sur une portion de l\u2019A64, qui relie Toulouse \u00e0 Bayonne, pourtant limit\u00e9e\u2026 \u00e0 90\u00a0km\/h.<\/p>\n<p class=\" wall-content\">Personnalisez votre actualit\u00e9 en ajoutant vos villes et m\u00e9dias en favori avec <a href=\"https:\/\/moncompte.actu.fr\" title=\"D\u00e9couvez Mon Actu\" rel=\"nofollow noopener\" data-trk=\"{&quot;cta&quot;:{&quot;action&quot;:&quot;https:\\\/\\\/moncompte.actu.fr&quot;,&quot;category&quot;:&quot;mon compte&quot;,&quot;from&quot;:&quot;article footer&quot;,&quot;name&quot;:&quot;Mon actu&quot;,&quot;type&quot;:&quot;cta&quot;}}\" target=\"_blank\">Mon Actu<\/a>.<\/p>\n","protected":false},"excerpt":{"rendered":"Par David Saint-Sernin Publi\u00e9 le 13 oct. 2025 \u00e0 19h44 Pour voir Fast and Furious 11 au cin\u00e9ma,&hellip;\n","protected":false},"author":2,"featured_media":460880,"comment_status":"","ping_status":"","sticky":false,"template":"","format":"standard","meta":{"footnotes":""},"categories":[2816],"tags":[1111,11,1777,674,118,1011,27,12,2680,4800,1072,25,2312],"class_list":{"0":"post-460879","1":"post","2":"type-post","3":"status-publish","4":"format-standard","5":"has-post-thumbnail","7":"category-toulouse","8":"tag-actu","9":"tag-actualites","10":"tag-eu","11":"tag-europe","12":"tag-faits-divers","13":"tag-fr","14":"tag-france","15":"tag-news","16":"tag-occitanie","17":"tag-peripherique-de-toulouse","18":"tag-police","19":"tag-republique-francaise","20":"tag-toulouse"},"share_on_mastodon":{"url":"https:\/\/pubeurope.com\/@fr\/115369146108689467","error":""},"_links":{"self":[{"href":"https:\/\/www.europesays.com\/fr\/wp-json\/wp\/v2\/posts\/460879","targetHints":{"allow":["GET"]}}],"collection":[{"href":"https:\/\/www.europesays.com\/fr\/wp-json\/wp\/v2\/posts"}],"about":[{"href":"https:\/\/www.europesays.com\/fr\/wp-json\/wp\/v2\/types\/post"}],"author":[{"embeddable":true,"href":"https:\/\/www.europesays.com\/fr\/wp-json\/wp\/v2\/users\/2"}],"replies":[{"embeddable":true,"href":"https:\/\/www.europesays.com\/fr\/wp-json\/wp\/v2\/comments?post=460879"}],"version-history":[{"count":0,"href":"https:\/\/www.europesays.com\/fr\/wp-json\/wp\/v2\/posts\/460879\/revisions"}],"wp:featuredmedia":[{"embeddable":true,"href":"https:\/\/www.europesays.com\/fr\/wp-json\/wp\/v2\/media\/460880"}],"wp:attachment":[{"href":"https:\/\/www.europesays.com\/fr\/wp-json\/wp\/v2\/media?parent=460879"}],"wp:term":[{"taxonomy":"category","embeddable":true,"href":"https:\/\/www.europesays.com\/fr\/wp-json\/wp\/v2\/categories?post=460879"},{"taxonomy":"post_tag","embeddable":true,"href":"https:\/\/www.europesays.com\/fr\/wp-json\/wp\/v2\/tags?post=460879"}],"curies":[{"name":"wp","href":"https:\/\/api.w.org\/{rel}","templated":true}]}}