{"id":460885,"date":"2025-10-13T22:12:18","date_gmt":"2025-10-13T22:12:18","guid":{"rendered":"https:\/\/www.europesays.com\/fr\/460885\/"},"modified":"2025-10-13T22:12:18","modified_gmt":"2025-10-13T22:12:18","slug":"quelles-sont-vos-idees-pour-ameliorer-la-vie-de-votre-quartier","status":"publish","type":"post","link":"https:\/\/www.europesays.com\/fr\/460885\/","title":{"rendered":"quelles sont vos id\u00e9es pour am\u00e9liorer la vie de votre quartier\u00a0?"},"content":{"rendered":"<p>La Provence met \u00e0 l\u2019honneur les quartiers de Marseille. Lundi 20\u00a0octobre, c\u2019est le <a href=\"https:\/\/www.laprovence.com\/region\/Edition-marseille\" target=\"_blank\" rel=\"noopener\">quartier du Chapitre<\/a>, dans le 1er arrondissement qui doit son nom au Cours du Chapitre, ancien nom de l\u2019actuel cours Joseph-Thierry, qui y sera explor\u00e9. En amont de cette parution, donnez votre avis sur ce morceau de ville, anim\u00e9, situ\u00e9 entre la gare Saint-Charles, la Canebi\u00e8re et le boulevard de la Lib\u00e9ration.<\/p>\n<p>Vous habitez le quartier\u00a0? Vous y travaillez\u00a0? Faites-nous part de vos attentes et racontez-nous les difficult\u00e9s que vous rencontrez au quotidien et les solutions que vous pr\u00e9conisez pour les voir dispara\u00eetre. Qu\u2019est-ce qui caract\u00e9rise pour vous le Chapitre\u00a0? Quels sont ses atouts\u00a0? Les projets qui pourraient contribuer \u00e0 am\u00e9liorer votre cadre de vie ou de travail\u00a0?<\/p>\n<p>Votre t\u00e9moignage nous int\u00e9resse\u00a0!<\/p>\n<p>Vous habitez ou travaillez dans le quartier du Chapitre faites nous part de vos id\u00e9es en nous \u00e9crivant \u00e0 l\u2019adresse suivante\u00a0: <a href=\"https:\/\/www.laprovence.com\/cdn-cgi\/l\/email-protection\" class=\"__cf_email__\" data-cfemail=\"a9dbcccdc8caddc0c6c7c4c8dbdaccc0c5c5cce9c5c8d9dbc6dfccc7cacc87cac6c4\" target=\"_blank\" rel=\"noopener\">[email\u00a0protected]<\/a><\/p>\n","protected":false},"excerpt":{"rendered":"La Provence met \u00e0 l\u2019honneur les quartiers de Marseille. Lundi 20\u00a0octobre, c\u2019est le quartier du Chapitre, dans le&hellip;\n","protected":false},"author":2,"featured_media":460886,"comment_status":"","ping_status":"","sticky":false,"template":"","format":"standard","meta":{"footnotes":""},"categories":[2814],"tags":[17,1111,11,1007,58549,1777,674,1011,27,4021,884,12,866,882,4022,16,25,3333,4023],"class_list":{"0":"post-460885","1":"post","2":"type-post","3":"status-publish","4":"format-standard","5":"has-post-thumbnail","7":"category-marseille","8":"tag-17","9":"tag-actu","10":"tag-actualites","11":"tag-aux","12":"tag-chapitre","13":"tag-eu","14":"tag-europe","15":"tag-fr","16":"tag-france","17":"tag-habitants","18":"tag-marseille","19":"tag-news","20":"tag-parole","21":"tag-provence-alpes-cote-dazur","22":"tag-quelles","23":"tag-region","24":"tag-republique-francaise","25":"tag-sont","26":"tag-vos"},"share_on_mastodon":{"url":"https:\/\/pubeurope.com\/@fr\/115369157803292643","error":""},"_links":{"self":[{"href":"https:\/\/www.europesays.com\/fr\/wp-json\/wp\/v2\/posts\/460885","targetHints":{"allow":["GET"]}}],"collection":[{"href":"https:\/\/www.europesays.com\/fr\/wp-json\/wp\/v2\/posts"}],"about":[{"href":"https:\/\/www.europesays.com\/fr\/wp-json\/wp\/v2\/types\/post"}],"author":[{"embeddable":true,"href":"https:\/\/www.europesays.com\/fr\/wp-json\/wp\/v2\/users\/2"}],"replies":[{"embeddable":true,"href":"https:\/\/www.europesays.com\/fr\/wp-json\/wp\/v2\/comments?post=460885"}],"version-history":[{"count":0,"href":"https:\/\/www.europesays.com\/fr\/wp-json\/wp\/v2\/posts\/460885\/revisions"}],"wp:featuredmedia":[{"embeddable":true,"href":"https:\/\/www.europesays.com\/fr\/wp-json\/wp\/v2\/media\/460886"}],"wp:attachment":[{"href":"https:\/\/www.europesays.com\/fr\/wp-json\/wp\/v2\/media?parent=460885"}],"wp:term":[{"taxonomy":"category","embeddable":true,"href":"https:\/\/www.europesays.com\/fr\/wp-json\/wp\/v2\/categories?post=460885"},{"taxonomy":"post_tag","embeddable":true,"href":"https:\/\/www.europesays.com\/fr\/wp-json\/wp\/v2\/tags?post=460885"}],"curies":[{"name":"wp","href":"https:\/\/api.w.org\/{rel}","templated":true}]}}