{"id":460896,"date":"2025-10-13T22:19:10","date_gmt":"2025-10-13T22:19:10","guid":{"rendered":"https:\/\/www.europesays.com\/fr\/460896\/"},"modified":"2025-10-13T22:19:10","modified_gmt":"2025-10-13T22:19:10","slug":"benjamin-lavernhe-il-ne-faut-jamais-croire-les-grands-compliments-ni-les-grandes-attaques","status":"publish","type":"post","link":"https:\/\/www.europesays.com\/fr\/460896\/","title":{"rendered":"Benjamin Lavernhe\u00a0: \u00ab\u00a0Il ne faut jamais croire les grands compliments ni les grandes attaques\u00a0\u00bb"},"content":{"rendered":"<p class=\"PopSlotParagraph qg-tx2 qg-xtra-lh svelte-1r0pyek\">Extraits diffus\u00e9s\u00a0:<\/p>\n<ul>\n<li>Bande annonce Le Mariage forc\u00e9 de Moli\u00e8re mise en sc\u00e8ne et masques Louis Arene (2025)<\/li>\n<li>Benjamin Lavernhe en Pancrace dans Le Mariage forc\u00e9 de Moli\u00e8re mise en sc\u00e8ne et masques de Louis Arene (2025)<\/li>\n<li>Bande annonce Les fourberies de Scapin de Moli\u00e8re mise en sc\u00e8ne de Denis Podalyd\u00e8s (2019)<\/li>\n<li>Le Cid de Pierre Corneille avec G\u00e9rard Philippe au Festival d\u2019Avignon en 1951<\/li>\n<li>Albert Camus lit L&rsquo;Etranger en avril 1954 \u00e0 l\u2019ORTF<\/li>\n<\/ul>\n<p class=\"PopSlotParagraph qg-tx2 qg-xtra-lh svelte-1r0pyek\">Programmation musicale\u00a0:<\/p>\n<ul>\n<li>SEBASTIEN TELLIER &#8211; Naif de coeur<\/li>\n<li>JORJA SMITH &#8211; With you<\/li>\n<li>SERGE GAINSBOURG &#8211;\u00a0L\u2019H\u00f4tel particulier<\/li>\n<\/ul>\n<p class=\"PopSlotParagraph qg-tx2 qg-xtra-lh svelte-1r0pyek\">Le choix musical de l&rsquo;invit\u00e9\u00a0:<\/p>\n<ul>\n<li>BILLY JO\u00cbL\u00a0&#8211;\u00a0She is always a woman<\/li>\n<\/ul>\n<p class=\"PopSlotParagraph qg-tx2 qg-xtra-lh svelte-1r0pyek\">La d\u00e9couverte de l&rsquo;invit\u00e9\u00a0:<\/p>\n<p class=\"PopSlotParagraph qg-tx2 qg-xtra-lh svelte-1r0pyek\">Les Mis\u00e9rables de Victor Hugo et l&rsquo;Etranger d&rsquo;Albert Camus<\/p>\n","protected":false},"excerpt":{"rendered":"Extraits diffus\u00e9s\u00a0: Bande annonce Le Mariage forc\u00e9 de Moli\u00e8re mise en sc\u00e8ne et masques Louis Arene (2025) Benjamin&hellip;\n","protected":false},"author":2,"featured_media":460897,"comment_status":"","ping_status":"","sticky":false,"template":"","format":"standard","meta":{"footnotes":""},"categories":[1888],"tags":[1111,1928,11,1927,1777,674,1011,27,12,1926,626,1925,25],"class_list":{"0":"post-460896","1":"post","2":"type-post","3":"status-publish","4":"format-standard","5":"has-post-thumbnail","7":"category-paris","8":"tag-actu","9":"tag-actu-paris","10":"tag-actualites","11":"tag-actualites-paris","12":"tag-eu","13":"tag-europe","14":"tag-fr","15":"tag-france","16":"tag-news","17":"tag-news-paris","18":"tag-paris","19":"tag-paris-news","20":"tag-republique-francaise"},"share_on_mastodon":{"url":"https:\/\/pubeurope.com\/@fr\/115369185587456506","error":""},"_links":{"self":[{"href":"https:\/\/www.europesays.com\/fr\/wp-json\/wp\/v2\/posts\/460896","targetHints":{"allow":["GET"]}}],"collection":[{"href":"https:\/\/www.europesays.com\/fr\/wp-json\/wp\/v2\/posts"}],"about":[{"href":"https:\/\/www.europesays.com\/fr\/wp-json\/wp\/v2\/types\/post"}],"author":[{"embeddable":true,"href":"https:\/\/www.europesays.com\/fr\/wp-json\/wp\/v2\/users\/2"}],"replies":[{"embeddable":true,"href":"https:\/\/www.europesays.com\/fr\/wp-json\/wp\/v2\/comments?post=460896"}],"version-history":[{"count":0,"href":"https:\/\/www.europesays.com\/fr\/wp-json\/wp\/v2\/posts\/460896\/revisions"}],"wp:featuredmedia":[{"embeddable":true,"href":"https:\/\/www.europesays.com\/fr\/wp-json\/wp\/v2\/media\/460897"}],"wp:attachment":[{"href":"https:\/\/www.europesays.com\/fr\/wp-json\/wp\/v2\/media?parent=460896"}],"wp:term":[{"taxonomy":"category","embeddable":true,"href":"https:\/\/www.europesays.com\/fr\/wp-json\/wp\/v2\/categories?post=460896"},{"taxonomy":"post_tag","embeddable":true,"href":"https:\/\/www.europesays.com\/fr\/wp-json\/wp\/v2\/tags?post=460896"}],"curies":[{"name":"wp","href":"https:\/\/api.w.org\/{rel}","templated":true}]}}