{"id":46090,"date":"2025-04-23T08:22:08","date_gmt":"2025-04-23T08:22:08","guid":{"rendered":"https:\/\/www.europesays.com\/fr\/46090\/"},"modified":"2025-04-23T08:22:08","modified_gmt":"2025-04-23T08:22:08","slug":"immobilier-a-nice-le-debut-de-la-fin-pour-les-locations-airbnb","status":"publish","type":"post","link":"https:\/\/www.europesays.com\/fr\/46090\/","title":{"rendered":"Immobilier\u00a0: \u00e0 Nice, le d\u00e9but de la fin pour les locations Airbnb\u00a0?"},"content":{"rendered":"<p class=\"paragraph text_align_left\">\u00ab J\u2019ai anticip\u00e9. J\u2019avais 14 logements Airbnb <a href=\"https:\/\/www.leparisien.fr\/alpes-maritimes-06\/locations-touristiques-nice-part-a-la-chasse-aux-boites-a-cles-sauvages-06-10-2023-ET4FG4EFXZG2FGBII2IYHVAJ5I.php\" target=\"_blank\" rel=\"noopener\">dans le Vieux-Nice<\/a> et j\u2019ai tout vendu pour me recentrer sur les biens commerciaux. La rentabilit\u00e9 est moindre, mais je suis plus serein\u2026 \u00bb \u00c0 l\u2019image de ce que raconte cet investisseur, rien ne va plus du c\u00f4t\u00e9 des gros propri\u00e9taires de meubl\u00e9s touristiques.<\/p>\n<p class=\"paragraph text_align_left\">Alors que la municipalit\u00e9 des <a href=\"https:\/\/www.leparisien.fr\/alpes-maritimes-06\/\" target=\"_blank\" rel=\"noopener\">Alpes-Maritimes<\/a>, comme d\u2019autres villes en France, durcit la r\u00e9glementation <a href=\"https:\/\/www.leparisien.fr\/immobilier\/airbnb-abritel-booking-vers-un-large-encadrement-des-locations-saisonnieres-29-10-2024-4UHIKI6K3FDZTISHKI6WKCSFUQ.php\" target=\"_blank\" rel=\"noopener\">en s\u2019appuyant sur la r\u00e9cente loi Le Meur<\/a>, ils sont de plus nombreux \u00e0 vouloir se d\u00e9barrasser de leurs logements. \u00ab Parmi les propri\u00e9taires des biens que nous avons en conciergerie, 20 % veulent effectivement revendre et 20 autres souhaitent les louer aux \u00e9tudiants l\u2019ann\u00e9e et aux touristes l\u2019\u00e9t\u00e9 \u00bb, constate Benjamin Mondou, pr\u00e9sident de Century 21 Lafage Transactions.<\/p>\n","protected":false},"excerpt":{"rendered":"\u00ab J\u2019ai anticip\u00e9. J\u2019avais 14 logements Airbnb dans le Vieux-Nice et j\u2019ai tout vendu pour me recentrer sur&hellip;\n","protected":false},"author":2,"featured_media":46091,"comment_status":"","ping_status":"","sticky":false,"template":"","format":"standard","meta":{"footnotes":""},"categories":[2819],"tags":[1111,917,11,6657,459,1777,674,1011,27,1116,12,2401,882,25],"class_list":{"0":"post-46090","1":"post","2":"type-post","3":"status-publish","4":"format-standard","5":"has-post-thumbnail","7":"category-nice","8":"tag-actu","9":"tag-actu-locale","10":"tag-actualites","11":"tag-alpes-maritimes-06","12":"tag-departements-horsidfo","13":"tag-eu","14":"tag-europe","15":"tag-fr","16":"tag-france","17":"tag-immobilier","18":"tag-news","19":"tag-nice","20":"tag-provence-alpes-cote-dazur","21":"tag-republique-francaise"},"share_on_mastodon":{"url":"https:\/\/pubeurope.com\/@fr\/114386314398404618","error":""},"_links":{"self":[{"href":"https:\/\/www.europesays.com\/fr\/wp-json\/wp\/v2\/posts\/46090","targetHints":{"allow":["GET"]}}],"collection":[{"href":"https:\/\/www.europesays.com\/fr\/wp-json\/wp\/v2\/posts"}],"about":[{"href":"https:\/\/www.europesays.com\/fr\/wp-json\/wp\/v2\/types\/post"}],"author":[{"embeddable":true,"href":"https:\/\/www.europesays.com\/fr\/wp-json\/wp\/v2\/users\/2"}],"replies":[{"embeddable":true,"href":"https:\/\/www.europesays.com\/fr\/wp-json\/wp\/v2\/comments?post=46090"}],"version-history":[{"count":0,"href":"https:\/\/www.europesays.com\/fr\/wp-json\/wp\/v2\/posts\/46090\/revisions"}],"wp:featuredmedia":[{"embeddable":true,"href":"https:\/\/www.europesays.com\/fr\/wp-json\/wp\/v2\/media\/46091"}],"wp:attachment":[{"href":"https:\/\/www.europesays.com\/fr\/wp-json\/wp\/v2\/media?parent=46090"}],"wp:term":[{"taxonomy":"category","embeddable":true,"href":"https:\/\/www.europesays.com\/fr\/wp-json\/wp\/v2\/categories?post=46090"},{"taxonomy":"post_tag","embeddable":true,"href":"https:\/\/www.europesays.com\/fr\/wp-json\/wp\/v2\/tags?post=46090"}],"curies":[{"name":"wp","href":"https:\/\/api.w.org\/{rel}","templated":true}]}}