{"id":460900,"date":"2025-10-13T22:21:12","date_gmt":"2025-10-13T22:21:12","guid":{"rendered":"https:\/\/www.europesays.com\/fr\/460900\/"},"modified":"2025-10-13T22:21:12","modified_gmt":"2025-10-13T22:21:12","slug":"les-catacombes-de-paris-ferment-pour-travaux","status":"publish","type":"post","link":"https:\/\/www.europesays.com\/fr\/460900\/","title":{"rendered":"Les catacombes de Paris ferment pour travaux"},"content":{"rendered":"<p>Le 2\u00a0novembre, quelques nuits apr\u00e8s Halloween, les catacombes de Paris proposeront aux visiteurs une derni\u00e8re nocturne, de 19h30 \u00e0 minuit, avant la fermeture du lieu pour cinq mois. Engag\u00e9 depuis plusieurs ann\u00e9es dans des campagnes de modernisation et de s\u00e9curisation, le site de la Ville de Paris pr\u00e9voit cette fois-ci d\u2019am\u00e9liorer les conditions de conservation des ossements, tout comme l\u2019accueil des publics, alors qu\u2019il d\u00e9nombre\u2026<\/p>\n","protected":false},"excerpt":{"rendered":"Le 2\u00a0novembre, quelques nuits apr\u00e8s Halloween, les catacombes de Paris proposeront aux visiteurs une derni\u00e8re nocturne, de 19h30&hellip;\n","protected":false},"author":2,"featured_media":460901,"comment_status":"","ping_status":"","sticky":false,"template":"","format":"standard","meta":{"footnotes":""},"categories":[1888],"tags":[26087,11,1777,674,1011,27,1943,12,626,2551,25,2086],"class_list":{"0":"post-460900","1":"post","2":"type-post","3":"status-publish","4":"format-standard","5":"has-post-thumbnail","7":"category-paris","8":"tag-accessibilite","9":"tag-actualites","10":"tag-eu","11":"tag-europe","12":"tag-fr","13":"tag-france","14":"tag-handicap","15":"tag-news","16":"tag-paris","17":"tag-patrimoine","18":"tag-republique-francaise","19":"tag-travaux"},"share_on_mastodon":{"url":"https:\/\/pubeurope.com\/@fr\/115369193222827876","error":""},"_links":{"self":[{"href":"https:\/\/www.europesays.com\/fr\/wp-json\/wp\/v2\/posts\/460900","targetHints":{"allow":["GET"]}}],"collection":[{"href":"https:\/\/www.europesays.com\/fr\/wp-json\/wp\/v2\/posts"}],"about":[{"href":"https:\/\/www.europesays.com\/fr\/wp-json\/wp\/v2\/types\/post"}],"author":[{"embeddable":true,"href":"https:\/\/www.europesays.com\/fr\/wp-json\/wp\/v2\/users\/2"}],"replies":[{"embeddable":true,"href":"https:\/\/www.europesays.com\/fr\/wp-json\/wp\/v2\/comments?post=460900"}],"version-history":[{"count":0,"href":"https:\/\/www.europesays.com\/fr\/wp-json\/wp\/v2\/posts\/460900\/revisions"}],"wp:featuredmedia":[{"embeddable":true,"href":"https:\/\/www.europesays.com\/fr\/wp-json\/wp\/v2\/media\/460901"}],"wp:attachment":[{"href":"https:\/\/www.europesays.com\/fr\/wp-json\/wp\/v2\/media?parent=460900"}],"wp:term":[{"taxonomy":"category","embeddable":true,"href":"https:\/\/www.europesays.com\/fr\/wp-json\/wp\/v2\/categories?post=460900"},{"taxonomy":"post_tag","embeddable":true,"href":"https:\/\/www.europesays.com\/fr\/wp-json\/wp\/v2\/tags?post=460900"}],"curies":[{"name":"wp","href":"https:\/\/api.w.org\/{rel}","templated":true}]}}