{"id":460907,"date":"2025-10-13T22:25:11","date_gmt":"2025-10-13T22:25:11","guid":{"rendered":"https:\/\/www.europesays.com\/fr\/460907\/"},"modified":"2025-10-13T22:25:11","modified_gmt":"2025-10-13T22:25:11","slug":"le-royaume-uni-organise-discretement-des-discussions-sur-la-reconstruction-de-gaza","status":"publish","type":"post","link":"https:\/\/www.europesays.com\/fr\/460907\/","title":{"rendered":"Le Royaume-Uni organise discr\u00e8tement des discussions sur la reconstruction de Gaza"},"content":{"rendered":"<p>Des dizaines de hauts responsables de pays du Moyen-Orient et d\u2019Europe se sont r\u00e9unis lundi avec de grandes institutions financi\u00e8res mondiales pour discuter de la reconstruction de la bande de Gaza d\u00e9vast\u00e9e.<\/p>\n<p>\u00c0 l\u2019\u00e9cart du sommet m\u00e9diatis\u00e9 sur Gaza \u00e0 Charm el-Cheikh, en \u00c9gypte, le minist\u00e8re britannique des Affaires \u00e9trang\u00e8res a rassembl\u00e9 discr\u00e8tement des responsables du Moyen-Orient et d\u2019Europe dans un manoir isol\u00e9 au c\u0153ur de la campagne du sud de l\u2019Angleterre.<\/p>\n<p>L\u2019objectif de cette conf\u00e9rence de trois jours \u00e9tait de lancer les \u00abefforts cruciaux de planification et de coordination pour Gaza apr\u00e8s la guerre\u00bb, dirig\u00e9s par les Palestiniens, selon un communiqu\u00e9 du bureau du Premier ministre britannique.<\/p>\n<p>\u00abNous devons \u00eatre pr\u00eats \u00e0 agir, d\u00e9blayer les d\u00e9combres, reconstruire les maisons et installer les infrastructures, en r\u00e9tablissant l\u2019acc\u00e8s \u00e0 l\u2019\u00e9ducation et aux soins de sant\u00e9\u00bb, a ajout\u00e9 le ministre adjoint des Affaires \u00e9trang\u00e8res, Hamish Falconer.<\/p>\n<p>\u00abNous connaissons l\u2019ampleur de la t\u00e2che, son urgence et sa complexit\u00e9\u00bb, a-t-il pr\u00e9cis\u00e9, soulignant que \u00abcela prendra des ann\u00e9es et co\u00fbtera des milliards\u00bb.<\/p>\n<p>L\u2019offensive isra\u00e9lienne sur Gaza, d\u00e9clench\u00e9e par l\u2019attaque du Hamas sur Isra\u00ebl le 7 octobre 2023, a laiss\u00e9 une grande partie du territoire palestinien en ruines et d\u00e9plac\u00e9 la majorit\u00e9 de sa population.<\/p>\n<p>Le gouvernement britannique a indiqu\u00e9 que les discussions \u00e0 Wilton Park, dans le West Sussex, g\u00e9r\u00e9es par le Foreign Office, ont r\u00e9uni \u00abdes repr\u00e9sentants d\u2019entreprises, de la soci\u00e9t\u00e9 civile et des gouvernements pour initier les efforts cruciaux de planification et de coordination pour Gaza apr\u00e8s la guerre\u00bb.<\/p>\n<p>L\u2019Autorit\u00e9 palestinienne \u00e9tait repr\u00e9sent\u00e9e, ainsi que des responsables de pays comme la Jordanie, l\u2019Arabie saoudite, l\u2019Allemagne et l\u2019Italie, selon le bureau du Premier ministre.<\/p>\n<p>Des repr\u00e9sentants de la Banque mondiale et de la Banque europ\u00e9enne pour la reconstruction et le d\u00e9veloppement participaient \u00e9galement pour soutenir ce que Falconer a appel\u00e9 un Plan arabe de reconstruction.<\/p>\n<p>\u00abNous devons aussi pr\u00e9parer le terrain pour un d\u00e9veloppement \u00e9conomique \u00e0 long terme\u00bb, a insist\u00e9 Falconer, affirmant que \u00abGaza et la Palestine, plus largement, ont un v\u00e9ritable potentiel \u00e9conomique\u00bb.<\/p>\n<p>Les discussions visaient \u00e0 examiner comment \u00abd\u00e9bloquer les vastes ressources n\u00e9cessaires, non seulement par le financement traditionnel des donateurs, mais aussi en faisant preuve de cr\u00e9ativit\u00e9 pour attirer des capitaux priv\u00e9s\u00bb, a-t-il ajout\u00e9.<\/p>\n<p>Le Royaume-Uni est bien plac\u00e9 pour aider, avec sa \u00abgrande expertise en investissement priv\u00e9 et ses liens solides avec la City de Londres\u00bb.<\/p>\n<p>AFP<\/p>\n","protected":false},"excerpt":{"rendered":"Des dizaines de hauts responsables de pays du Moyen-Orient et d\u2019Europe se sont r\u00e9unis lundi avec de grandes&hellip;\n","protected":false},"author":2,"featured_media":460908,"comment_status":"","ping_status":"","sticky":false,"template":"","format":"standard","meta":{"footnotes":""},"categories":[1588],"tags":[11,1777,674,12,473,1853,1851,1850,1852],"class_list":{"0":"post-460907","1":"post","2":"type-post","3":"status-publish","4":"format-standard","5":"has-post-thumbnail","7":"category-royaume-uni","8":"tag-actualites","9":"tag-eu","10":"tag-europe","11":"tag-news","12":"tag-royaume-uni","13":"tag-royaume-uni-de-grande-bretagne-et-dirlande-du-nord","14":"tag-uk","15":"tag-united-kingdom","16":"tag-united-kingdom-of-great-britain-and-northern-ireland"},"share_on_mastodon":{"url":"https:\/\/pubeurope.com\/@fr\/115369208953650996","error":""},"_links":{"self":[{"href":"https:\/\/www.europesays.com\/fr\/wp-json\/wp\/v2\/posts\/460907","targetHints":{"allow":["GET"]}}],"collection":[{"href":"https:\/\/www.europesays.com\/fr\/wp-json\/wp\/v2\/posts"}],"about":[{"href":"https:\/\/www.europesays.com\/fr\/wp-json\/wp\/v2\/types\/post"}],"author":[{"embeddable":true,"href":"https:\/\/www.europesays.com\/fr\/wp-json\/wp\/v2\/users\/2"}],"replies":[{"embeddable":true,"href":"https:\/\/www.europesays.com\/fr\/wp-json\/wp\/v2\/comments?post=460907"}],"version-history":[{"count":0,"href":"https:\/\/www.europesays.com\/fr\/wp-json\/wp\/v2\/posts\/460907\/revisions"}],"wp:featuredmedia":[{"embeddable":true,"href":"https:\/\/www.europesays.com\/fr\/wp-json\/wp\/v2\/media\/460908"}],"wp:attachment":[{"href":"https:\/\/www.europesays.com\/fr\/wp-json\/wp\/v2\/media?parent=460907"}],"wp:term":[{"taxonomy":"category","embeddable":true,"href":"https:\/\/www.europesays.com\/fr\/wp-json\/wp\/v2\/categories?post=460907"},{"taxonomy":"post_tag","embeddable":true,"href":"https:\/\/www.europesays.com\/fr\/wp-json\/wp\/v2\/tags?post=460907"}],"curies":[{"name":"wp","href":"https:\/\/api.w.org\/{rel}","templated":true}]}}