{"id":460913,"date":"2025-10-13T22:28:27","date_gmt":"2025-10-13T22:28:27","guid":{"rendered":"https:\/\/www.europesays.com\/fr\/460913\/"},"modified":"2025-10-13T22:28:27","modified_gmt":"2025-10-13T22:28:27","slug":"nicolas-sarkozy-sera-le-premier-ex-chef-detat-de-lunion-europeenne-a-aller-en-prison-13-10-2025-a-1444","status":"publish","type":"post","link":"https:\/\/www.europesays.com\/fr\/460913\/","title":{"rendered":"Nicolas Sarkozy sera le premier ex-chef d&rsquo;\u00c9tat de l&rsquo;Union europ\u00e9enne \u00e0 aller en prison &#8211; 13\/10\/2025 \u00e0 14:44"},"content":{"rendered":"<p> Bien qu&rsquo;ayant fait appel de sa condamnation, Nicolas Sarkozy va \u00eatre incarc\u00e9r\u00e9 en raison du mandat de d\u00e9p\u00f4t avec ex\u00e9cution provisoire prononc\u00e9 \u00e0 son encontre.<\/p>\n<p>        <img fetchpriority=\"high\" decoding=\"async\" src=\"https:\/\/www.europesays.com\/fr\/wp-content\/uploads\/2025\/10\/3727a58dae3a7f57246f9952c49832c5-760x507.jpg\" alt=\"Nicolas Sarkozy \u00e0 Paris, le 25 septembre 2025. ( AFP \/ JULIEN DE ROSA )\" loading=\"eager\" width=\"760\" height=\"507\" style=\"max-width: 100%!important; height: auto;\"\/><\/p>\n<p class=\"c-image-news__legend\">Nicolas Sarkozy \u00e0 Paris, le 25 septembre 2025. ( AFP \/ JULIEN DE ROSA )<\/p>\n<p>\n C&rsquo;est une premi\u00e8re dans l&rsquo;EU : apr\u00e8s sa condamnation \u00e0 cinq ans de prison ferme, Nicolas Sarkozy sera le premier ex-chef d&rsquo;\u00c9tat d&rsquo;un pays de l&rsquo;Union \u00e0 aller derri\u00e8re les barreaux. Il doit<br \/>\n <a href=\"https:\/\/www.boursorama.com\/actualite-economique\/actualites\/dossier-libyen-nicolas-sarkozy-sera-incarcere-le-21-octobre-a-la-prison-de-la-sante-42016e50e6e581005e2cae232d64776c\" title=\"Dossier libyen: Nicolas Sarkozy sera incarc\u00e9r\u00e9 le 21 octobre \u00e0 la prison de la Sant\u00e9\" rel=\"nofollow noopener\" target=\"_blank\"><br \/>\n  conna\u00eetre lundi 13 octobre les modalit\u00e9s de son incarc\u00e9ration<br \/>\n <\/a><br \/>\n .\n<\/p>\n<p>\n Pr\u00e9sident de 2007 \u00e0 2012, Nicolas Sarkozy a \u00e9t\u00e9 condamn\u00e9 le 25 septembre pour association de malfaiteurs, pour avoir laiss\u00e9 ses plus proches collaborateurs d\u00e9marcher la Libye de Mouammar Kadhafi en vue d&rsquo;un financement ill\u00e9gal de sa campagne pr\u00e9sidentielle victorieuse de 2007.<br \/>\n <strong><br \/>\n  Bien qu&rsquo;ayant fait appel, il va \u00eatre incarc\u00e9r\u00e9 en raison du mandat de d\u00e9p\u00f4t avec ex\u00e9cution provisoire prononc\u00e9 \u00e0 son encontre.<br \/>\n <\/strong>\n<\/p>\n<p>\n Aucun autre ex-chef d&rsquo;\u00c9tat de l&rsquo;UE n&rsquo;est all\u00e9 en prison apr\u00e8s son mandat.\n<\/p>\n<p>\n Ce constat ne prend en compte que les chefs d&rsquo;\u00c9tat qui ont gouvern\u00e9 alors que leur pays \u00e9tait membre de l&rsquo;UE ou de l&rsquo;une de ses devanci\u00e8res (Communaut\u00e9 europ\u00e9enne du charbon et de l&rsquo;acier, Communaut\u00e9 europ\u00e9enne&#8230;). Les chefs de gouvernement ne sont pas inclus.\n<\/p>\n<p>\n En revanche, certains pays de l&rsquo;UE ont eu, avant leur entr\u00e9e dans l&rsquo;Union, d&rsquo;anciens chefs d&rsquo;\u00c9tat incarc\u00e9r\u00e9s. C&rsquo;est le cas de la Gr\u00e8ce et de Chypre. Georgios Papadopoulos, ancien homme fort de la dictature des colonels (1967-1974), fut condamn\u00e9 \u00e0 mort en 1975 pour haute trahison, peine commu\u00e9e par la suite en prison \u00e0 vie qu&rsquo;il purgea jusqu&rsquo;\u00e0 sa mort en 1999.\n<\/p>\n<p> Jacques Chirac condamn\u00e9 mais pas incarc\u00e9r\u00e9<\/p>\n<p>\n \u00c0 Chypre, N\u00edkos Sampson, \u00e9ph\u00e9m\u00e8re pr\u00e9sident en 1974 lors d&rsquo;un coup d&rsquo;\u00c9tat qui visait \u00e0 rattacher l&rsquo;\u00eele \u00e0 la Gr\u00e8ce, fut condamn\u00e9 en 1976 \u00e0 20 ans de prison. Il en fera moins de 10.\n<\/p>\n<p>\n En Bulgarie, l&rsquo;ancien dictateur communiste Todor Jivkov (1954-1989) \u00e9chappa lui \u00e0 la prison. Condamn\u00e9 en 1992 \u00e0 sept ans de prison pour d\u00e9tournement de fonds et abus de pouvoir, il sera finalement assign\u00e9 \u00e0 r\u00e9sidence.\n<\/p>\n<p>\n L&rsquo;ex-pr\u00e9sident fran\u00e7ais Jacques Chirac (1995-2007) ne fut, quant \u00e0 lui, condamn\u00e9 qu&rsquo;\u00e0 du sursis en 2011 dans le dossier des emplois fictifs de la ville de Paris.\n<\/p>\n<p>\n D&rsquo;autres chefs d&rsquo;\u00c9tat de pays actuellement membres de l&rsquo;UE firent de<br \/>\n <strong><br \/>\n  la prison avant leur arriv\u00e9e au pouvoir, en tant qu&rsquo;opposants politiques<br \/>\n <\/strong><br \/>\n : Vaclav Havel (R\u00e9publique tch\u00e8que), Lech Walesa (Pologne), Gheorghe Gheorghiu-Dej (Roumanie), Eamon de Valera (Irlande) et Franjo Tudjman (Croatie). Tous ont ensuite dirig\u00e9 leur pays avant leur entr\u00e9e dans l&rsquo;Union.\n<\/p>\n<p>\n P\u00e8re de l&rsquo;ind\u00e9pendance de son pays et pr\u00e9sident de 1990 \u00e0 1999, le Croate Franjo Tudjman aurait pu retourner derri\u00e8re les barreaux apr\u00e8s son mandat. S&rsquo;il mourut avant d&rsquo;\u00eatre inqui\u00e9t\u00e9, le Tribunal p\u00e9nal international pour l&rsquo;ex-Yougoslavie a fait savoir par la suite qu&rsquo;il aurait \u00e9t\u00e9 inculp\u00e9 de crimes de guerre s&rsquo;il avait \u00e9t\u00e9 en vie, pour son action pendant la guerre de Bosnie (1992-1995).<\/p>\n","protected":false},"excerpt":{"rendered":"Bien qu&rsquo;ayant fait appel de sa condamnation, Nicolas Sarkozy va \u00eatre incarc\u00e9r\u00e9 en raison du mandat de d\u00e9p\u00f4t&hellip;\n","protected":false},"author":2,"featured_media":460914,"comment_status":"","ping_status":"","sticky":false,"template":"","format":"standard","meta":{"footnotes":""},"categories":[1586],"tags":[400,11,398,408,405,1777,674,1779,1011,27,403,402,399,404,12,25,401,406,1778,364,407],"class_list":{"0":"post-460913","1":"post","2":"type-post","3":"status-publish","4":"format-standard","5":"has-post-thumbnail","7":"category-europe","8":"tag-action-cac-40","9":"tag-actualites","10":"tag-bourse-de-paris","11":"tag-boursorama","12":"tag-cotations","13":"tag-eu","14":"tag-europe","15":"tag-european-union","16":"tag-fr","17":"tag-france","18":"tag-indices-devises","19":"tag-investir","20":"tag-investissement","21":"tag-marche-boursier","22":"tag-news","23":"tag-republique-francaise","24":"tag-sicav","25":"tag-trackers","26":"tag-ue","27":"tag-union-europeenne","28":"tag-warrants"},"share_on_mastodon":{"url":"https:\/\/pubeurope.com\/@fr\/115369221530178976","error":""},"_links":{"self":[{"href":"https:\/\/www.europesays.com\/fr\/wp-json\/wp\/v2\/posts\/460913","targetHints":{"allow":["GET"]}}],"collection":[{"href":"https:\/\/www.europesays.com\/fr\/wp-json\/wp\/v2\/posts"}],"about":[{"href":"https:\/\/www.europesays.com\/fr\/wp-json\/wp\/v2\/types\/post"}],"author":[{"embeddable":true,"href":"https:\/\/www.europesays.com\/fr\/wp-json\/wp\/v2\/users\/2"}],"replies":[{"embeddable":true,"href":"https:\/\/www.europesays.com\/fr\/wp-json\/wp\/v2\/comments?post=460913"}],"version-history":[{"count":0,"href":"https:\/\/www.europesays.com\/fr\/wp-json\/wp\/v2\/posts\/460913\/revisions"}],"wp:featuredmedia":[{"embeddable":true,"href":"https:\/\/www.europesays.com\/fr\/wp-json\/wp\/v2\/media\/460914"}],"wp:attachment":[{"href":"https:\/\/www.europesays.com\/fr\/wp-json\/wp\/v2\/media?parent=460913"}],"wp:term":[{"taxonomy":"category","embeddable":true,"href":"https:\/\/www.europesays.com\/fr\/wp-json\/wp\/v2\/categories?post=460913"},{"taxonomy":"post_tag","embeddable":true,"href":"https:\/\/www.europesays.com\/fr\/wp-json\/wp\/v2\/tags?post=460913"}],"curies":[{"name":"wp","href":"https:\/\/api.w.org\/{rel}","templated":true}]}}