{"id":460917,"date":"2025-10-13T22:30:16","date_gmt":"2025-10-13T22:30:16","guid":{"rendered":"https:\/\/www.europesays.com\/fr\/460917\/"},"modified":"2025-10-13T22:30:16","modified_gmt":"2025-10-13T22:30:16","slug":"quest-ce-que-la-retraite-a-points-plebiscitee-par-la-cfdt","status":"publish","type":"post","link":"https:\/\/www.europesays.com\/fr\/460917\/","title":{"rendered":"Qu\u2019est-ce que la \u00abretraite \u00e0 points\u00bb pl\u00e9biscit\u00e9e par la CFDT ?"},"content":{"rendered":"<p>\n    Dans ce syst\u00e8me de retraite par r\u00e9partition, les droits sont exprim\u00e9s en points &#8211; acquis au cours d\u2019une carri\u00e8re professionnelle &#8211; plut\u00f4t qu\u2019en trimestres travaill\u00e9s.<\/p>\n<p class=\"fig-paragraph\">Un syst\u00e8me \u00abprofond\u00e9ment juste\u00bb. C\u2019est en ces termes que la secr\u00e9taire g\u00e9n\u00e9rale de la CFDT\u00a0<a href=\"http:\/\/www.lefigaro.fr\/social\/la-numero-un-de-la-cfdt-marylise-leon-veut-relancer-le-debat-sur-la-retraite-par-points-20251009\" data-fig-type=\"NewsFlash\" data-gtm-custom-categorie=\"navigation\" data-gtm-custom-action=\"crossclick\" data-gtm-custom-label=\"Contextuel\" data-gtm-event=\"customEventSPE\" data-fig-domain=\"LEFIGARO\" target=\"_blank\" rel=\"noopener\">Marylise L\u00e9on a r\u00e9cemment plaid\u00e9<\/a>\u00a0pour relancer le d\u00e9bat sur la retraite \u00e0 points, dans un contexte o\u00f9 il serait question de suspendre la r\u00e9forme mise en place le 1er septembre 2023. Mesure qui \u00abvaut le coup\u00bb d\u2019un point de vue d\u00e9mocratique, selon elle. Envisag\u00e9 par plusieurs gouvernements, le projet d\u2019instaurer ce syst\u00e8me \u00abuniversel\u00bb \u00e0 points, en rempla\u00e7ant les 42 r\u00e9gimes existants, avait \u00e9t\u00e9 engag\u00e9 en 2019, puis mis en pause au moment de la crise sanitaire, et n\u2019avait finalement jamais vu le jour.<\/p>\n<p class=\"fig-paragraph\">Souvent jug\u00e9e plus \u00e9quitable, la retraite \u00e0 points est aujourd\u2019hui \u00e0 nouveau pl\u00e9biscit\u00e9e par la syndicaliste, qui rappelle que ce syst\u00e8me \u00abpermet notamment aux poly pensionn\u00e9s, ceux qui font des allers-retours entre le public et le priv\u00e9, d\u2019avoir une \u00e9quit\u00e9 de traitement\u00bb. Pour d\u2019autres pourtant, elle est jug\u00e9e trop \u00abincertaine\u00bb dans la mesure o\u00f9 elle d\u00e9pend, in fine, de la valeur dite \u00abde service\u00bb \u00e0 laquelle les points acquis seraient convertis en pension. Celle-ci fixant la conversion de ces fameux points en euros sonnants et tr\u00e9buchants.<\/p>\n<p>                                    <a class=\"fig-a11y-skip a11y-hidden\" href=\"#fig-a11y-skip-main-inarticle\"><br \/>\n        Passer la publicit\u00e9<br \/>\n    <\/a><\/p>\n<p>Le point, au c\u0153ur du syst\u00e8me<\/p>\n<p class=\"fig-paragraph\">Au c\u0153ur de ce syst\u00e8me, les points ont en effet toute leur importance. En 2019 justement, le rapport Delevoye &#8211; du nom de celui qui \u00e9tait \u00e0 l\u2019\u00e9poque haut-commissaire \u00e0 la r\u00e9forme des retraites aupr\u00e8s de la ministre des Solidarit\u00e9s et de la Sant\u00e9 Agn\u00e8s Buzyn &#8211; pr\u00e9conisait la cr\u00e9ation d\u2019un syst\u00e8me universel de retraite \u00e0 points, visant \u00e0 remplacer les multiples r\u00e9gimes existants par un r\u00e9gime unique, \u00abplus simple et plus juste\u00bb.<\/p>\n<p class=\"fig-paragraph\">Pour cela, la valeur du point serait la m\u00eame pour tous les Fran\u00e7ais, quelle que soit la profession ou le statut (salari\u00e9, ind\u00e9pendant, fonctionnaire&#8230;). Concr\u00e8tement, le rapport Delevoye proposait d\u2019accorder un point de retraite pour 10 euros de cotisation. Il pr\u00e9conisait par ailleurs une rentabilit\u00e9 \u00e0 5,5%\u00a0: autrement dit, 10 euros cotis\u00e9s auraient alors permis de d\u00e9gager 0,55 euro de retraite. Sachant que le nombre de points acquis d\u00e9pend du montant cotis\u00e9 et de la valeur d\u2019achat du point, fix\u00e9e chaque ann\u00e9e.<\/p>\n<p class=\"fig-paragraph\">Avec un tel \u00absyst\u00e8me universel\u00bb, ce ne serait donc plus la dur\u00e9e de cotisation, ni le salaire de r\u00e9f\u00e9rence, mais bien le nombre de points &#8211; accumul\u00e9s au cours de la carri\u00e8re dans un \u00abcompte retraite\u00bb individuel &#8211; qui servirait de base pour calculer la pension. Avec un mode de calcul plus avantageux pour les personnes qui connaissent des carri\u00e8res plus difficiles avec des p\u00e9riodes de travail courtes ou hach\u00e9es. En somme, plus le nombre de points serait \u00e9lev\u00e9, plus la pension de retraite le serait \u00e0 son tour.<\/p>\n<p>Ins\u00e9curit\u00e9 autour de la valeur du point<\/p>\n<p class=\"fig-paragraph\">Mais se pose alors la question centrale de la valorisation du nombre de points accumul\u00e9s le temps d\u2019une carri\u00e8re. Ce syst\u00e8me \u00e0 points d\u00e9pend en effet fortement de param\u00e8tres qui peuvent changer, cr\u00e9ant ainsi une certaine forme d\u2019ins\u00e9curit\u00e9 pour les futurs retrait\u00e9s. Pour \u00e9viter tout risque, le rapport Delevoye pr\u00e9voyait une r\u00e8gle d\u2019or, pr\u00e9cisant que la valeur du point ne pourrait en aucun cas baisser.<\/p>\n<p class=\"fig-paragraph\">En outre, si les pensions de retraite sont aujourd\u2019hui index\u00e9es sur l\u2019inflation, le rapport Delevoye proposait plut\u00f4t qu\u2019elles le soient sur le revenu moyen par personne, cens\u00e9 augmenter plus vite que l\u2019inflation. La revalorisation des points selon les salaires moyens serait \u00abplus favorable qu\u2019aujourd\u2019hui\u00bb et permettrait \u00ab\u00e0 tous de b\u00e9n\u00e9ficier des progr\u00e8s collectifs\u00bb, note le rapport.<\/p>\n<p>                                    <a class=\"fig-a11y-skip a11y-hidden\" href=\"#fig-a11y-skip-main-inarticle_mtf\"><br \/>\n        Passer la publicit\u00e9<br \/>\n    <\/a><\/p>\n<p class=\"fig-paragraph\">Et de pr\u00e9ciser\u00a0: \u00abm\u00eame si, une ann\u00e9e donn\u00e9e, les revenus individuels stagnent voire baissent, les droits acquis, eux, continueront \u00e0 progresser comme le revenu moyen de l\u2019ensemble des actifs\u00bb. De quoi augmenter le pouvoir d\u2019achat des retrait\u00e9s par rapport au reste de la population.<\/p>\n<p>Quid de l\u2019\u00e2ge de d\u00e9part \u00e0 la retraite\u00a0?<\/p>\n<p class=\"fig-paragraph\">Pour Marylise L\u00e9on, la retraite \u00e0 points est \u00abun syst\u00e8me o\u00f9 il n\u2019y a pas besoin d\u2019\u00e2ge l\u00e9gal\u00bb car \u00abon pr\u00e9voit des \u00e2ges de possibilit\u00e9 de d\u00e9part \u00e0 la retraite et les personnes choisissent\u00bb. Ces derni\u00e8res auraient ainsi \u00abla main sur l\u2019\u00e2ge auquel elles veulent partir et sur le montant de la pension dont elles veulent b\u00e9n\u00e9ficier\u00bb. Un point de vue qui n\u2019est pas partag\u00e9 par tous. Certains pointent en effet que cette technique de calcul n\u2019a aucun rapport avec l\u2019\u00e2ge l\u00e9gal de d\u00e9part \u00e0 la retraite. Et que maintenir un \u00e2ge minimum serait tout bonnement indispensable \u00abpour \u00e9viter que les gens ne partent trop t\u00f4t \u00e0 la retraite et que cela ne p\u00e8se trop lourdement sur les finances publiques\u00bb.<\/p>\n<p class=\"fig-paragraph\">D\u2019ailleurs, le rapport Delevoye pr\u00e9voyait un \u00e2ge dit \u00abd\u2019\u00e9quilibre\u00bb, leur permettant de partir d\u00e8s 62 ans. Au cas o\u00f9 ils d\u00e9cideraient de partir avant, leur pension subirait un malus, et apr\u00e8s d\u2019un bonus. \u00c0 noter qu\u2019il reviendrait aux partenaires sociaux de \u00abfixer l\u2019\u00e9volution de l\u2019\u00e2ge d\u2019\u00e9quilibre, ainsi que le montant du malus et du bonus\u00bb. Le dispositif \u00abcarri\u00e8res longues\u00bb serait maintenu pour permettre \u00e0 ceux qui ont valid\u00e9 5 trimestres avant 20 ans, de partir deux ans plus t\u00f4t.<\/p>\n<p class=\"fig-paragraph\">Pour l\u2019instant d\u00e9laiss\u00e9, ce syst\u00e8me appara\u00eet en outre \u00abtechniquement compliqu\u00e9\u00bb \u00e0 mettre en place, tant parce qu\u2019il demeure des inconnues sur la fa\u00e7on dont le syst\u00e8me \u00e0 points pourrait \u00e9voluer dans le temps, surtout avec une population vieillissante. Mais aussi parce que passer d\u2019un syst\u00e8me \u00e0 un autre pourrait impliquer d\u2019importants co\u00fbts financiers.<\/p>\n","protected":false},"excerpt":{"rendered":"Dans ce syst\u00e8me de retraite par r\u00e9partition, les droits sont exprim\u00e9s en points &#8211; acquis au cours d\u2019une&hellip;\n","protected":false},"author":2,"featured_media":460918,"comment_status":"","ping_status":"","sticky":false,"template":"","format":"standard","meta":{"footnotes":""},"categories":[2],"tags":[11,1270,1011,27,12,11036,25,9910],"class_list":{"0":"post-460917","1":"post","2":"type-post","3":"status-publish","4":"format-standard","5":"has-post-thumbnail","7":"category-actualites","8":"tag-actualites","9":"tag-cfdt","10":"tag-fr","11":"tag-france","12":"tag-news","13":"tag-reforme-des-retraites","14":"tag-republique-francaise","15":"tag-retraites"},"share_on_mastodon":{"url":"https:\/\/pubeurope.com\/@fr\/115369229461325955","error":""},"_links":{"self":[{"href":"https:\/\/www.europesays.com\/fr\/wp-json\/wp\/v2\/posts\/460917","targetHints":{"allow":["GET"]}}],"collection":[{"href":"https:\/\/www.europesays.com\/fr\/wp-json\/wp\/v2\/posts"}],"about":[{"href":"https:\/\/www.europesays.com\/fr\/wp-json\/wp\/v2\/types\/post"}],"author":[{"embeddable":true,"href":"https:\/\/www.europesays.com\/fr\/wp-json\/wp\/v2\/users\/2"}],"replies":[{"embeddable":true,"href":"https:\/\/www.europesays.com\/fr\/wp-json\/wp\/v2\/comments?post=460917"}],"version-history":[{"count":0,"href":"https:\/\/www.europesays.com\/fr\/wp-json\/wp\/v2\/posts\/460917\/revisions"}],"wp:featuredmedia":[{"embeddable":true,"href":"https:\/\/www.europesays.com\/fr\/wp-json\/wp\/v2\/media\/460918"}],"wp:attachment":[{"href":"https:\/\/www.europesays.com\/fr\/wp-json\/wp\/v2\/media?parent=460917"}],"wp:term":[{"taxonomy":"category","embeddable":true,"href":"https:\/\/www.europesays.com\/fr\/wp-json\/wp\/v2\/categories?post=460917"},{"taxonomy":"post_tag","embeddable":true,"href":"https:\/\/www.europesays.com\/fr\/wp-json\/wp\/v2\/tags?post=460917"}],"curies":[{"name":"wp","href":"https:\/\/api.w.org\/{rel}","templated":true}]}}