{"id":460923,"date":"2025-10-13T22:35:18","date_gmt":"2025-10-13T22:35:18","guid":{"rendered":"https:\/\/www.europesays.com\/fr\/460923\/"},"modified":"2025-10-13T22:35:18","modified_gmt":"2025-10-13T22:35:18","slug":"je-ne-sais-meme-pas-sil-est-encore-mon-ami","status":"publish","type":"post","link":"https:\/\/www.europesays.com\/fr\/460923\/","title":{"rendered":"\u00ab Je ne sais m\u00eame pas s\u2019il est encore mon ami \u00bb"},"content":{"rendered":"<p>                <img decoding=\"async\" src=\"https:\/\/www.europesays.com\/fr\/wp-content\/uploads\/2025\/10\/YYRH.jpg\" fetchpriority=\"high\" alt=\"Kyrgios balance sur Murray : \u00ab Je ne sais m\u00eame pas s\u2019il est encore mon ami \u00bb\"\/><\/p>\n<p>Absent des courts mais pas des pol\u00e9miques, Nick Kyrgios a une nouvelle fois frapp\u00e9 fort. Dans un podcast, il a racont\u00e9 sans d\u00e9tour sa brouille avec Andy Murray, ancien ami devenu simple coll\u00e8gue.<\/p>\n<p>Toujours pr\u00eat \u00e0 l\u00e2cher quelques d\u00e9clarations sur le circuit professionnel, Nick Kyrgios \u00e9tait le dernier invit\u00e9 en date du podcast Unscripted. Le joueur de 30 ans, absent en simple depuis le Masters 1000 de Miami, a discut\u00e9 de sa relation avec Andy Murray.<\/p>\n<p>Les deux hommes \u00e9taient tr\u00e8s proches sur le circuit, mais il semblerait qu\u2019ils aient tous les deux tourn\u00e9 la page depuis :<\/p>\n<p>\u00ab Je ne sais m\u00eame pas s\u2019il est encore mon ami. Je dirais plut\u00f4t que c\u2019est un coll\u00e8gue maintenant. Nous \u00e9tions plus proches avant, mais maintenant je ne sais pas.<\/p>\n<p>Il faisait partie des personnes qui m\u2019ont beaucoup soutenu durant des p\u00e9riodes difficiles, mais aujourd\u2019hui, nous ne parlons plus autant. Je voulais l\u2019inviter dans mon podcast mais il se donnait trop d\u2019importance. C\u2019est la v\u00e9rit\u00e9. Je lui disais : &lsquo;Mec, trouve un peu de temps.&rsquo; \u00bb<\/p>\n","protected":false},"excerpt":{"rendered":"Absent des courts mais pas des pol\u00e9miques, Nick Kyrgios a une nouvelle fois frapp\u00e9 fort. Dans un podcast,&hellip;\n","protected":false},"author":2,"featured_media":460924,"comment_status":"","ping_status":"","sticky":false,"template":"","format":"standard","meta":{"footnotes":""},"categories":[1415],"tags":[1011,27,60,1467],"class_list":{"0":"post-460923","1":"post","2":"type-post","3":"status-publish","4":"format-standard","5":"has-post-thumbnail","7":"category-tennis","8":"tag-fr","9":"tag-france","10":"tag-sports","11":"tag-tennis"},"share_on_mastodon":{"url":"https:\/\/pubeurope.com\/@fr\/115369248766511841","error":""},"_links":{"self":[{"href":"https:\/\/www.europesays.com\/fr\/wp-json\/wp\/v2\/posts\/460923","targetHints":{"allow":["GET"]}}],"collection":[{"href":"https:\/\/www.europesays.com\/fr\/wp-json\/wp\/v2\/posts"}],"about":[{"href":"https:\/\/www.europesays.com\/fr\/wp-json\/wp\/v2\/types\/post"}],"author":[{"embeddable":true,"href":"https:\/\/www.europesays.com\/fr\/wp-json\/wp\/v2\/users\/2"}],"replies":[{"embeddable":true,"href":"https:\/\/www.europesays.com\/fr\/wp-json\/wp\/v2\/comments?post=460923"}],"version-history":[{"count":0,"href":"https:\/\/www.europesays.com\/fr\/wp-json\/wp\/v2\/posts\/460923\/revisions"}],"wp:featuredmedia":[{"embeddable":true,"href":"https:\/\/www.europesays.com\/fr\/wp-json\/wp\/v2\/media\/460924"}],"wp:attachment":[{"href":"https:\/\/www.europesays.com\/fr\/wp-json\/wp\/v2\/media?parent=460923"}],"wp:term":[{"taxonomy":"category","embeddable":true,"href":"https:\/\/www.europesays.com\/fr\/wp-json\/wp\/v2\/categories?post=460923"},{"taxonomy":"post_tag","embeddable":true,"href":"https:\/\/www.europesays.com\/fr\/wp-json\/wp\/v2\/tags?post=460923"}],"curies":[{"name":"wp","href":"https:\/\/api.w.org\/{rel}","templated":true}]}}