{"id":460925,"date":"2025-10-13T22:37:19","date_gmt":"2025-10-13T22:37:19","guid":{"rendered":"https:\/\/www.europesays.com\/fr\/460925\/"},"modified":"2025-10-13T22:37:19","modified_gmt":"2025-10-13T22:37:19","slug":"ce-nombre-de-courses-ne-sera-depasse","status":"publish","type":"post","link":"https:\/\/www.europesays.com\/fr\/460925\/","title":{"rendered":"Ce nombre de courses ne sera d\u00e9pass\u00e9"},"content":{"rendered":"<p>Avec l\u2019arriv\u00e9e de Liberty Media, de nombreuses rumeurs ont circul\u00e9 concernant les nombreux changements qu\u2019il allait y avoir en MotoGP. Suppression de certaines courses au calendrier ou encore suppressions des cat\u00e9gories Moto 2 et Moto 3.\u00a0<\/p>\n<p><strong>Peu de changements pr\u00e9vus<\/strong><\/p>\n<p>Diff\u00e9rentes r\u00e9gions du monde comme notamment l\u2019Asie ont demand\u00e9 \u00e0 \u00eatre plus souvent int\u00e9gr\u00e9es au calendrier MotoGP. Le faisant ainsi passer de 19 courses en 2019, avant le Covid, \u00e0 22 courses qui est un record. Cela fait \u00e9galement 2 de moins que sa comparse la Formule 1 qui en compte 24, d\u00e9tenant \u00e9galement un record. Avec ce nombre et les courses sprints, rajout\u00e9es le total de course en une saison est de 44, r\u00e9alisant une charge mentale et physique importante pour les pilotes. Peu de pauses sont accord\u00e9es, hormis la pause estivale ou deux semaines entre deux tourn\u00e9es. Carlos Ezpeleta, fils du patron de la Dorna Carmelo, et directeur du MotoGP a d\u00e9clar\u00e9 qu\u2019il n\u2019alourdirait pas le calendrier.\u00a0<\/p>\n<p><b>Les petites cat\u00e9gories restent<\/b><\/p>\n<p>Avec la pol\u00e9mique de Liberty Media quant \u00e0 la suppression des cat\u00e9gorie Moto 2 et Moto 3 qui compl\u00e8te le week-end de Grand Prix, Carlos est rest\u00e9 ferme sur sa position en pr\u00e9cisant qu\u2019il n\u2019y avait aucune raison qu\u2019elles disparaissent. \u201cDans toutes les discussions que nous avons eues avec elles, les \u00e9quipes de Moto2 et Moto3 ont toujours dit qu&rsquo;il \u00e9tait essentiel pour elles d&rsquo;\u00eatre pr\u00e9sentes \u00e0 chaque \u00e9v\u00e9nement, et nous n&rsquo;aurons jamais de volont\u00e9 proactive de ne pas les inclure lors d&rsquo;un \u00e9v\u00e9nement\u201d, a d\u00e9clar\u00e9 Carlos, Ezpeleta via des propos relay\u00e9s par <a href=\"https:\/\/fr.motorsport.com\/motogp\/news\/calendrier-limite-22-grands-prix-saison\/10766383\/\" rel=\"nofollow noopener\" target=\"_blank\">motorsport.com<\/a><\/p>\n<p>\u201cCe serait une autre histoire si les \u00e9quipes Moto3 et Moto2 venaient nous dire : &lsquo;Nous ne pouvons plus faire 22 courses&rsquo;. Alors la discussion changerait, mais nous essaierions malgr\u00e9 tout de les aider \u00e0 rester \u00e0 tous les \u00e9v\u00e9nements. Mais en aucun cas, ce n&rsquo;est notre objectif qu&rsquo;elles ne soient pas avec nous \u00e0 chaque \u00e9v\u00e9nement.\u201d. conclut-il.<\/p>\n<p>La derni\u00e8re fois qu\u2019une manche du calendrier MotoGP a \u00e9t\u00e9 volontairement r\u00e9serv\u00e9e \u00e0 la seule cat\u00e9gorie reine remonte \u00e0 2013, juste avant que Laguna Seca ne disparaisse du championnat. \u00c0 l\u2019\u00e9poque, des raisons de s\u00e9curit\u00e9 avaient conduit les organisateurs \u00e0 ne pas les faire courir. Depuis, un seul Grand Prix n\u2019a vu que deux des trois cat\u00e9gories en piste : celui du Qatar en 2020. L\u2019apparition du Covid avait alors emp\u00each\u00e9 les \u00e9quipes MotoGP de rejoindre celles des Moto2 et Moto3, d\u00e9j\u00e0 pr\u00e9sentes sur place et capables de disputer leur course.<\/p>\n<p>    Partagez cette info avec vos amis et vos proches en cliquant ici  <\/p>\n<p> Podcasts \u00e0 la une MEN LIFE <\/p>\n<p>    Pour r\u00e9sumer<\/p>\n<p>Avec la nouvelle apparition de Liberty Media, beaucoup de rumeurs ont circul\u00e9 sur des potentiels changements en MotoGP. Suppression de courses, ou encore enlever les petites cat\u00e9gories du calendrier. Carlos Ezpeleta s&rsquo;est exprim\u00e9 \u00e0 ce sujet.<\/p>\n<p>R\u00e9dacteur<\/p>\n<p><img decoding=\"async\" width=\"76\" height=\"76\" loading=\"lazy\" src=\"https:\/\/www.europesays.com\/fr\/wp-content\/uploads\/2025\/04\/avatar-sport-am.png\" alt=\"Cylia Espiau\"\/><\/p>\n","protected":false},"excerpt":{"rendered":"Avec l\u2019arriv\u00e9e de Liberty Media, de nombreuses rumeurs ont circul\u00e9 concernant les nombreux changements qu\u2019il allait y avoir&hellip;\n","protected":false},"author":2,"featured_media":460926,"comment_status":"","ping_status":"","sticky":false,"template":"","format":"standard","meta":{"footnotes":""},"categories":[1413],"tags":[1011,27,1457,1456,60],"class_list":{"0":"post-460925","1":"post","2":"type-post","3":"status-publish","4":"format-standard","5":"has-post-thumbnail","7":"category-moto","8":"tag-fr","9":"tag-france","10":"tag-moto","11":"tag-motocycle","12":"tag-sports"},"share_on_mastodon":{"url":"https:\/\/pubeurope.com\/@fr\/115369256714307363","error":""},"_links":{"self":[{"href":"https:\/\/www.europesays.com\/fr\/wp-json\/wp\/v2\/posts\/460925","targetHints":{"allow":["GET"]}}],"collection":[{"href":"https:\/\/www.europesays.com\/fr\/wp-json\/wp\/v2\/posts"}],"about":[{"href":"https:\/\/www.europesays.com\/fr\/wp-json\/wp\/v2\/types\/post"}],"author":[{"embeddable":true,"href":"https:\/\/www.europesays.com\/fr\/wp-json\/wp\/v2\/users\/2"}],"replies":[{"embeddable":true,"href":"https:\/\/www.europesays.com\/fr\/wp-json\/wp\/v2\/comments?post=460925"}],"version-history":[{"count":0,"href":"https:\/\/www.europesays.com\/fr\/wp-json\/wp\/v2\/posts\/460925\/revisions"}],"wp:featuredmedia":[{"embeddable":true,"href":"https:\/\/www.europesays.com\/fr\/wp-json\/wp\/v2\/media\/460926"}],"wp:attachment":[{"href":"https:\/\/www.europesays.com\/fr\/wp-json\/wp\/v2\/media?parent=460925"}],"wp:term":[{"taxonomy":"category","embeddable":true,"href":"https:\/\/www.europesays.com\/fr\/wp-json\/wp\/v2\/categories?post=460925"},{"taxonomy":"post_tag","embeddable":true,"href":"https:\/\/www.europesays.com\/fr\/wp-json\/wp\/v2\/tags?post=460925"}],"curies":[{"name":"wp","href":"https:\/\/api.w.org\/{rel}","templated":true}]}}