{"id":460927,"date":"2025-10-13T22:38:11","date_gmt":"2025-10-13T22:38:11","guid":{"rendered":"https:\/\/www.europesays.com\/fr\/460927\/"},"modified":"2025-10-13T22:38:11","modified_gmt":"2025-10-13T22:38:11","slug":"la-question-hebdo-appreciez-vous-le-format-sprint-en-f1","status":"publish","type":"post","link":"https:\/\/www.europesays.com\/fr\/460927\/","title":{"rendered":"La Question Hebdo &#8211; Appr\u00e9ciez-vous le format Sprint en F1 ?"},"content":{"rendered":"<p>La Question Hebdo fait son retour pour une nouvelle \u00e9dition. Chaque semaine, vous avez la possibilit\u00e9 de r\u00e9pondre \u00e0 une question sur un \u00e9v\u00e9nement qui s\u2019est d\u00e9roul\u00e9 le week-end pr\u00e9c\u00e9dent ou qui pourrait avoir lieu lors du suivant.\u00a0<a title=\"F1\" href=\"https:\/\/www.autohebdo.fr\/actualites\/f1\" data-internallinksmanager029f6b8e52c=\"1\" target=\"_blank\" rel=\"noopener\">F1<\/a>,\u00a0<a title=\"MotoGP\" href=\"https:\/\/www.autohebdo.fr\/actualites\/motogp\" data-internallinksmanager029f6b8e52c=\"4\" target=\"_blank\" rel=\"noopener\">MotoGP<\/a>,\u00a0<a title=\"Rallye\" href=\"https:\/\/www.autohebdo.fr\/actualites\/rallye\" data-internallinksmanager029f6b8e52c=\"52\" target=\"_blank\" rel=\"noopener\">Rallye<\/a>,\u00a0<a title=\"Endurance\" href=\"https:\/\/www.autohebdo.fr\/actualites\/endurance\" data-internallinksmanager029f6b8e52c=\"55\" target=\"_blank\" rel=\"noopener\">Endurance<\/a>,\u00a0<a title=\"Indycar\" href=\"https:\/\/www.autohebdo.fr\/actualites\/monoplace\/indycar\" data-internallinksmanager029f6b8e52c=\"3\" target=\"_blank\" rel=\"noopener\">IndyCar<\/a>, GT\u2026 toutes les disciplines y passeront. Cette semaine, la <a href=\"https:\/\/www.autohebdo.fr\/actualites\/f1\" data-internallinksmanager029f6b8e52c=\"1\" title=\"F1\" target=\"_blank\" rel=\"noopener\">Formule 1<\/a> fait son retour du c\u00f4t\u00e9 d\u2019Austin \u00e0 l\u2019occasion du Grand Prix des \u00c9tats-Unis. Sur le circuit des Am\u00e9riques, les 20 pilotes engag\u00e9s vont avoir l\u2019occasion de s\u2019exprimer au c\u0153ur d\u2019un week-end sprint, marqu\u00e9 par une seule s\u00e9ance d\u2019essais libres avant l\u2019encha\u00eenement de nombreuses s\u00e9ances comptant toutes pour le classement.<\/p>\n<p>Cette ann\u00e9e, la F1 a d\u00e9j\u00e0 connu trois week-ends organis\u00e9s de la sorte. \u00c0 Shanghai, Miami, puis Spa-Francorchamps, les \u00e9curies ont en effet d\u00fb adapter le d\u00e9roul\u00e9 de leur travail afin de se montrer des plus comp\u00e9titives d\u00e8s la premi\u00e8re s\u00e9ance de qualifications, permettant aux pilotes de r\u00e9gir l\u2019ordre de la grille de d\u00e9part du Sprint. En l\u2019occurrence, cet \u00e9v\u00e9nement ponctuel pourrait, \u00e0 l\u2019avenir, devenir une habitude vivace puisque Stefano Domenicali a plusieurs fois laiss\u00e9 entendre que de plus en plus de Grands Prix pourraient rapidement \u00eatre concern\u00e9s par cette organisation. Grilles invers\u00e9es, g\u00e9n\u00e9ralisation du format, telles sont les id\u00e9es avanc\u00e9es pour d\u00e9velopper l\u2019id\u00e9e dans l\u2019univers de la Formule 1.<\/p>\n<p>Loading\u2026<\/p>\n<p>\u00a0<\/p>\n<p>Trois Sprints restants pour la F1 en 2025<\/p>\n<p>\u00c0 l\u2019or\u00e9e du Grand Prix des \u00c9tats-Unis accueillant l\u2019un des trois derniers Sprints de la saison, plusieurs questions se posent en effet. Apr\u00e8s Austin, S\u00e3o Paulo et Lusail seront les derniers th\u00e9\u00e2tres du format cette ann\u00e9e, et permettront de voir les pilotes se disputer deux victoires distinctes dans le week-end. Seulement, pole positions et victoires ne sont pas v\u00e9ritablement compt\u00e9es comme telles dans ce contexte. \u00c0 l\u2019image de la premi\u00e8re position de Kimi Antonelli en qualifications sprint ou du succ\u00e8s acquis par <a href=\"https:\/\/www.autohebdo.fr\/pilote\/f1\/lewis-hamilton-2\" data-internallinksmanager029f6b8e52c=\"41\" title=\"Lewis Hamilton\" target=\"_blank\" rel=\"noopener\">Lewis Hamilton<\/a> en Sprint en terre chinoise, il devient difficile de comptabiliser statistiques et records en la mati\u00e8re. De plus, les r\u00e9sultats peuvent se r\u00e9v\u00e9ler originaux ou inattendus en fonction des conditions m\u00e9t\u00e9orologiques notamment, mais rev\u00eatent souvent le m\u00eame caract\u00e8re que le premier relais du dimanche en Grand Prix.<\/p>\n<p><strong>Selon vous, le format Sprint pr\u00e9sente-t-il finalement un int\u00e9r\u00eat ? En dehors des projets \u00e9voqu\u00e9s de rendre le format plus global, ou de l\u2019id\u00e9e d\u2019introduire la r\u00e8gle de la grille invers\u00e9e, les week-ends Sprint tels que nous les connaissons aujourd\u2019hui vous donnent-ils davantage envie de vous plonger dans les week-ends de F1 ? Le format Sprint vous convient-il ainsi ? N\u2019oubliez pas de voter dans le sondage en d\u00e9but d\u2019article, et de d\u00e9velopper votre argumentation en commentaire !<\/strong><\/p>\n","protected":false},"excerpt":{"rendered":"La Question Hebdo fait son retour pour une nouvelle \u00e9dition. Chaque semaine, vous avez la possibilit\u00e9 de r\u00e9pondre&hellip;\n","protected":false},"author":2,"featured_media":460928,"comment_status":"","ping_status":"","sticky":false,"template":"","format":"standard","meta":{"footnotes":""},"categories":[1412],"tags":[1451,1452,1453,1454,1455,1011,27,60],"class_list":{"0":"post-460927","1":"post","2":"type-post","3":"status-publish","4":"format-standard","5":"has-post-thumbnail","7":"category-f1","8":"tag-f1","9":"tag-formula-1","10":"tag-formula1","11":"tag-formule-1","12":"tag-formule1","13":"tag-fr","14":"tag-france","15":"tag-sports"},"share_on_mastodon":{"url":"https:\/\/pubeurope.com\/@fr\/115369260127525351","error":""},"_links":{"self":[{"href":"https:\/\/www.europesays.com\/fr\/wp-json\/wp\/v2\/posts\/460927","targetHints":{"allow":["GET"]}}],"collection":[{"href":"https:\/\/www.europesays.com\/fr\/wp-json\/wp\/v2\/posts"}],"about":[{"href":"https:\/\/www.europesays.com\/fr\/wp-json\/wp\/v2\/types\/post"}],"author":[{"embeddable":true,"href":"https:\/\/www.europesays.com\/fr\/wp-json\/wp\/v2\/users\/2"}],"replies":[{"embeddable":true,"href":"https:\/\/www.europesays.com\/fr\/wp-json\/wp\/v2\/comments?post=460927"}],"version-history":[{"count":0,"href":"https:\/\/www.europesays.com\/fr\/wp-json\/wp\/v2\/posts\/460927\/revisions"}],"wp:featuredmedia":[{"embeddable":true,"href":"https:\/\/www.europesays.com\/fr\/wp-json\/wp\/v2\/media\/460928"}],"wp:attachment":[{"href":"https:\/\/www.europesays.com\/fr\/wp-json\/wp\/v2\/media?parent=460927"}],"wp:term":[{"taxonomy":"category","embeddable":true,"href":"https:\/\/www.europesays.com\/fr\/wp-json\/wp\/v2\/categories?post=460927"},{"taxonomy":"post_tag","embeddable":true,"href":"https:\/\/www.europesays.com\/fr\/wp-json\/wp\/v2\/tags?post=460927"}],"curies":[{"name":"wp","href":"https:\/\/api.w.org\/{rel}","templated":true}]}}