{"id":460934,"date":"2025-10-13T22:42:15","date_gmt":"2025-10-13T22:42:15","guid":{"rendered":"https:\/\/www.europesays.com\/fr\/460934\/"},"modified":"2025-10-13T22:42:15","modified_gmt":"2025-10-13T22:42:15","slug":"carton-plein-pour-lannee-cezanne-a-aix-en-provence","status":"publish","type":"post","link":"https:\/\/www.europesays.com\/fr\/460934\/","title":{"rendered":"carton plein pour l&rsquo;ann\u00e9e Cezanne \u00e0 Aix-en-Provence"},"content":{"rendered":"<p>Avec 135 \u0153uvres de Paul Cezanne r\u00e9unies au mus\u00e9e Granet, on se doutait que <a href=\"https:\/\/www.laprovence.com\/article\/culture-loisirs\/20161412529351\/les-premieres-oeuvres-de-la-grande-exposition-cezanne-a-aix-ont-ete-accrochees-au-musee-granet\" target=\"_blank\" rel=\"noopener\">l&rsquo;exposition \u00e9v\u00e9nement<\/a> allait attirer un important nombre de visiteurs. En un peu plus de trois mois, ce sont pr\u00e8s de 350 000 personnes qui ont pouss\u00e9 les portes du mus\u00e9e aixois, selon les chiffres (pas encore totalement consolid\u00e9s) communiqu\u00e9s lundi 13 octobre par la Ville d&rsquo;Aix. Le record de 2006 de 450 000 visiteurs, pour \u00ab\u00a0Cezanne en Provence\u00a0\u00bb, n&rsquo;est pas tomb\u00e9, mais le chiffre de cette expo consacr\u00e9e au Jas de Bouffan reste impressionnant, et dans l&rsquo;\u00e9tiage de l&rsquo;expo Picasso-Cezanne en 2009 (371 000)<\/p>\n<p>\u00ab\u00a0C&rsquo;est vraiment tr\u00e8s satisfaisant, on a atteint nos objectifs, et on est m\u00eame dans la fourchette haute, savoure Bruno Ely, directeur du mus\u00e9e Granet. On a atteint le maximum de ce que l&rsquo;on pouvait faire au mus\u00e9e, les jauges \u00e9taient au taquet, on \u00e9tait \u00e0 guichets ferm\u00e9s les derniers jours. &lsquo;Cezanne au Jas de Bouffan&rsquo;, c&rsquo;\u00e9tait un sujet neuf, qui n&rsquo;a jamais \u00e9t\u00e9 trait\u00e9, et on a eu des retours extraordinairement positifs !\u00a0\u00bb<\/p>\n<p>Plus globalement, l&rsquo;ann\u00e9e Cezanne dans son ensemble a trouv\u00e9 son public. Et les recettes li\u00e9es \u00e0 l&rsquo;\u00e9v\u00e9nement ont \u00e9t\u00e9 bien plus \u00e9lev\u00e9es que pr\u00e9vu, a-t-on appris lors du conseil municipal du vendredi 10 octobre.<\/p>\n<p>\u00ab\u00a0Comment amortir la d\u00e9pense\u00a0?\u00a0\u00bb<\/p>\n<p>Lors de la s\u00e9ance, Pierre-Paul Calendini, pour le groupe d&rsquo;opposition Aix au c\u0153ur dirig\u00e9e par Anne-Laurence Petel (Renaissance), avait pourtant reproch\u00e9 un tribut trop lourd pour les finances de la ville. Avec un calcul un peu rapide, il arrivait, en tablant sur une fourchette de 300 000 visiteurs payant le plein tarif de 23 euros, \u00ab\u00a0\u00e0 6,9 millions d&rsquo;euros de recettes. Soit un montant tr\u00e8s \u00e9loign\u00e9 des 25 \u00e0 30 millions d&rsquo;euros d&rsquo;investissement de la part de la commune. Si nous nous f\u00e9licitons du succ\u00e8s de cette exposition, pourriez-vous pr\u00e9ciser, madame le maire, comment amortir cette d\u00e9pense avec la situation budg\u00e9taire d&rsquo;Aix-en-Provence, d\u00e9grad\u00e9e depuis 2021\u00a0?\u00a0\u00bb\u00a0<\/p>\n<p>L&rsquo;occasion pour le maire Sophie Joissains (UDI) de \u00ab\u00a0clarifier les choses\u00a0Sur les chiffres, il faut distinguer investissement et fonctionnement. Et il faut savoir que les d\u00e9penses en investissement \u00e9taient inscrites dans le temps.\u00a0\u00bb Les acquisitions se sont faites au fur et \u00e0 mesure, de la bastide \u00e0 la ferme du Jas par exemple. Et la restauration d&rsquo;un tel ensemble patrimonial rel\u00e8ve aussi d&rsquo;une strat\u00e9gie de long terme, avec des monuments \u00ab\u00a0qui resteront \u00e0 la disposition des Aixois, et gr\u00e2ce auxquels, dans les ann\u00e9es \u00e0 venir, nous attendons aussi nombre de recettes\u00a0\u00bb, a soulign\u00e9 le maire.<\/p>\n<p>Sophie Joissains a ensuite fait dans le d\u00e9tail : 3,566 M\u20ac d&rsquo;investissements pour <a href=\"https:\/\/www.laprovence.com\/article\/culture-loisirs\/4212213088420114\/nouvelle-entree-passerelle-a-aix-en-provence-la-renovation-de-l-atelier-cezanne-avance-a-grands-pas\" target=\"_blank\" rel=\"noopener\">les Lauves<\/a>, avec 1,797 M\u20ac de recettes, soit \u00ab\u00a0un cofinancement de 50%\u00a0\u00bb. Pour la bastide, 12,722 M\u20ac de d\u00e9penses, et 6,8 M\u20ac de recettes, soit 53% de cofinancement. Pour le volet fonctionnement, le montant de l&rsquo;effort financier s&rsquo;\u00e9l\u00e8ve \u00e0 7,660 M\u20ac, alors que les recettes ont (tout juste) d\u00e9pass\u00e9 les 7 M\u20ac. \u00ab\u00a0Nous avions pr\u00e9vu qu&rsquo;il y aurait 3 M\u20ac de reste \u00e0 charge, et ce reste \u00e0 charge est aujourd&rsquo;hui de 625 102 \u20ac\u00a0\u00bb, a annonc\u00e9 Sophie Joissains. Tout en rappelant que la Ville et ses commer\u00e7ants, h\u00f4teliers et restaurateurs ont aussi profit\u00e9 de l&rsquo;\u00e9v\u00e9nement, les \u00e9tudes faisant \u00e9tat de 7 \u00e0 10 \u20ac de retomb\u00e9es \u00e9conomiques pour un euro investi dans la culture ou le patrimoine.\u00a0\u00a0<\/p>\n<p>\u00ab\u00a0Les Aixois se sont totalement appropri\u00e9 cet \u00e9v\u00e9nement, a ajout\u00e9 l&rsquo;\u00e9lue UDI, jusqu&rsquo;aux clubs de sport qui ont d\u00e9sir\u00e9 avoir de maillots floqu\u00e9s Cezanne; jusqu&rsquo;aux restaurateurs qui ont promu le menu Cezanne !\u00a0\u00bb<\/p>\n<p>Outre l&rsquo;exposition, les sites cezanniens aixois connaissent aussi un v\u00e9ritable engouement. La bastide du Jas de Bouffan a d\u00e9pass\u00e9 les 60 000 venues, l&rsquo;atelier des Lauves flirte avec les 40 000, soit un total de 100 000 visiteurs pour les deux lieux r\u00e9nov\u00e9s par la Ville. Et les r\u00e9servations sont \u00ab\u00a0sold out\u00a0\u00bb jusqu&rsquo;\u00e0 leur fermeture hivernale, le 2 novembre prochain. <a href=\"https:\/\/www.laprovence.com\/article\/region\/1926858801991914\/a-aix-en-provence-louverture-de-la-petite-galerie-au-musee-granet-lance-lannee-cezanne\" target=\"_blank\" rel=\"noopener\">La Petite Galerie Cezanne<\/a> restera de son c\u00f4t\u00e9 ouverte jusqu&rsquo;au 21 d\u00e9cembre, et plus de 400 classes y ont d\u00e9j\u00e0 \u00e9t\u00e9 re\u00e7ues.\u00a0<\/p>\n","protected":false},"excerpt":{"rendered":"Avec 135 \u0153uvres de Paul Cezanne r\u00e9unies au mus\u00e9e Granet, on se doutait que l&rsquo;exposition \u00e9v\u00e9nement allait attirer&hellip;\n","protected":false},"author":2,"featured_media":460935,"comment_status":"","ping_status":"","sticky":false,"template":"","format":"standard","meta":{"footnotes":""},"categories":[1358],"tags":[17,1348,1384,1385,14647,7288,251,1386,58,59,1011,27,852,2038,5241,11388,471],"class_list":{"0":"post-460934","1":"post","2":"type-post","3":"status-publish","4":"format-standard","5":"has-post-thumbnail","7":"category-arts-et-design","8":"tag-17","9":"tag-arts","10":"tag-arts-and-design","11":"tag-arts-et-design","12":"tag-atteint","13":"tag-carton","14":"tag-culture","15":"tag-design","16":"tag-divertissement","17":"tag-entertainment","18":"tag-fr","19":"tag-france","20":"tag-nos","21":"tag-objectifs","22":"tag-on","23":"tag-plein","24":"tag-pour"},"share_on_mastodon":{"url":"https:\/\/pubeurope.com\/@fr\/115369275825951935","error":""},"_links":{"self":[{"href":"https:\/\/www.europesays.com\/fr\/wp-json\/wp\/v2\/posts\/460934","targetHints":{"allow":["GET"]}}],"collection":[{"href":"https:\/\/www.europesays.com\/fr\/wp-json\/wp\/v2\/posts"}],"about":[{"href":"https:\/\/www.europesays.com\/fr\/wp-json\/wp\/v2\/types\/post"}],"author":[{"embeddable":true,"href":"https:\/\/www.europesays.com\/fr\/wp-json\/wp\/v2\/users\/2"}],"replies":[{"embeddable":true,"href":"https:\/\/www.europesays.com\/fr\/wp-json\/wp\/v2\/comments?post=460934"}],"version-history":[{"count":0,"href":"https:\/\/www.europesays.com\/fr\/wp-json\/wp\/v2\/posts\/460934\/revisions"}],"wp:featuredmedia":[{"embeddable":true,"href":"https:\/\/www.europesays.com\/fr\/wp-json\/wp\/v2\/media\/460935"}],"wp:attachment":[{"href":"https:\/\/www.europesays.com\/fr\/wp-json\/wp\/v2\/media?parent=460934"}],"wp:term":[{"taxonomy":"category","embeddable":true,"href":"https:\/\/www.europesays.com\/fr\/wp-json\/wp\/v2\/categories?post=460934"},{"taxonomy":"post_tag","embeddable":true,"href":"https:\/\/www.europesays.com\/fr\/wp-json\/wp\/v2\/tags?post=460934"}],"curies":[{"name":"wp","href":"https:\/\/api.w.org\/{rel}","templated":true}]}}