{"id":460936,"date":"2025-10-13T22:43:30","date_gmt":"2025-10-13T22:43:30","guid":{"rendered":"https:\/\/www.europesays.com\/fr\/460936\/"},"modified":"2025-10-13T22:43:30","modified_gmt":"2025-10-13T22:43:30","slug":"le-dernier-de-ses-sushis-sur-quatre-jours-sans-ma-mere-de-ramses-kefi","status":"publish","type":"post","link":"https:\/\/www.europesays.com\/fr\/460936\/","title":{"rendered":"Le dernier de ses sushis \u2013 sur Quatre jours sans ma m\u00e8re de Rams\u00e8s Kefi"},"content":{"rendered":"<p>                        Le dernier de ses sushis \u2013 sur Quatre jours sans ma m\u00e8re de Rams\u00e8s Kefi<\/p>\n<p class=\"byline author vcard\">Par    <a href=\"https:\/\/aoc.media\/auteur\/eric-loret\/\" title=\"Articles par \u00c9ric Loret\" class=\"author url fn\" rel=\"author noopener\" target=\"_blank\">\u00c9ric Loret<\/a><\/p>\n<p>Une retrait\u00e9e laisse son mari et son vieux fils en plan. Les deux hommes barbotent alors dans des affres d\u00e9sordonn\u00e9es\u00a0: est-ce parce qu\u2019ils ont oubli\u00e9 de lui f\u00eater son anniversaire\u00a0? \u00c0 cause du chat disparu\u00a0? Faut-il attendre ou agir\u00a0? Un premier roman cocasse et malin qui renouvelle la th\u00e9matique des origines \u00e0 l\u2019aune d\u2019une question simple\u00a0: qu\u2019est-ce que se parler\u00a0?<\/p>\n<p class=\"first-paragraph\">\u00c7a se passe \u00e0 la Caverne, une cit\u00e9 imaginaire de la banlieue parisienne o\u00f9 Amani et Hedi, partis de Tunisie et pass\u00e9s par Marseille, se sont install\u00e9\u00b7es en 1978. Ils ont eu un fils, Salmane, \u00e0 pr\u00e9sent 36 ans, qui se pr\u00e9sente comme \u00ab\u00a0le plus vieux Tanguy de la Caverne devant Basilio (trente-cinq\u00a0ans) et Mahieddine (trente-quatre\u00a0ans). Mais eux, c\u2019est diff\u00e9rent. Ils s\u2019occupent de leurs parents malades.<\/p>\n<p><a href=\"http:\/\/www.citephilo.org\/\" target=\"_blank\" rel=\"noopener\"><img fetchpriority=\"high\" decoding=\"async\" class=\"wp-image-267137 size-full\" src=\"https:\/\/www.europesays.com\/fr\/wp-content\/uploads\/2025\/10\/300x250px_aoc_citephilo25-1.jpg\" alt=\"\" width=\"300\" height=\"250\"\/><\/a>publicit\u00e9<\/p>\n<p>Eux savent plier des pulls.\u00a0\u00bb Ce qui n\u2019est pas le cas de Salmane, infichu de tout\u00a0: \u00ab\u00a0je suis un sous-fils\u00a0\u00bb s\u2019accuse-t-il. Il a pourtant un \u00ab\u00a0master d\u2019histoire ancienne\u00a0\u00bb mais pr\u00e9f\u00e8re rester chez ses darons, glander et bosser avec un pote, tenancier du \u00ab\u00a0Chirachid, un fast-food \u201cfusion\u201d, o\u00f9 les menus \u201csushis\u201d se m\u00ealent aux formules \u201ctajines\u201d\u00a0\u00bb.<\/p>\n<p>Que dire de ce \u00ab\u00a0Chirachid\u00a0\u00bb\u00a0au nom et au concept foireux (\u00ab\u00a0C\u2019est quoi \u00e7a, des sushis et des merguez\u00a0?\u00a0\u00bb s\u2019emportera Amani \u00e0 la fin du livre)\u00a0? Qu\u2019on conna\u00eet un \u00ab\u00a0Grec alg\u00e9rien\u00a0\u00bb sur le boulevard Barb\u00e8s, certes, sp\u00e9cialiste en tacos et en cr\u00eapes. Mais surtout qu\u2019il ressortit au m\u00eame genre d\u2019onomastique que la Caverne \u2013 assur\u00e9ment platonicienne en plus d\u2019\u00eatre primordiale \u2013\u00a0: un type de satire complice, qui d\u00e9voile les illusions sans les moquer, plante un pittoresque qu\u2019il d\u00e9monte dans le m\u00eame geste. Un r\u00e9alisme qui tient ferme et qui est \u00e0 la fois explicitement fictif. \u00c0 moins que le nom du bouiboui ne soit lui-m\u00eame auto d\u00e9risoire.<\/p>\n<p>Si sa m\u00e8re a appel\u00e9 son fils Salmane, c\u2019est que le pr\u00e9nom lui est apparu en r\u00eave\u00a0: c\u2019\u00e9tait celui d\u2019un ancien et vieux voisin v\u00e9n\u00e9r\u00e9. Mais quand elle annonce la nouvelle \u00e0 celui-ci au t\u00e9l\u00e9phone, il explose \u00ab\u00a0de rire\u2026 il a d\u00fb raccrocher tellement il riait. Et il m\u2019a rappel\u00e9e tout de suite. Salmane n\u2019\u00e9tait pas son pr\u00e9nom. C\u2019\u00e9tait celui de sa tortue.\u00a0\u00bb Encore un farceur. Voil\u00e0 notre narrateur baptis\u00e9 de fa\u00e7on ridicule mais n\u00e9anmoins loin devant Achille d\u00e8s le d\u00e9but de son r\u00e9cit.<\/p>\n<p>La m\u00e8re Amani est une femme de t\u00eate\u00a0: comme elle se parfumait avant d\u2019aller travailler, son ancienne cheffe l\u2019avait su<\/p>\n<p class=\"author_name\">\n                <a href=\"https:\/\/aoc.media\/auteur\/eric-loret\/\" target=\"_blank\" rel=\"noopener\">\u00c9ric Loret<\/a>\n            <\/p>\n<p class=\"author_func\">\n                Critique, Journaliste            <\/p>\n","protected":false},"excerpt":{"rendered":"Le dernier de ses sushis \u2013 sur Quatre jours sans ma m\u00e8re de Rams\u00e8s Kefi Par \u00c9ric Loret&hellip;\n","protected":false},"author":2,"featured_media":460937,"comment_status":"","ping_status":"","sticky":false,"template":"","format":"standard","meta":{"footnotes":""},"categories":[1357],"tags":[1379,251,58,59,1011,27,1351,1380],"class_list":{"0":"post-460936","1":"post","2":"type-post","3":"status-publish","4":"format-standard","5":"has-post-thumbnail","7":"category-livres","8":"tag-books","9":"tag-culture","10":"tag-divertissement","11":"tag-entertainment","12":"tag-fr","13":"tag-france","14":"tag-litterature","15":"tag-livres"},"share_on_mastodon":{"url":"https:\/\/pubeurope.com\/@fr\/115369280511498199","error":""},"_links":{"self":[{"href":"https:\/\/www.europesays.com\/fr\/wp-json\/wp\/v2\/posts\/460936","targetHints":{"allow":["GET"]}}],"collection":[{"href":"https:\/\/www.europesays.com\/fr\/wp-json\/wp\/v2\/posts"}],"about":[{"href":"https:\/\/www.europesays.com\/fr\/wp-json\/wp\/v2\/types\/post"}],"author":[{"embeddable":true,"href":"https:\/\/www.europesays.com\/fr\/wp-json\/wp\/v2\/users\/2"}],"replies":[{"embeddable":true,"href":"https:\/\/www.europesays.com\/fr\/wp-json\/wp\/v2\/comments?post=460936"}],"version-history":[{"count":0,"href":"https:\/\/www.europesays.com\/fr\/wp-json\/wp\/v2\/posts\/460936\/revisions"}],"wp:featuredmedia":[{"embeddable":true,"href":"https:\/\/www.europesays.com\/fr\/wp-json\/wp\/v2\/media\/460937"}],"wp:attachment":[{"href":"https:\/\/www.europesays.com\/fr\/wp-json\/wp\/v2\/media?parent=460936"}],"wp:term":[{"taxonomy":"category","embeddable":true,"href":"https:\/\/www.europesays.com\/fr\/wp-json\/wp\/v2\/categories?post=460936"},{"taxonomy":"post_tag","embeddable":true,"href":"https:\/\/www.europesays.com\/fr\/wp-json\/wp\/v2\/tags?post=460936"}],"curies":[{"name":"wp","href":"https:\/\/api.w.org\/{rel}","templated":true}]}}