{"id":460942,"date":"2025-10-13T22:46:30","date_gmt":"2025-10-13T22:46:30","guid":{"rendered":"https:\/\/www.europesays.com\/fr\/460942\/"},"modified":"2025-10-13T22:46:30","modified_gmt":"2025-10-13T22:46:30","slug":"le-diable-shabille-en-prada-2","status":"publish","type":"post","link":"https:\/\/www.europesays.com\/fr\/460942\/","title":{"rendered":"Le Diable s&rsquo;habille en Prada 2"},"content":{"rendered":"<p>La com\u00e9die des ann\u00e9es 2000, qui a marqu\u00e9 toute une g\u00e9n\u00e9ration, s\u2019appr\u00eate \u00e0 revenir pour une suite inattendue. Meryl Streep, Anne Hathaway et Emily Blunt vont ainsi \u00eatre r\u00e9unies pour Le Diable s\u2019habille en Prada 2. Casting, date de sortie, histoire\u2026 Voici tout ce que l\u2019on sait d\u00e9j\u00e0 sur ce grand retour.<\/p>\n<p>Enfilez vos plus hauts talons, pr\u00e9parez une tenue digne des plus grands d\u00e9fil\u00e9s et n\u2019oubliez surtout pas votre sarcasme au placard : Miranda Priestly est de retour, pour nous jouer toujours plus de mauvais tours. Plus de 20 ans apr\u00e8s avoir illumin\u00e9 notre garde-robe, <a href=\"https:\/\/www.numerama.com\/films\/le-diable-shabille-en-prada\/\" data-type=\"movies\" data-id=\"2024479\" target=\"_blank\" rel=\"noopener\">Le Diable s\u2019habille en Prada<\/a> va donc conna\u00eetre une suite au cin\u00e9ma, en 2026.<\/p>\n<p>Une annonce plut\u00f4t improbable pour ce film culte des ann\u00e9es 2000, mais qui devrait ravir les fans de la premi\u00e8re heure. Date de sortie, retour du casting\u2026 Voici tout ce que vous devez savoir sur <a href=\"https:\/\/www.numerama.com\/films\/le-diable-shabille-en-prada-2\/\" target=\"_blank\" rel=\"noopener\">Le Diable s\u2019habille en Prada 2<\/a>.<\/p>\n<p>Quelle sera l\u2019histoire du film Le Diable s\u2019habille en Prada 2 ?<\/p>\n<p>Apr\u00e8s avoir montr\u00e9 les d\u00e9buts d\u2019Andy dans le monde de la mode et du journalisme dans le premier volet, <strong>le synopsis du film Le Diable s\u2019habille en Prada 2 devrait se concentrer davantage sur le personnage de Miranda.<\/strong> La r\u00e9dactrice en cheffe implacable de Runway, un magazine tr\u00e8s prestigieux, doit ainsi faire face au d\u00e9clin de la presse au format papier.<\/p>\n<p>Elle sera alors confront\u00e9e \u00e0 Emily, son ancienne assistante, devenue une cadre tr\u00e8s haut plac\u00e9e dans un groupe de luxe, dont les publicit\u00e9s pourraient bien sauver Runway\u2026 ou pas. On ignore encore le r\u00f4le d\u2019Andy dans cette affaire, mais elle devra probablement faire un choix entre son ancienne boss tyrannique et son ex-coll\u00e8gue.<\/p>\n<p>A priori, l\u2019histoire devrait \u00eatre tr\u00e8s \u00e9loign\u00e9e de Vengeance en Prada : Le Retour du diable, la suite du best-seller litt\u00e9raire qui avait inspir\u00e9 le film.<\/p>\n<p><a href=\"https:\/\/www.numerama.com\/wp-content\/uploads\/2025\/07\/9289ac48623c106a821e203210be9b8e96d8c6d12725a1db6afa96edfc473dcb.jpg\" target=\"_blank\" rel=\"noopener\"><img decoding=\"async\" width=\"1024\" height=\"576\" loading=\"lazy\" alt=\"Le trio de choc du Diable s'habille en Prada est de retour ! \/\/ Source : Twentieth Century Fox\" title=\"Le trio de choc du Diable s'habille en Prada est de retour ! \/\/ Source : Twentieth Century Fox\" class=\"wp-image-2024491 placeholder-default wp-image\" src=\"https:\/\/www.europesays.com\/fr\/wp-content\/uploads\/2025\/10\/9289ac48623c106a821e203210be9b8e96d8c6d12725a1db6afa96edfc473dcb-1024x576.jpg\" \/><\/a>Le trio de choc du Diable s\u2019habille en Prada est de retour ! \/\/ Source : Twentieth Century Fox<\/p>\n<p>Meryl Streep, Anne Hathaway, Stanley Tucci\u2026 Quels acteurs et actrices reprendront leur r\u00f4le pour la suite du Diable s\u2019habille en Prada ?<\/p>\n<p>Bonne nouvelle pour les fans : <strong>toute l\u2019\u00e9quipe originale sera de retour pour cette suite tr\u00e8s attendue.<\/strong> Le trio de t\u00eate, compos\u00e9 de Meryl Streep (Miranda), Anne Hathaway (Andy) et Emily Blunt (Emily), sera donc de la partie. Stanley Tucci, qui tenait le r\u00f4le de Nigel, a \u00e9galement rejoint le casting, aux c\u00f4t\u00e9s de Tracie Thoms, qui jouait Lily, et de Tibor Feldman, qui interpr\u00e9tait Irv.<\/p>\n<p>Plusieurs nouvelles recrues se joindront aussi \u00e0 la f\u00eate, <a target=\"_blank\" href=\"https:\/\/variety.com\/2025\/film\/news\/devil-wears-prada-2-cast-lucy-liu-justin-theroux-bj-novak-1236449894\/\" rel=\"noopener\">d\u2019apr\u00e8s Variety<\/a>. Il s\u2019agit de :<\/p>\n<p>Le film sera toujours \u00e9crit par Aline Brosh McKenna (Crazy Ex-Girlfriend) et mis en sc\u00e8ne par David Frankel, qui a depuis offici\u00e9 sur des s\u00e9ries comme <a href=\"https:\/\/www.numerama.com\/series-tv\/inventing-anna\/\" data-type=\"tv-shows\" data-id=\"851685\" target=\"_blank\" rel=\"noopener\">Inventing Anna<\/a> ou <a href=\"https:\/\/www.numerama.com\/series-tv\/manifest\/\" data-type=\"tv-shows\" data-id=\"1078058\" target=\"_blank\" rel=\"noopener\">Manifest<\/a>.<\/p>\n<p>Quand sort Le Diable s\u2019habille en Prada 2 ?<\/p>\n<p>Le film sera projet\u00e9 dans les salles de cin\u00e9ma fran\u00e7aises <strong>d\u00e8s le mercredi 29 avril 2026<\/strong>, soit deux jours avant les \u00c9tats-Unis, o\u00f9 les sorties au cin\u00e9ma sont traditionnellement fix\u00e9es au vendredi.<\/p>\n<p>\u00c0 noter que le tournage a d\u00e9j\u00e0 commenc\u00e9, comme <a href=\"https:\/\/www.instagram.com\/reel\/DLh-bBep6w2\/?utm_source=ig_embed\" target=\"_blank\" rel=\"noopener\">l\u2019a annonc\u00e9 20th Century Fox sur Instagram<\/a>, le 30 juin 2025, gr\u00e2ce \u00e0 une courte vid\u00e9o. De son c\u00f4t\u00e9, Anne Hathaway a partag\u00e9 une photo, le 21 juillet, sugg\u00e9rant <a target=\"_blank\" href=\"https:\/\/www.instagram.com\/p\/DMX0fQURDYr\/?utm_source=ig_embed\" rel=\"noopener\">son grand retour dans le r\u00f4le d\u2019Andy.<\/a><\/p>\n<p>            Ce contenu est bloqu\u00e9 car vous n\u2019avez pas accept\u00e9 les cookies et autres traceurs. Ce contenu est fourni par Instagram.<br \/>Pour pouvoir le visualiser, vous devez accepter l\u2019usage \u00e9tant op\u00e9r\u00e9 par Instagram avec vos donn\u00e9es qui pourront \u00eatre utilis\u00e9es pour les finalit\u00e9s suivantes : vous permettre de visualiser et de partager des contenus avec des m\u00e9dias sociaux, favoriser le d\u00e9veloppement et l\u2019am\u00e9lioration des produits d\u2019Humanoid et de ses partenaires, vous afficher des publicit\u00e9s personnalis\u00e9es par rapport \u00e0 votre profil et activit\u00e9, vous d\u00e9finir un profil publicitaire personnalis\u00e9, mesurer la performance des publicit\u00e9s et du contenu de ce site et mesurer l\u2019audience de ce site <a href=\"#\" class=\"js-privacy\" target=\"_blank\">(en savoir plus)<\/a>        <\/p>\n<p>            En cliquant sur \u00ab J\u2019accepte tout \u00bb, vous consentez aux finalit\u00e9s susmentionn\u00e9es pour l\u2019ensemble des cookies et autres traceurs d\u00e9pos\u00e9s par Humanoid et <a class=\"embed-consent-overlay-vendors-link\" href=\"#preferences-vendeurs\">ses partenaires<\/a>.        <\/p>\n<p>            Vous gardez la possibilit\u00e9 de retirer votre consentement \u00e0 tout moment. Pour plus d\u2019informations, nous vous invitons \u00e0 prendre connaissance de notre <a href=\"https:\/\/www.numerama.com\/politique-cookies\" target=\"_blank\" rel=\"noopener\">Politique cookies<\/a>.        <\/p>\n<p>        J\u2019accepte tout    <\/p>\n<p class=\"embed-consent-overlay-manage-choices\">        <a href=\"#preferences-publicitaires\">G\u00e9rer mes choix<\/a>    <\/p>\n<p>            <img decoding=\"async\" src=\"https:\/\/www.europesays.com\/fr\/wp-content\/uploads\/2025\/04\/iPhone-16-pro.png\" alt=\"Toute l'actu tech en un clien d'oeil\"\/><\/p>\n<p class=\"card-install-pwa__title\">Toute l&rsquo;actu tech en un clin d&rsquo;\u0153il<\/p>\n<p class=\"card-install-pwa__description\">Ajoutez Numerama \u00e0 votre \u00e9cran d&rsquo;accueil et restez connect\u00e9s au futur !<\/p>\n<p>            <img decoding=\"async\" src=\"https:\/\/www.numerama.com\/wp-content\/themes\/numerama-next\/assets\/images\/premium\/logo-card-pwa-coupe.svg\" alt=\"Logo PWA\"\/><\/p>\n<p>       Installer Numerama<\/p>\n<p>        <script async src=\"\/\/www.instagram.com\/embed.js\"><\/script><\/p>\n","protected":false},"excerpt":{"rendered":"La com\u00e9die des ann\u00e9es 2000, qui a marqu\u00e9 toute une g\u00e9n\u00e9ration, s\u2019appr\u00eate \u00e0 revenir pour une suite inattendue.&hellip;\n","protected":false},"author":2,"featured_media":460943,"comment_status":"","ping_status":"","sticky":false,"template":"","format":"standard","meta":{"footnotes":""},"categories":[1354],"tags":[650,58,59,1346,1011,27,58556,34829,1360,742],"class_list":{"0":"post-460942","1":"post","2":"type-post","3":"status-publish","4":"format-standard","5":"has-post-thumbnail","7":"category-films","8":"tag-cinema","9":"tag-divertissement","10":"tag-entertainment","11":"tag-films","12":"tag-fr","13":"tag-france","14":"tag-le-diable-shabille-en-prada-2","15":"tag-le-diable-shabille-en-prada","16":"tag-movies","17":"tag-update"},"share_on_mastodon":{"url":"https:\/\/pubeurope.com\/@fr\/115369292609073890","error":""},"_links":{"self":[{"href":"https:\/\/www.europesays.com\/fr\/wp-json\/wp\/v2\/posts\/460942","targetHints":{"allow":["GET"]}}],"collection":[{"href":"https:\/\/www.europesays.com\/fr\/wp-json\/wp\/v2\/posts"}],"about":[{"href":"https:\/\/www.europesays.com\/fr\/wp-json\/wp\/v2\/types\/post"}],"author":[{"embeddable":true,"href":"https:\/\/www.europesays.com\/fr\/wp-json\/wp\/v2\/users\/2"}],"replies":[{"embeddable":true,"href":"https:\/\/www.europesays.com\/fr\/wp-json\/wp\/v2\/comments?post=460942"}],"version-history":[{"count":0,"href":"https:\/\/www.europesays.com\/fr\/wp-json\/wp\/v2\/posts\/460942\/revisions"}],"wp:featuredmedia":[{"embeddable":true,"href":"https:\/\/www.europesays.com\/fr\/wp-json\/wp\/v2\/media\/460943"}],"wp:attachment":[{"href":"https:\/\/www.europesays.com\/fr\/wp-json\/wp\/v2\/media?parent=460942"}],"wp:term":[{"taxonomy":"category","embeddable":true,"href":"https:\/\/www.europesays.com\/fr\/wp-json\/wp\/v2\/categories?post=460942"},{"taxonomy":"post_tag","embeddable":true,"href":"https:\/\/www.europesays.com\/fr\/wp-json\/wp\/v2\/tags?post=460942"}],"curies":[{"name":"wp","href":"https:\/\/api.w.org\/{rel}","templated":true}]}}