{"id":460952,"date":"2025-10-13T22:51:14","date_gmt":"2025-10-13T22:51:14","guid":{"rendered":"https:\/\/www.europesays.com\/fr\/460952\/"},"modified":"2025-10-13T22:51:14","modified_gmt":"2025-10-13T22:51:14","slug":"les-2700-agents-de-ce-ministere-ne-veulent-pas-demenager-en-seine-saint-denis","status":"publish","type":"post","link":"https:\/\/www.europesays.com\/fr\/460952\/","title":{"rendered":"les 2700 agents de ce minist\u00e8re ne veulent pas d\u00e9m\u00e9nager en Seine-Saint-Denis"},"content":{"rendered":"<p>            Par<br \/>\n        <strong><br \/>\n            <a href=\"https:\/\/actu.fr\/auteur\/glenn-gillet\" title=\"Consulter tous les articles de Glenn Gillet\" target=\"_blank\" rel=\"noopener\">Glenn Gillet<\/a><br \/>\n        <\/strong><\/p>\n<p>        Publi\u00e9 le<\/p>\n<p>            13 oct. 2025 \u00e0 18h43        <\/p>\n<p>Faut-il s\u2019attendre \u00e0 une vague de d\u00e9parts au <a href=\"https:\/\/actu.fr\/tag\/ministere-de-l-interieur\" target=\"_blank\" rel=\"noopener\">minist\u00e8re de l\u2019Int\u00e9rieur<\/a> d\u2019ici \u00e0 d\u00e9but 2027\u2009? L\u2019\u00e9ch\u00e9ance correspond au d\u00e9m\u00e9nagement annonc\u00e9 de <strong>2\u2009700 agents du minist\u00e8re<\/strong>, principalement sur des postes administratifs dits de \u00ab\u2009support\u2009\u00bb des diff\u00e9rentes directions (ressources humaines, finances, num\u00e9rique), depuis le site Lumi\u00e8re, situ\u00e9 dans le 12e arrondissement de Paris, pour <strong>\u00ab\u2009Universeine\u2009\u00bb<\/strong> \u00e0 Saint-Denis (Seine-Saint-Denis). Ce nouvel \u00e9coquartier, sorti de terre en quelques ann\u00e9es pour servir de <a href=\"https:\/\/actu.fr\/ile-de-france\/saint-denis_93066\/chambres-transports-a-quoi-ressemble-l-environnement-d-un-para-athlete-au-village-de-seine-saint-denis_61550469.html\" target=\"_blank\" rel=\"noopener\">village des athl\u00e8tes<\/a> pendant les <a href=\"https:\/\/actu.fr\/ile-de-france\/paris_75056\/jo-paris-2024-revu-a-la-hausse-l-excedent-budgetaire-des-jeux-depasse-largement-les-previsions_62746306.html\" target=\"_blank\" rel=\"noopener\">Jeux olympiques et paralympiques et 2024<\/a>, et aujourd\u2019hui devenu une zone en d\u00e9veloppement m\u00ealant logements, bureaux et commerces, dont la halle Maxwell, l\u2019ancienne centrale \u00e9lectrique <strong>r\u00e9habilit\u00e9e<\/strong> qui fait partie des futurs nouveaux locaux du minist\u00e8re de l\u2019Int\u00e9rieur.<\/p>\n<p>\u00ab\u2009Il y en a qui n\u2019y sont jamais all\u00e9s mais ils ont peur\u2009\u00bb<\/p>\n<p class=\" wall-content\">Le minist\u00e8re de l\u2019Int\u00e9rieur vante aupr\u00e8s d\u2019actu Paris un d\u00e9part vers un \u00ab\u2009site neuf\u2009\u00bb de 40\u2009000 m\u00b2 multilabellis\u00e9 en mati\u00e8re de construction durable ou encore de r\u00e9duction d\u2019\u00e9missions carbone, dot\u00e9 8000 m\u00b2 de surfaces v\u00e9g\u00e9talis\u00e9es, et qui disposera de tout le confort n\u00e9cessaire\u2009: davantage de salles de r\u00e9union qu\u2019\u00e0 Lumi\u00e8re, 45 places de cr\u00e8che, un restaurant administratif, une caf\u00e9t\u00e9ria, une salle de sport\u2026 Le d\u00e9m\u00e9nagement, qui doit se d\u00e9rouler au <strong>premier trimestre 2027<\/strong>, repr\u00e9sente aussi un passage d\u2019un espace lou\u00e9 \u00ab\u2009occup\u00e9 par de nombreuses autres entit\u00e9s (entreprises, Biblioth\u00e8que publique d\u2019information)\u2009\u00bb \u00e0 un site dont l\u2019\u00e9tat est 100\u2009% propri\u00e9taire. Future adresse\u2009: 21-23 all\u00e9e de Seine.<\/p>\n<p class=\" wall-content\">Mais c\u00f4t\u00e9 personnel, le transfert ne fait pas l\u2019unanimit\u00e9. Selon le SNIPAT, l\u2019un des syndicats ind\u00e9pendants des agents du minist\u00e8re, environ <strong>50\u2009% des agents ne souhaitent pas d\u00e9m\u00e9nager<\/strong> de leur quartier de Bercy, \u00e0 deux pas de la sympathique voie pav\u00e9e commer\u00e7ante du Cour Saint-\u00c9milion pour rejoindre la Seine-Saint-Denis.<\/p>\n<p class=\" wall-content\">Selon Lassen Miadi, d\u00e9l\u00e9gu\u00e9 syndical SNIPAT qui fait partie des 2\u2009700 employ\u00e9s amen\u00e9s \u00e0 d\u00e9m\u00e9nager, le d\u00e9partement le plus pauvre de France continue de tra\u00eener une mauvaise r\u00e9putation aupr\u00e8s des effectifs, affichant notamment un des taux de <strong>criminalit\u00e9<\/strong> les plus \u00e9lev\u00e9s de France (76,7 pour mille habitants en 2024, troisi\u00e8me proportion la plus \u00e9lev\u00e9e juste derri\u00e8re les Bouches-du-Rh\u00f4ne, sur un podium domin\u00e9 par\u2026 Paris).<\/p>\n<p class=\" wall-content\">Le repr\u00e9sentant syndical explique que \u00ab\u2009<strong>le lieu peut faire peur \u00e0 certains<\/strong>. La Seine-Saint-Denis\u2026 Saint-Denis\u2026 \u00c7a fait peur, c\u2019est clair. Il y en a qui n\u2019y sont jamais all\u00e9s mais ils ont peur. C\u2019est vrai qu\u2019il y a un peu plus d\u2019actes de d\u00e9linquances \u00e0 Saint-Denis qu\u2019\u00e0 Neuilly-sur-Seine, c\u2019est s\u00fbr\u2009\u00bb. De mani\u00e8re g\u00e9n\u00e9rale, \u00ab\u2009c\u2019est un d\u00e9partement o\u00f9 il y a beaucoup de rotation, o\u00f9 les effectifs ne restent pas, ne s\u2019installent pas. Certains de nos coll\u00e8gues sont originaires de Seine-Saint-Denis et ont fui le d\u00e9partement, alors devoir y retourner pour le travail, \u00e7a repr\u00e9sente un peu un retour en arri\u00e8re pour eux\u2009\u00bb, confie Lassen Miadi.<\/p>\n<p>Explosion du temps de transport pour les effectifs habitant en banlieue sud-ouest<\/p>\n<p class=\" wall-content\">Autre aspect du m\u00e9contentement\u2009: le site Lumi\u00e8re \u00e9tant situ\u00e9 \u00e0 la limite sud-ouest de Paris, de nombreux salari\u00e9s pr\u00e9sents de longues dates et n\u2019ayant pas les moyens de se loger \u00e0 proximit\u00e9 de leur lieu de travail sont devenus propri\u00e9taires de logements situ\u00e9s dans des zones \u00e9loign\u00e9es du Val-de-Marne, en Seine-et-Marne ou encore en Essonne. La perspective de devoir aller travailler dans le nord de la capitale est donc synonyme de temps de trajet fortement allong\u00e9s, alors que certains ont d\u00e9j\u00e0 plus de <strong>3\u00a0heures de route<\/strong> dans la journ\u00e9e.<\/p>\n<p class=\" wall-content\">\u00ab\u2009Il reste la possibilit\u00e9 de demander \u00e0 changer de poste pour aller dans des pr\u00e9fectures ou des sous-pr\u00e9fectures dans le sud de l\u2019\u00cele-de-France, mais comme beaucoup de postes ont \u00e9t\u00e9 supprim\u00e9s au cours des derni\u00e8res ann\u00e9es, \u00e7a risque d\u2019\u00eatre <strong>compliqu\u00e9<\/strong> s\u2019ils veulent rester au minist\u00e8re de l\u2019Int\u00e9rieur\u2009\u00bb, regrette Lassen Miadi.<\/p>\n<p>Votre r\u00e9gion, votre actu !<\/p>\n<p>Recevez chaque jour les infos qui comptent pour vous.<\/p>\n<p>\t<a href=\"https:\/\/actu.fr\/newsletter\" class=\"ac-btn ac-btn--corner ac-btn--medium ac-btn--blue800\" target=\"_blank\" rel=\"noopener\">S&rsquo;incrire<\/a><\/p>\n<p class=\" wall-content\">A cela s\u2019ajoute que les espaces du site du minist\u00e8re \u00e0 Universeine seront des open spaces et que les employ\u00e9s n\u2019auront pas de bureaux attitr\u00e9s (la fameuse pratique du flex office qui se d\u00e9veloppe dans les grandes entreprises). Au-del\u00e0 des enjeux en termes de bruit et de sant\u00e9 au travail que posent ces formes d\u2019organisations, les employ\u00e9s les plus \u00e2g\u00e9s regrettent l\u2019impossibilit\u00e9 de <strong>s\u2019approprier leurs futurs locaux<\/strong>. \u00ab\u2009\u00c7a peut para\u00eetre rien mais pour certains, qui sont peut-\u00eatre d\u2019une autre \u00e9poque, qui ont fait toute leur carri\u00e8re ici et qui accrochait les photos des enfants, des petits-enfants, \u00e7a pose probl\u00e8me\u2009\u00bb, explique Lassen Miadi.<\/p>\n<p class=\" wall-content\">Reste \u00e0 voir si les milliers d\u2019agents appel\u00e9s \u00e0 d\u00e9m\u00e9nager se feront une raison d\u2019ici d\u00e9but 2027, lorsqu\u2019ils devront faire leurs cartons pour changer de d\u00e9partement.<\/p>\n<p class=\" wall-content\">Personnalisez votre actualit\u00e9 en ajoutant vos villes et m\u00e9dias en favori avec <a href=\"https:\/\/moncompte.actu.fr\" title=\"D\u00e9couvez Mon Actu\" rel=\"nofollow noopener\" data-trk=\"{&quot;cta&quot;:{&quot;action&quot;:&quot;https:\\\/\\\/moncompte.actu.fr&quot;,&quot;category&quot;:&quot;mon compte&quot;,&quot;from&quot;:&quot;article footer&quot;,&quot;name&quot;:&quot;Mon actu&quot;,&quot;type&quot;:&quot;cta&quot;}}\" target=\"_blank\">Mon Actu<\/a>.<\/p>\n","protected":false},"excerpt":{"rendered":"Par Glenn Gillet Publi\u00e9 le 13 oct. 2025 \u00e0 18h43 Faut-il s\u2019attendre \u00e0 une vague de d\u00e9parts au&hellip;\n","protected":false},"author":2,"featured_media":460953,"comment_status":"","ping_status":"","sticky":false,"template":"","format":"standard","meta":{"footnotes":""},"categories":[6],"tags":[35,33,34,1011,27,1014,1072,104,1352],"class_list":{"0":"post-460952","1":"post","2":"type-post","3":"status-publish","4":"format-standard","5":"has-post-thumbnail","7":"category-economie","8":"tag-business","9":"tag-economie","10":"tag-economy","11":"tag-fr","12":"tag-france","13":"tag-ministere-de-linterieur","14":"tag-police","15":"tag-societe","16":"tag-urbanisme"},"share_on_mastodon":{"url":"https:\/\/pubeurope.com\/@fr\/115369311279649706","error":""},"_links":{"self":[{"href":"https:\/\/www.europesays.com\/fr\/wp-json\/wp\/v2\/posts\/460952","targetHints":{"allow":["GET"]}}],"collection":[{"href":"https:\/\/www.europesays.com\/fr\/wp-json\/wp\/v2\/posts"}],"about":[{"href":"https:\/\/www.europesays.com\/fr\/wp-json\/wp\/v2\/types\/post"}],"author":[{"embeddable":true,"href":"https:\/\/www.europesays.com\/fr\/wp-json\/wp\/v2\/users\/2"}],"replies":[{"embeddable":true,"href":"https:\/\/www.europesays.com\/fr\/wp-json\/wp\/v2\/comments?post=460952"}],"version-history":[{"count":0,"href":"https:\/\/www.europesays.com\/fr\/wp-json\/wp\/v2\/posts\/460952\/revisions"}],"wp:featuredmedia":[{"embeddable":true,"href":"https:\/\/www.europesays.com\/fr\/wp-json\/wp\/v2\/media\/460953"}],"wp:attachment":[{"href":"https:\/\/www.europesays.com\/fr\/wp-json\/wp\/v2\/media?parent=460952"}],"wp:term":[{"taxonomy":"category","embeddable":true,"href":"https:\/\/www.europesays.com\/fr\/wp-json\/wp\/v2\/categories?post=460952"},{"taxonomy":"post_tag","embeddable":true,"href":"https:\/\/www.europesays.com\/fr\/wp-json\/wp\/v2\/tags?post=460952"}],"curies":[{"name":"wp","href":"https:\/\/api.w.org\/{rel}","templated":true}]}}