{"id":460954,"date":"2025-10-13T22:52:15","date_gmt":"2025-10-13T22:52:15","guid":{"rendered":"https:\/\/www.europesays.com\/fr\/460954\/"},"modified":"2025-10-13T22:52:15","modified_gmt":"2025-10-13T22:52:15","slug":"pluies-diluviennes-et-inondations-en-espagne-vers-une-lente-amelioration-a-partir-de-mardi","status":"publish","type":"post","link":"https:\/\/www.europesays.com\/fr\/460954\/","title":{"rendered":"Pluies diluviennes et inondations en Espagne : vers une lente am\u00e9lioration \u00e0 partir de mardi"},"content":{"rendered":"<p><strong>Un blocage anticyclonique qui entretient le mauvais temps sur l\u2019Espagne<\/strong><\/p>\n<p>Depuis plusieurs jours, un vaste anticyclone solidement install\u00e9 sur les \u00celes Britanniques bloque la circulation des perturbations atlantiques. Cette configuration favorise un temps calme et ensoleill\u00e9 sur la France, mais elle maintient en parall\u00e8le une zone de basses pressions sur la p\u00e9ninsule Ib\u00e9rique.<\/p>\n<p>Sous un flux d\u2019est, ces d\u00e9pressions puisent de l\u2019air chaud et humide au-dessus d\u2019une M\u00e9diterran\u00e9e encore tr\u00e8s douce, propice au d\u00e9veloppement d\u2019orages parfois violents. Ce contraste marqu\u00e9 entre l\u2019air frais d\u2019altitude et la chaleur en surface alimente des remont\u00e9es pluvieuses persistantes sur la c\u00f4te est de l\u2019Espagne, du Levant jusqu\u2019\u00e0 la Catalogne.<\/p>\n<p><strong>Situation ce lundi : alerte rouge orange en cours mais vers une am\u00e9lioration progressive<\/strong><\/p>\n<p>De nouvelles pluies orageuses touchent encore le sud-est de l\u2019Espagne, provoquant localement des inondations, sans faire de victimes \u00e0 ce stade. Mais les d\u00e9g\u00e2ts ont \u00e9t\u00e9 tr\u00e8s importants ce week-end, des voitures ayant \u00e9t\u00e9 emport\u00e9es par les crues subites.<\/p>\n<p>Ce lundi 13 octobre, la DANA \u2014 goutte froide isol\u00e9e en altitude \u2014 continue d\u2019arroser les r\u00e9gions m\u00e9diterran\u00e9ennes espagnoles. Les provinces d\u2019Alicante et de Murcie ont \u00e9t\u00e9 les plus touch\u00e9es, avec des cumuls d\u00e9passant par endroits <strong>300 mm en 48 heures<\/strong>, causant des ruissellements importants et quelques \u00e9vacuations pr\u00e9ventives. Des cumuls totaux pour l&rsquo;\u00e9v\u00e9nement (du 10 au 12 octobre) pouvaient atteindre 250-300 mm dans certains secteurs selon les estimations, mais les enregistrements confirm\u00e9s sont autour de 160-188 mm pour les pics journaliers. Il est tomb\u00e9 jusqu&rsquo;\u00e0 100 mm dans la r\u00e9gion de Murcie, de 100 \u00e0 180 mm dans la r\u00e9gion d&rsquo;Alicante et 160 mm en 24 heures \u00e0 Valence. \u00c0 Castellon, sur le littoral, il est tomb\u00e9 188 mm en 24 heures dimanche. Ce lundi soir, le sud de la province de Valence \u00e9tait repass\u00e9 en alerte rouge en raison de nouvelles inondations \u00e0 Gandia.<\/p>\n<p>L\u2019<strong>AEMET<\/strong> a maintenu des <strong>alertes orange<\/strong> pour des pluies pouvant atteindre encore <strong>40 mm en une heure<\/strong>. Les autorit\u00e9s locales signalent des <strong>routes inond\u00e9es<\/strong>, des <strong>cours d\u2019eau en crue<\/strong> et des <strong>d\u00e9g\u00e2ts mat\u00e9riels<\/strong>, mais <strong>aucune victime<\/strong> n\u2019est \u00e0 d\u00e9plorer pour l\u2019instant.<\/p>\n<p>A partir de mardi, les orages s&rsquo;\u00e9vacuent en mer mais pourront alors toucher les Bal\u00e9ares ainsi que la Corse, en marge.<\/p>\n<p><strong>Aucune commune mesure avec les inondations survenues l&rsquo;ann\u00e9e derni\u00e8re \u00e0 la m\u00eame \u00e9poque<\/strong><\/p>\n<p>Les inondations actuelles li\u00e9es \u00e0 la DANA Alice en <a target=\"_blank\" rel=\"noopener noreferrer nofollow\" href=\"https:\/\/actualite.lachainemeteo.com\/actualite-meteo\/2024-10-31\/inondations-catastrophiques-en-espagne-comment-expliquer-de-tels-cumuls-72927\"><strong>octobre 2025<\/strong><\/a> restent d\u2019une ampleur bien moindre que celles de 2024. L\u2019an dernier, la DANA avait provoqu\u00e9 <strong>au moins 232 morts<\/strong>, plus de <strong>10 milliards d\u2019euros de d\u00e9g\u00e2ts<\/strong> et des destructions massives d\u2019infrastructures, notamment \u00e0 Valence. Cette ann\u00e9e, <strong>aucun d\u00e9c\u00e8s n\u2019est recens\u00e9<\/strong> : les impacts se limitent \u00e0 des <strong>\u00e9vacuations, inondations locales et perturbations de transport<\/strong>, malgr\u00e9 des pluies intenses et des alertes rouges de l\u2019AEMET, g\u00e9r\u00e9es avec une <strong>meilleure anticipation post-2024<\/strong>.<\/p>\n","protected":false},"excerpt":{"rendered":"Un blocage anticyclonique qui entretient le mauvais temps sur l\u2019Espagne Depuis plusieurs jours, un vaste anticyclone solidement install\u00e9&hellip;\n","protected":false},"author":2,"featured_media":460955,"comment_status":"","ping_status":"","sticky":false,"template":"","format":"standard","meta":{"footnotes":""},"categories":[5],"tags":[11,1011,27,14,12,28],"class_list":{"0":"post-460954","1":"post","2":"type-post","3":"status-publish","4":"format-standard","5":"has-post-thumbnail","7":"category-international","8":"tag-actualites","9":"tag-fr","10":"tag-france","11":"tag-international","12":"tag-news","13":"tag-world"},"share_on_mastodon":{"url":"https:\/\/pubeurope.com\/@fr\/115369315174786582","error":""},"_links":{"self":[{"href":"https:\/\/www.europesays.com\/fr\/wp-json\/wp\/v2\/posts\/460954","targetHints":{"allow":["GET"]}}],"collection":[{"href":"https:\/\/www.europesays.com\/fr\/wp-json\/wp\/v2\/posts"}],"about":[{"href":"https:\/\/www.europesays.com\/fr\/wp-json\/wp\/v2\/types\/post"}],"author":[{"embeddable":true,"href":"https:\/\/www.europesays.com\/fr\/wp-json\/wp\/v2\/users\/2"}],"replies":[{"embeddable":true,"href":"https:\/\/www.europesays.com\/fr\/wp-json\/wp\/v2\/comments?post=460954"}],"version-history":[{"count":0,"href":"https:\/\/www.europesays.com\/fr\/wp-json\/wp\/v2\/posts\/460954\/revisions"}],"wp:featuredmedia":[{"embeddable":true,"href":"https:\/\/www.europesays.com\/fr\/wp-json\/wp\/v2\/media\/460955"}],"wp:attachment":[{"href":"https:\/\/www.europesays.com\/fr\/wp-json\/wp\/v2\/media?parent=460954"}],"wp:term":[{"taxonomy":"category","embeddable":true,"href":"https:\/\/www.europesays.com\/fr\/wp-json\/wp\/v2\/categories?post=460954"},{"taxonomy":"post_tag","embeddable":true,"href":"https:\/\/www.europesays.com\/fr\/wp-json\/wp\/v2\/tags?post=460954"}],"curies":[{"name":"wp","href":"https:\/\/api.w.org\/{rel}","templated":true}]}}