{"id":460958,"date":"2025-10-13T22:54:15","date_gmt":"2025-10-13T22:54:15","guid":{"rendered":"https:\/\/www.europesays.com\/fr\/460958\/"},"modified":"2025-10-13T22:54:15","modified_gmt":"2025-10-13T22:54:15","slug":"francois-hollande-pose-trois-conditions-a-la-non-censure-du-ps","status":"publish","type":"post","link":"https:\/\/www.europesays.com\/fr\/460958\/","title":{"rendered":"Fran\u00e7ois Hollande pose trois conditions \u00e0 la non-censure du PS"},"content":{"rendered":"<p class=\"article-p mdl\">Alors que le sort du nouveau gouvernement form\u00e9 par S\u00e9bastien Lecornu est\u00a0<a class=\"link\" href=\"https:\/\/www.rtl.fr\/actu\/politique\/en-direct-gouvernement-lecornu-ii-des-ministres-sous-la-menace-de-la-censure-vers-des-passations-sobres-7900552135\" title=\"EN DIRECT - Lecornu II : la &quot;seule mission&quot; du gouvernement est de &quot;surpasser la crise politique&quot;, assure le Premier ministre\" target=\"_blank\" rel=\"noopener\">suspendu aux motions de censure d\u00e9pos\u00e9es par le Rassemblement national et la France insoumise<\/a>, tous les regards sont tourn\u00e9s vers le Parti socialiste, dont\u00a0<a class=\"link\" href=\"https:\/\/www.rtl.fr\/actu\/politique\/le-gouvernement-lecornu-ii-peut-etre-censure-on-a-fait-les-comptes-7900552339\" title=\"Le gouvernement Lecornu II peut-\u00eatre censur\u00e9 ? On a fait les comptes\" target=\"_blank\" rel=\"noopener\">les 69 d\u00e9put\u00e9s sont amen\u00e9s \u00e0 jouer un r\u00f4le d&rsquo;arbitre dans les prochains jours<\/a>\u00a0\u00e0 l&rsquo;Assembl\u00e9e nationale.<\/p>\n<p class=\"article-p mdl\">Les socialistes esp\u00e8rent que le Premier ministre reconduit fera des gestes en leur faveur, \u00e0 l&rsquo;occasion de\u00a0<a class=\"link\" href=\"https:\/\/www.rtl.fr\/actu\/politique\/declaration-de-politique-generale-en-quoi-consiste-cet-exercice-crucial-auquel-se-livrera-sebastien-lecornu-mardi-au-parlement-7900552555\" title=\"D\u00e9claration de politique g\u00e9n\u00e9rale : en quoi consiste cet exercice crucial auquel se livrera S\u00e9bastien Lecornu mardi au Parlement ?\" target=\"_blank\" rel=\"noopener\">son discours de politique g\u00e9n\u00e9rale qui doit se tenir mardi 14 octobre \u00e0 partir de 15 heures au Parlement<\/a>. Invit\u00e9 du \u00ab\u00a020h\u00a0\u00bb de France 2, ce lundi 13 octobre, Fran\u00e7ois Hollande a list\u00e9 les engagements attendus par la gauche pour soutenir le gouvernement.<\/p>\n<p class=\"article-p mdl\">\u00ab\u00a0S\u00e9bastien Lecornu sait parfaitement ce qui est attendu par le Parti socialiste. Oui, il faut suspendre la r\u00e9forme des retraites jusqu&rsquo;\u00e0 la prochaine pr\u00e9sidentielle, oui il faut une contribution sur les plus gros patrimoines. Et enfin, il ne faut pas utiliser le 49.3 pour que la discussion puisse se faire\u00a0\u00bb, a \u00e9num\u00e9r\u00e9 l&rsquo;ancien pr\u00e9sident de la R\u00e9publique et actuel d\u00e9put\u00e9.<\/p>\n<p class=\"article-p mdl\">S\u00e9bastien Lecornu a \u00ab\u00a0dans ses mains, pas encore dans sa bouche, les \u00e9l\u00e9ments du compromis\u00a0\u00bb, a estim\u00e9 Fran\u00e7ois Hollande. \u00ab\u00a0Il ne s&rsquo;agit pas du gouvernement de S\u00e9bastien Lecornu seulement. Il s&rsquo;agit de la France, dans une situation d&rsquo;instabilit\u00e9 depuis plusieurs mois, dans un contexte international lourd. Il s&rsquo;agit que chacun prenne ses responsabilit\u00e9s\u00a0\u00bb, a exhort\u00e9 l&rsquo;ancien chef d&rsquo;\u00c9tat.\u00a0<\/p>\n<p class=\"article-p mdl\">Selon lui, \u00ab\u00a0les socialistes demandent que cette r\u00e9forme des retraites puisse \u00eatre, non pas abrog\u00e9e, mais gel\u00e9e jusqu&rsquo;en 2027\u00a0\u00bb. \u00ab\u00a0Sur cette question, qui n&rsquo;est pas difficile \u00e0 r\u00e9gler, qui repr\u00e9sente, certes, un co\u00fbt de 500 millions \u00e0 1 milliard et demi, mais qui pourrait permettre de faire tenir le gouvernement, S\u00e9bastien Lecornu est-il pr\u00eat \u00e0 faire cette concession ?\u00a0\u00bb, a-t-il demand\u00e9\u00a0\u00bb.<\/p>\n<p class=\"article-p mdl\">Lundi, le Parti socialiste a fait savoir qu&rsquo;il \u00e9couterait d&rsquo;abord la d\u00e9claration de politique g\u00e9n\u00e9rale de S\u00e9bastien Lecornu avant de d\u00e9cider de d\u00e9poser ou non une motion de censure.<\/p>\n<p>    La r\u00e9daction vous recommande<\/p>\n<p class=\"s-newsletter__title\">\n                L\u2019actualit\u00e9 par la r\u00e9daction de RTL dans votre bo\u00eete mail.\n            <\/p>\n<p class=\"s-newsletter__subtitle\">\n                Gr\u00e2ce \u00e0 votre compte RTL abonnez-vous \u00e0 la newsletter RTL info pour suivre toute l&rsquo;actualit\u00e9 au quotidien\n            <\/p>\n<p>\n                                    Lire la suite\n                                <\/p>\n","protected":false},"excerpt":{"rendered":"Alors que le sort du nouveau gouvernement form\u00e9 par S\u00e9bastien Lecornu est\u00a0suspendu aux motions de censure d\u00e9pos\u00e9es par&hellip;\n","protected":false},"author":2,"featured_media":460959,"comment_status":"","ping_status":"","sticky":false,"template":"","format":"standard","meta":{"footnotes":""},"categories":[2],"tags":[11,107,1011,27,3082,418,12,11067],"class_list":{"0":"post-460958","1":"post","2":"type-post","3":"status-publish","4":"format-standard","5":"has-post-thumbnail","7":"category-actualites","8":"tag-actualites","9":"tag-fil-info","10":"tag-fr","11":"tag-france","12":"tag-francois-hollande","13":"tag-gouvernement","14":"tag-news","15":"tag-sebastien-lecornu"},"share_on_mastodon":{"url":"https:\/\/pubeurope.com\/@fr\/115369322948079219","error":""},"_links":{"self":[{"href":"https:\/\/www.europesays.com\/fr\/wp-json\/wp\/v2\/posts\/460958","targetHints":{"allow":["GET"]}}],"collection":[{"href":"https:\/\/www.europesays.com\/fr\/wp-json\/wp\/v2\/posts"}],"about":[{"href":"https:\/\/www.europesays.com\/fr\/wp-json\/wp\/v2\/types\/post"}],"author":[{"embeddable":true,"href":"https:\/\/www.europesays.com\/fr\/wp-json\/wp\/v2\/users\/2"}],"replies":[{"embeddable":true,"href":"https:\/\/www.europesays.com\/fr\/wp-json\/wp\/v2\/comments?post=460958"}],"version-history":[{"count":0,"href":"https:\/\/www.europesays.com\/fr\/wp-json\/wp\/v2\/posts\/460958\/revisions"}],"wp:featuredmedia":[{"embeddable":true,"href":"https:\/\/www.europesays.com\/fr\/wp-json\/wp\/v2\/media\/460959"}],"wp:attachment":[{"href":"https:\/\/www.europesays.com\/fr\/wp-json\/wp\/v2\/media?parent=460958"}],"wp:term":[{"taxonomy":"category","embeddable":true,"href":"https:\/\/www.europesays.com\/fr\/wp-json\/wp\/v2\/categories?post=460958"},{"taxonomy":"post_tag","embeddable":true,"href":"https:\/\/www.europesays.com\/fr\/wp-json\/wp\/v2\/tags?post=460958"}],"curies":[{"name":"wp","href":"https:\/\/api.w.org\/{rel}","templated":true}]}}