{"id":460976,"date":"2025-10-13T23:08:28","date_gmt":"2025-10-13T23:08:28","guid":{"rendered":"https:\/\/www.europesays.com\/fr\/460976\/"},"modified":"2025-10-13T23:08:28","modified_gmt":"2025-10-13T23:08:28","slug":"victime-dune-crise-cardiaque-un-directeur-dintermarche-reanime-par-un-client-en-bretagne","status":"publish","type":"post","link":"https:\/\/www.europesays.com\/fr\/460976\/","title":{"rendered":"Victime d\u2019une crise cardiaque, un directeur d\u2019Intermarch\u00e9 r\u00e9anim\u00e9 par un client en Bretagne"},"content":{"rendered":"<tr wp_automatic_readability=\"6.8695652173913\">\n<td valign=\"middle\" align=\"center\" class=\"col-logo\" wp_automatic_readability=\"5\">\n    <img decoding=\"async\" src=\"https:\/\/maville.com\/design\/images\/logo-of-monetise.svg?version=20130627\" alt=\"logo Ouest-France\" height=\"66\"\/><\/p>\n<p>Contenu r\u00e9serv\u00e9 aux abonn\u00e9s<\/p>\n<\/td>\n<td class=\"col-titre\">\n\t\t\tLundi 13 octobre 2025 09:04<br \/>\n\t\t\t<a class=\"icon-bulle sizeL count\" href=\"#ancreAvis\"><br \/>\n\t&#8230;<br \/>\n<\/a><\/td>\n<\/tr>\n<p>\t\t<a class=\"mavillebox2 elmt-photo\" href=\"https:\/\/maville.com\/photosmvi\/2025\/10\/13\/P35519303D7017107G.jpg\" title=\" Ce samedi 11\u00a0octobre 2025, victime d\u2019une crise cardiaque sur son lieu de travail, Marc Danilo, directeur du magasin Intermarch\u00e9 \u00e0 Redon (Ille-et-Vilaine), a \u00e9t\u00e9 r\u00e9anim\u00e9 par un m\u00e9decin avant l\u2019arriv\u00e9e de l\u2019h\u00e9licopt\u00e8re des secours.  \u00a9  Marcos De Rada  &lt;!--TAG-BLC credit--&gt;\" rel=\"galerie_actu noopener\" target=\"_blank\"><br \/>\n\t<img decoding=\"async\" src=\"https:\/\/www.europesays.com\/fr\/wp-content\/uploads\/2025\/10\/P35519303D7017107G_crop_640-330_.jpg\" alt=\"photo  ce samedi 11\u00a0octobre 2025, victime d\u2019une crise cardiaque sur son lieu de travail, marc danilo, directeur du magasin intermarch\u00e9 \u00e0 redon (ille-et-vilaine), a \u00e9t\u00e9 r\u00e9anim\u00e9 par un m\u00e9decin avant l\u2019arriv\u00e9e de l\u2019h\u00e9licopt\u00e8re des secours.  \u00a9  marcos de rada \"\/><br \/>\n\t2<br \/>\n<\/a><\/p>\n<p class=\"elmt-legende\"> Ce samedi 11\u00a0octobre 2025, victime d\u2019une crise cardiaque sur son lieu de travail, Marc Danilo, directeur du magasin Intermarch\u00e9 \u00e0 Redon (Ille-et-Vilaine), a \u00e9t\u00e9 r\u00e9anim\u00e9 par un m\u00e9decin avant l\u2019arriv\u00e9e de l\u2019h\u00e9licopt\u00e8re des secours.  \u00a9  Marcos De Rada  <\/p>\n<p><a class=\"mavillebox2\" href=\"https:\/\/maville.com\/photosmvi\/2025\/10\/13\/P35519304D7017107G.jpg\" title=\"\u00e2g\u00e9 de 55\u00a0ans, marc danilo, directeur de l\u2019intermarch\u00e9 de redon (ille-et-vilaine) a \u00e9t\u00e9 victime d\u2019une crise cardiaque sur son lieu de travail samedi 11\u00a0octobre 2025. \u00a9  archives ouest-france \" rel=\"galerie_actu noopener\" target=\"_blank\"><\/p>\n<p>\t\tSamedi 11\u00a0octobre 2025, alors qu\u2019il \u00e9tait sur son lieu de travail, Marc Danilo, directeur de l\u2019Intermarch\u00e9 de Redon (Ille-et-Vilaine), a \u00e9t\u00e9 victime d\u2019une crise cardiaque. Sur place, un client, m\u00e9decin, a pu r\u00e9animer le g\u00e9rant du supermarch\u00e9 avant que ce dernier soit transport\u00e9 par h\u00e9licopt\u00e8re au centre hospitalier de Rennes.<\/p>\n<p><b>Cet article est r\u00e9serv\u00e9 aux abonn\u00e9s<\/b><\/p>\n<p>Pour un acc\u00e8s imm\u00e9diat, abonnez-vous<\/p>\n<p><b>1\u00e8re semaine offerte<\/b><\/p>\n<p>\t\tOuest-France<\/p>\n<p>Retrouvez d&rsquo;autres actus sur les communes de :<\/p>\n<p>\t\t&#13;<\/p>\n","protected":false},"excerpt":{"rendered":"Contenu r\u00e9serv\u00e9 aux abonn\u00e9s Lundi 13 octobre 2025 09:04 &#8230; 2 Ce samedi 11\u00a0octobre 2025, victime d\u2019une crise&hellip;\n","protected":false},"author":2,"featured_media":460977,"comment_status":"","ping_status":"","sticky":false,"template":"","format":"standard","meta":{"footnotes":""},"categories":[2821],"tags":[1111,11,829,58560,18294,352,7889,1777,674,1011,27,2529,12,58561,584,25,9418],"class_list":{"0":"post-460976","1":"post","2":"type-post","3":"status-publish","4":"format-standard","5":"has-post-thumbnail","7":"category-rennes","8":"tag-actu","9":"tag-actualites","10":"tag-bretagne","11":"tag-cardiaque","12":"tag-client","13":"tag-crise","14":"tag-directeur","15":"tag-eu","16":"tag-europe","17":"tag-fr","18":"tag-france","19":"tag-intermarche","20":"tag-news","21":"tag-reanime","22":"tag-rennes","23":"tag-republique-francaise","24":"tag-victime"},"share_on_mastodon":{"url":"https:\/\/pubeurope.com\/@fr\/115369378757733827","error":""},"_links":{"self":[{"href":"https:\/\/www.europesays.com\/fr\/wp-json\/wp\/v2\/posts\/460976","targetHints":{"allow":["GET"]}}],"collection":[{"href":"https:\/\/www.europesays.com\/fr\/wp-json\/wp\/v2\/posts"}],"about":[{"href":"https:\/\/www.europesays.com\/fr\/wp-json\/wp\/v2\/types\/post"}],"author":[{"embeddable":true,"href":"https:\/\/www.europesays.com\/fr\/wp-json\/wp\/v2\/users\/2"}],"replies":[{"embeddable":true,"href":"https:\/\/www.europesays.com\/fr\/wp-json\/wp\/v2\/comments?post=460976"}],"version-history":[{"count":0,"href":"https:\/\/www.europesays.com\/fr\/wp-json\/wp\/v2\/posts\/460976\/revisions"}],"wp:featuredmedia":[{"embeddable":true,"href":"https:\/\/www.europesays.com\/fr\/wp-json\/wp\/v2\/media\/460977"}],"wp:attachment":[{"href":"https:\/\/www.europesays.com\/fr\/wp-json\/wp\/v2\/media?parent=460976"}],"wp:term":[{"taxonomy":"category","embeddable":true,"href":"https:\/\/www.europesays.com\/fr\/wp-json\/wp\/v2\/categories?post=460976"},{"taxonomy":"post_tag","embeddable":true,"href":"https:\/\/www.europesays.com\/fr\/wp-json\/wp\/v2\/tags?post=460976"}],"curies":[{"name":"wp","href":"https:\/\/api.w.org\/{rel}","templated":true}]}}