{"id":460978,"date":"2025-10-13T23:09:26","date_gmt":"2025-10-13T23:09:26","guid":{"rendered":"https:\/\/www.europesays.com\/fr\/460978\/"},"modified":"2025-10-13T23:09:26","modified_gmt":"2025-10-13T23:09:26","slug":"le-vaccin-contre-le-covid-sera-t-il-efficace-contre-frankenstein","status":"publish","type":"post","link":"https:\/\/www.europesays.com\/fr\/460978\/","title":{"rendered":"Le vaccin contre le Covid sera-t-il efficace contre \u00ab\u00a0Frankenstein\u00a0\u00bb?"},"content":{"rendered":"<p class=\"block date\" id=\"dateEtAuteur\">Publi\u00e9 : 13 octobre 2025 \u00e0 11h17 &#8211; Modifi\u00e9 : 13 octobre 2025 \u00e0 15h31 Dolor\u00e8s  CHARLES <\/p>\n<p><img decoding=\"async\" class=\"\" style=\"width:100%\" src=\"https:\/\/www.europesays.com\/fr\/wp-content\/uploads\/2025\/10\/covid_omicron1760344370055.jpg\" alt=\"Covid-19\"\/><\/p>\n<p>Covid-19<\/p>\n<p>Cr\u00e9dit : Yann Launay<\/p>\n<p>A partir de ce mardi (14 octobre) en France, il sera possible de se faire vacciner contre le covid-19 et la grippe. Si l&rsquo;\u00e9pid\u00e9mie de grippe n&rsquo;a pas encore d\u00e9marr\u00e9, les contaminations au covid s&rsquo;acc\u00e9l\u00e8rent, en raison du variant baptis\u00e9 \u00ab\u00a0Frankenstein\u00a0\u00bb. Les explications du Dr Crepey, bas\u00e9 \u00e0 Rennes. <\/p>\n<p><strong>On tousse, et on a de la fi\u00e8vre, parfois m\u00eames des courbatures.<\/strong> C&rsquo;est le nouveau variant XFG, surnomm\u00e9 \u00ab\u00a0Frankenstein\u00a0\u00bb, qui domine d\u00e9sormais les contaminations au Covid-19. Un variant de la famille Omicron, plus transmissible que ses pr\u00e9d\u00e9cesseurs, mais qui n&rsquo;entra\u00eenerait pas davantage de formes graves.<\/p>\n<p>\u00a0<\/p>\n<blockquote><p>\nLa vaccination des personnes \u00e0 risque\n<\/p><\/blockquote>\n<p>\u00a0<\/p>\n<p>Le vaccin propos\u00e9 \u00e0 partir de ce mardi est-il efficace contre ce variant ? Selon le Dr Pascal Cr\u00e9pey, professeur \u00e0 l&rsquo;Ecole des Hautes Etudes en sant\u00e9 publique, \u00e0 Rennes, \u00ab\u00a0ce vaccin reste a priori efficace contre cette souche, pas forc\u00e9ment d&rsquo;une grande efficacit\u00e9 contre l&rsquo;infection, une efficacit\u00e9 qui dure tr\u00e8s longtemps contre l&rsquo;infection donc le fait d&rsquo;\u00eatre infect\u00e9 et de tomber malade, mais <strong>a priori il garde une certaine efficacit\u00e9 contre les formes graves et le fait de tomber tr\u00e8s malade voire d&rsquo;\u00eatre hospitalis\u00e9. <\/strong>C&rsquo;est ce qui justifie pleinement la vaccination notamment des personnes tr\u00e8s \u00e0 risque. Vous avez les plus de 65 ans, parmi les moins de 65 ans, des personnes qui souffrent de maladies chroniques, mais aussi les femmes enceintes, les personnes souffrant d&rsquo;ob\u00e9sit\u00e9 et les personnes qui s\u00e9journent dans des \u00e9tablissements de soins de suite, etc.\u00a0\u00bb<\/p>\n<p>Dr Pascal Cr\u00e9pey, de l&rsquo;Ecole des Hautes Etudes en sant\u00e9 publique, \u00e0 RennesDr Pascal Cr\u00e9pey, de l&rsquo;Ecole des Hautes Etudes en sant\u00e9 publique, \u00e0 Rennes<\/p>\n<p>Cr\u00e9dit : Yann Launay<\/p>\n<p>Les personnes \u00e0 risque, \u00e2g\u00e9es de plus de 65 ans, les personnes atteintes d&rsquo;une maladie chronique, les femmes enceintes, sont donc invit\u00e9es \u00e0 se faire vacciner. Mais pour le Dr Cr\u00e9pey, il n&rsquo;est pas inutile pour les autres publics : \u00ab\u00a0ce qu&rsquo;on sait c&rsquo;est qu&rsquo;une personne qui n&rsquo;a pas de sympt\u00f4mes, qui ne tousse pas, qui n&rsquo;\u00e9ternue pas, va moins transmettre. On peut se dire qu&rsquo;il va quand m\u00eame y avoir, gr\u00e2ce \u00e0 la vaccination, du fait de cette r\u00e9duction des sympt\u00f4mes, un impact sur la transmission.<\/p>\n<p>\u00a0<\/p>\n<blockquote><p>\nUne vaccination utile pour l&rsquo;entourage\n<\/p><\/blockquote>\n<p>\u00a0<\/p>\n<p>La vaccination est essentielle pour les personnes qui sont \u00e0 risque de faire des formes graves, mais <strong>elle peut aussi avoir un int\u00e9r\u00eat pour les personnes qui sont moins \u00e0 risque, et qui veulent soit ne pas tomber malade, soit ne pas risquer de contaminer des personnes dans leur entourage qui, elles, seraient \u00e0 risque. <\/strong>Si dans votre entourage, vous avez des personnes qui sont \u00e0 risque de faire des formes graves, il faut se faire vacciner.\u00a0\u00bb<\/p>\n<p>Dr Pascal Cr\u00e9pey, de l&rsquo;Ecole des Hautes Etudes en sant\u00e9 publique, \u00e0 RennesDr Pascal Cr\u00e9pey, de l&rsquo;Ecole des Hautes Etudes en sant\u00e9 publique, \u00e0 Rennes<img decoding=\"async\" class=\"\" style=\"width:100%\" src=\"https:\/\/www.europesays.com\/fr\/wp-content\/uploads\/2025\/10\/AUTOTESTS_COVID1760346811430.jpg\" alt=\"Covid-19\"\/> <\/p>\n<p>La grippe a fait 17 000 morts, l&rsquo;hiver dernier, en France et le taux de vaccination \u00e9tait tr\u00e8s bas : 3% des moins de 18 ans \u00e0 risque se sont fait vacciner l&rsquo;hiver dernier, 27% des 18-64 ans, et 54% chez les plus de 65 ans.<\/p>\n<p>Le Dr Cr\u00e9pey esp\u00e8re une prise de conscience et un rebond vaccinal car \u00ab\u00a0la grippe n&rsquo;est pas une maladie anodine, elle tue plusieurs milliers de personnes chaque ann\u00e9e sur notre territoire et occasionne une surcharge hospitali\u00e8re importante qui pose d&rsquo;autant plus probl\u00e8me depuis qu&rsquo;il y a la Covid-19 puisqu&rsquo;il y deux \u00e9pid\u00e9mies voire trois, si on prend en compte la bronchiolite&#8230; <strong>Trois virus diff\u00e9rents qui viennent chaque hiver circuler dans les populations et ont un impact de sant\u00e9 publique important.\u00a0\u00bb<\/strong><\/p>\n<p>\u00a0<\/p>\n<blockquote><p>\nEt bient\u00f4t le vaccin contre le H5N1 ?\n<\/p><\/blockquote>\n<p>\u00a0<\/p>\n<p>L&rsquo;attention est port\u00e9e aussi vers un autre virus, le H5N1, le virus de la grippe aviaire. On \u00ab\u00a0compte depuis les ann\u00e9es 2000, un peu moins d&rsquo;un millier de cas de personnes infect\u00e9es avec ce virus et qui ont \u00e9t\u00e9 infect\u00e9es directement par un contact avec des oiseaux, explique le Dr Pascal Cr\u00e9pey. <strong>Les cha\u00eenes de transmission s&rsquo;arr\u00eatent imm\u00e9diatement, n\u00e9anmoins il n&rsquo;est pas impossible que ce virus parvienne un jour \u00e0 muter et \u00e0 devenir transmissible de personne \u00e0 personne.<\/strong> Ce n&rsquo;est pas \u00e7a qu&rsquo;il faut aussi se pr\u00e9parer en termes de recherche et d&rsquo;acteurs de sant\u00e9 publique pour limiter les cons\u00e9quences de ce type de ph\u00e9nom\u00e8ne.\u00a0\u00bb<\/p>\n<p>Dr Pascal Cr\u00e9pey, de l&rsquo;Ecole des Hautes Etudes en sant\u00e9 publique, \u00e0 RennesDr Pascal Cr\u00e9pey, de l&rsquo;Ecole des Hautes Etudes en sant\u00e9 publique, \u00e0 Rennes <\/p>\n<p><strong>La campagne de vaccination Covid-19 + grippe va se poursuivre jusqu&rsquo;au 31 janvier prochain.<\/strong><\/p>\n<p>Le vaccin contre le covid-19 est gratuit que l&rsquo;on soit personne \u00e0 risque ou non, il est pris en charge \u00e0 100% par l&rsquo;Assurance maladie.<\/p>\n<p>Le vaccin contre la grippe est enti\u00e8rement rembours\u00e9 pour les personnes \u00e0 risque, et \u00e0 hauteur de 65% pour les enfants de 2 \u00e0 17 ans. Pour les plus de 17 ans qui ne sont pas consid\u00e9r\u00e9s \u00e0 risque, le vaccin co\u00fbte entre 10 et 13 euros.<\/p>\n","protected":false},"excerpt":{"rendered":"Publi\u00e9 : 13 octobre 2025 \u00e0 11h17 &#8211; Modifi\u00e9 : 13 octobre 2025 \u00e0 15h31 Dolor\u00e8s CHARLES Covid-19&hellip;\n","protected":false},"author":2,"featured_media":460979,"comment_status":"","ping_status":"","sticky":false,"template":"","format":"standard","meta":{"footnotes":""},"categories":[2821],"tags":[1111,11,829,4357,1777,674,1011,27,29786,12,584,25,773],"class_list":{"0":"post-460978","1":"post","2":"type-post","3":"status-publish","4":"format-standard","5":"has-post-thumbnail","7":"category-rennes","8":"tag-actu","9":"tag-actualites","10":"tag-bretagne","11":"tag-covid-19","12":"tag-eu","13":"tag-europe","14":"tag-fr","15":"tag-france","16":"tag-grippe","17":"tag-news","18":"tag-rennes","19":"tag-republique-francaise","20":"tag-vaccin"},"share_on_mastodon":{"url":"https:\/\/pubeurope.com\/@fr\/115369382147674942","error":""},"_links":{"self":[{"href":"https:\/\/www.europesays.com\/fr\/wp-json\/wp\/v2\/posts\/460978","targetHints":{"allow":["GET"]}}],"collection":[{"href":"https:\/\/www.europesays.com\/fr\/wp-json\/wp\/v2\/posts"}],"about":[{"href":"https:\/\/www.europesays.com\/fr\/wp-json\/wp\/v2\/types\/post"}],"author":[{"embeddable":true,"href":"https:\/\/www.europesays.com\/fr\/wp-json\/wp\/v2\/users\/2"}],"replies":[{"embeddable":true,"href":"https:\/\/www.europesays.com\/fr\/wp-json\/wp\/v2\/comments?post=460978"}],"version-history":[{"count":0,"href":"https:\/\/www.europesays.com\/fr\/wp-json\/wp\/v2\/posts\/460978\/revisions"}],"wp:featuredmedia":[{"embeddable":true,"href":"https:\/\/www.europesays.com\/fr\/wp-json\/wp\/v2\/media\/460979"}],"wp:attachment":[{"href":"https:\/\/www.europesays.com\/fr\/wp-json\/wp\/v2\/media?parent=460978"}],"wp:term":[{"taxonomy":"category","embeddable":true,"href":"https:\/\/www.europesays.com\/fr\/wp-json\/wp\/v2\/categories?post=460978"},{"taxonomy":"post_tag","embeddable":true,"href":"https:\/\/www.europesays.com\/fr\/wp-json\/wp\/v2\/tags?post=460978"}],"curies":[{"name":"wp","href":"https:\/\/api.w.org\/{rel}","templated":true}]}}