{"id":460988,"date":"2025-10-13T23:14:13","date_gmt":"2025-10-13T23:14:13","guid":{"rendered":"https:\/\/www.europesays.com\/fr\/460988\/"},"modified":"2025-10-13T23:14:13","modified_gmt":"2025-10-13T23:14:13","slug":"un-accident-fait-deux-blesses-sur-cette-route-de-loire-atlantique","status":"publish","type":"post","link":"https:\/\/www.europesays.com\/fr\/460988\/","title":{"rendered":"Un accident fait deux bless\u00e9s sur cette route de Loire-Atlantique"},"content":{"rendered":"<p>Quinze sapeurs-pompiers sont intervenus apr\u00e8s un accident frontal entre deux v\u00e9hicules l\u00e9gers sur la route de Saint-Philbert-de-Bouaine \u00e0 Vieillevigne, ce lundi 13\u00a0octobre 2025, vers 19\u00a0heures. Le bilan fait \u00e9tat de deux bless\u00e9s.<\/p>\n<p>La circulation a \u00e9t\u00e9 coup\u00e9e<\/p>\n<p>Selon le centre op\u00e9rationnel d\u00e9partemental d\u2019incendie et de secours, un homme de 48\u00a0ans, bless\u00e9 grave, et une femme de 70\u00a0ans, bless\u00e9e l\u00e9g\u00e8re, ont \u00e9t\u00e9 d\u00e9sincarc\u00e9r\u00e9s et transport\u00e9s vers le CHU de Nantes.<\/p>\n<p>La circulation a \u00e9t\u00e9 coup\u00e9e et une d\u00e9viation a \u00e9t\u00e9 mise en place dans les deux sens.<\/p>\n<p>\u00a0<\/p>\n","protected":false},"excerpt":{"rendered":"Quinze sapeurs-pompiers sont intervenus apr\u00e8s un accident frontal entre deux v\u00e9hicules l\u00e9gers sur la route de Saint-Philbert-de-Bouaine \u00e0&hellip;\n","protected":false},"author":2,"featured_media":460989,"comment_status":"","ping_status":"","sticky":false,"template":"","format":"standard","meta":{"footnotes":""},"categories":[2818],"tags":[119,1111,11,4901,1777,674,21,1011,27,3047,766,12,2636,25,209],"class_list":{"0":"post-460988","1":"post","2":"type-post","3":"status-publish","4":"format-standard","5":"has-post-thumbnail","7":"category-nantes","8":"tag-accident","9":"tag-actu","10":"tag-actualites","11":"tag-blesses","12":"tag-eu","13":"tag-europe","14":"tag-fait","15":"tag-fr","16":"tag-france","17":"tag-loire-atlantique","18":"tag-nantes","19":"tag-news","20":"tag-pays-de-la-loire","21":"tag-republique-francaise","22":"tag-route"},"share_on_mastodon":{"url":"https:\/\/pubeurope.com\/@fr\/115369401635201306","error":""},"_links":{"self":[{"href":"https:\/\/www.europesays.com\/fr\/wp-json\/wp\/v2\/posts\/460988","targetHints":{"allow":["GET"]}}],"collection":[{"href":"https:\/\/www.europesays.com\/fr\/wp-json\/wp\/v2\/posts"}],"about":[{"href":"https:\/\/www.europesays.com\/fr\/wp-json\/wp\/v2\/types\/post"}],"author":[{"embeddable":true,"href":"https:\/\/www.europesays.com\/fr\/wp-json\/wp\/v2\/users\/2"}],"replies":[{"embeddable":true,"href":"https:\/\/www.europesays.com\/fr\/wp-json\/wp\/v2\/comments?post=460988"}],"version-history":[{"count":0,"href":"https:\/\/www.europesays.com\/fr\/wp-json\/wp\/v2\/posts\/460988\/revisions"}],"wp:featuredmedia":[{"embeddable":true,"href":"https:\/\/www.europesays.com\/fr\/wp-json\/wp\/v2\/media\/460989"}],"wp:attachment":[{"href":"https:\/\/www.europesays.com\/fr\/wp-json\/wp\/v2\/media?parent=460988"}],"wp:term":[{"taxonomy":"category","embeddable":true,"href":"https:\/\/www.europesays.com\/fr\/wp-json\/wp\/v2\/categories?post=460988"},{"taxonomy":"post_tag","embeddable":true,"href":"https:\/\/www.europesays.com\/fr\/wp-json\/wp\/v2\/tags?post=460988"}],"curies":[{"name":"wp","href":"https:\/\/api.w.org\/{rel}","templated":true}]}}