{"id":460998,"date":"2025-10-13T23:19:15","date_gmt":"2025-10-13T23:19:15","guid":{"rendered":"https:\/\/www.europesays.com\/fr\/460998\/"},"modified":"2025-10-13T23:19:15","modified_gmt":"2025-10-13T23:19:15","slug":"previsions-du-mardi-14-octobre-2025-3","status":"publish","type":"post","link":"https:\/\/www.europesays.com\/fr\/460998\/","title":{"rendered":"pr\u00e9visions du mardi 14 octobre 2025"},"content":{"rendered":"<p>Dans la journ\u00e9e, les temp\u00e9ratures tourneront autour des 19\u00b0C \u00e0 Toulouse. Le matin, un ciel avec des \u00e9claircies va progressivement supplanter les nuages. Un l\u00e9ger vent de sud-est soufflera. L&rsquo;apr\u00e8s-midi, un grand soleil brillera. C&rsquo;est une hausse de plusieurs degr\u00e9s que vont enregistrer les temp\u00e9ratures. Ces valeurs afficheront entre 22 et 24\u00b0C. Le soir, apr\u00e8s un rapide passage nuageux, le vent va peu \u00e0 peu \u00e9loigner les nuages. Un ciel limpide est \u00e0 pr\u00e9voir dans la nuit reliant mardi et mercredi.<\/p>\n<p>C&rsquo;est un soleil radieux qui va se montrer demain sur Toulouse. On pr\u00e9voit des valeurs d&rsquo;environ 19\u00b0C. Le matin, une petite brise d&rsquo;ouest sera ressentie par les habitants. Une m\u00e9t\u00e9o plus chaude est pr\u00e9vue demain apr\u00e8s-midi \u00e9tant donn\u00e9 que les temp\u00e9ratures vont conna\u00eetre une l\u00e9g\u00e8re augmentation. Les valeurs seront comprises entre 21\u00b0C et 24\u00b0C. Le ciel sera relativement lumineux, avec quelques \u00e9claircies demain soir. Le mercure affichera 18\u00b0C en moyenne. Un vent de nord-est soufflera doucement.<\/p>\n<p>Peu d&rsquo;\u00e9volutions pour la suite. Comptez sur 19\u00b0C en moyenne qui accompagneront des journ\u00e9es ensoleill\u00e9es.<\/p>\n<p><\/p>\n","protected":false},"excerpt":{"rendered":"Dans la journ\u00e9e, les temp\u00e9ratures tourneront autour des 19\u00b0C \u00e0 Toulouse. Le matin, un ciel avec des \u00e9claircies&hellip;\n","protected":false},"author":2,"featured_media":460999,"comment_status":"","ping_status":"","sticky":false,"template":"","format":"standard","meta":{"footnotes":""},"categories":[2816],"tags":[1111,11,1777,674,1011,27,12,2680,2119,25,2312],"class_list":{"0":"post-460998","1":"post","2":"type-post","3":"status-publish","4":"format-standard","5":"has-post-thumbnail","7":"category-toulouse","8":"tag-actu","9":"tag-actualites","10":"tag-eu","11":"tag-europe","12":"tag-fr","13":"tag-france","14":"tag-news","15":"tag-occitanie","16":"tag-previsions-meteo","17":"tag-republique-francaise","18":"tag-toulouse"},"share_on_mastodon":{"url":"https:\/\/pubeurope.com\/@fr\/115369421280498468","error":""},"_links":{"self":[{"href":"https:\/\/www.europesays.com\/fr\/wp-json\/wp\/v2\/posts\/460998","targetHints":{"allow":["GET"]}}],"collection":[{"href":"https:\/\/www.europesays.com\/fr\/wp-json\/wp\/v2\/posts"}],"about":[{"href":"https:\/\/www.europesays.com\/fr\/wp-json\/wp\/v2\/types\/post"}],"author":[{"embeddable":true,"href":"https:\/\/www.europesays.com\/fr\/wp-json\/wp\/v2\/users\/2"}],"replies":[{"embeddable":true,"href":"https:\/\/www.europesays.com\/fr\/wp-json\/wp\/v2\/comments?post=460998"}],"version-history":[{"count":0,"href":"https:\/\/www.europesays.com\/fr\/wp-json\/wp\/v2\/posts\/460998\/revisions"}],"wp:featuredmedia":[{"embeddable":true,"href":"https:\/\/www.europesays.com\/fr\/wp-json\/wp\/v2\/media\/460999"}],"wp:attachment":[{"href":"https:\/\/www.europesays.com\/fr\/wp-json\/wp\/v2\/media?parent=460998"}],"wp:term":[{"taxonomy":"category","embeddable":true,"href":"https:\/\/www.europesays.com\/fr\/wp-json\/wp\/v2\/categories?post=460998"},{"taxonomy":"post_tag","embeddable":true,"href":"https:\/\/www.europesays.com\/fr\/wp-json\/wp\/v2\/tags?post=460998"}],"curies":[{"name":"wp","href":"https:\/\/api.w.org\/{rel}","templated":true}]}}