{"id":461000,"date":"2025-10-13T23:21:12","date_gmt":"2025-10-13T23:21:12","guid":{"rendered":"https:\/\/www.europesays.com\/fr\/461000\/"},"modified":"2025-10-13T23:21:12","modified_gmt":"2025-10-13T23:21:12","slug":"previsions-du-mardi-14-octobre-2025-4","status":"publish","type":"post","link":"https:\/\/www.europesays.com\/fr\/461000\/","title":{"rendered":"pr\u00e9visions du mardi 14 octobre 2025"},"content":{"rendered":"<p>Aujourd&rsquo;hui, des nuages se montreront sur Lille. Le mercure affichera 13\u00b0C en moyenne. Une petite brise de nord-est sera ressentie par les habitants. Dans la matin\u00e9e, les temp\u00e9ratures tourneront autour des 13\u00b0C. On notera la pr\u00e9sence persistante de nuages l&rsquo;apr\u00e8s-midi. Des pluies \u00e9parses tomberont. Les valeurs seront comprises entre 14\u00b0C et 16\u00b0C. Le ciel sera relativement lumineux, avec quelques \u00e9claircies le soir. On anticipe des temp\u00e9ratures avoisinant 12\u00b0C. On pr\u00e9voit une nuit pluvieuse entre mardi et mercredi.<\/p>\n<p>Le temps va se r\u00e9chauffer demain \u00e0 Lille avec une hausse de quelques degr\u00e9s. Les valeurs s&rsquo;\u00e9chelonneront entre 11 et 18\u00b0C. Un vent de nord-est rafra\u00eechira quelque peu l&rsquo;atmosph\u00e8re. La matin\u00e9e va rester voil\u00e9e \u00e0 cause de nuages qui se maintiennent dans le ciel. Il faudra pr\u00e9voir son parapluie pour s&rsquo;abriter des pluies \u00e9parses. Les temp\u00e9ratures afficheront entre 13 et 16\u00b0C. Le soleil sera dominant, la garantie d&rsquo;un magnifique apr\u00e8s-midi ! Les valeurs seront de 14\u00b0C au minimum et de 18\u00b0C au plus haut. Apr\u00e8s un bref passage nuageux, le ciel va s&rsquo;\u00e9claircir au cours de la soir\u00e9e. Il va faire en moyenne 12\u00b0C.<\/p>\n<p>La m\u00e9t\u00e9o des journ\u00e9es suivantes va changer progressivement. La m\u00e9t\u00e9o persistera jeudi mais une d\u00e9gradation s&rsquo;ensuivra vendredi.<\/p>\n<p><\/p>\n","protected":false},"excerpt":{"rendered":"Aujourd&rsquo;hui, des nuages se montreront sur Lille. Le mercure affichera 13\u00b0C en moyenne. Une petite brise de nord-est&hellip;\n","protected":false},"author":2,"featured_media":461001,"comment_status":"","ping_status":"","sticky":false,"template":"","format":"standard","meta":{"footnotes":""},"categories":[2815],"tags":[1111,11,1777,674,1011,27,811,1307,12,2119,25],"class_list":{"0":"post-461000","1":"post","2":"type-post","3":"status-publish","4":"format-standard","5":"has-post-thumbnail","7":"category-lille","8":"tag-actu","9":"tag-actualites","10":"tag-eu","11":"tag-europe","12":"tag-fr","13":"tag-france","14":"tag-hauts-de-france","15":"tag-lille","16":"tag-news","17":"tag-previsions-meteo","18":"tag-republique-francaise"},"share_on_mastodon":{"url":"https:\/\/pubeurope.com\/@fr\/115369429297276179","error":""},"_links":{"self":[{"href":"https:\/\/www.europesays.com\/fr\/wp-json\/wp\/v2\/posts\/461000","targetHints":{"allow":["GET"]}}],"collection":[{"href":"https:\/\/www.europesays.com\/fr\/wp-json\/wp\/v2\/posts"}],"about":[{"href":"https:\/\/www.europesays.com\/fr\/wp-json\/wp\/v2\/types\/post"}],"author":[{"embeddable":true,"href":"https:\/\/www.europesays.com\/fr\/wp-json\/wp\/v2\/users\/2"}],"replies":[{"embeddable":true,"href":"https:\/\/www.europesays.com\/fr\/wp-json\/wp\/v2\/comments?post=461000"}],"version-history":[{"count":0,"href":"https:\/\/www.europesays.com\/fr\/wp-json\/wp\/v2\/posts\/461000\/revisions"}],"wp:featuredmedia":[{"embeddable":true,"href":"https:\/\/www.europesays.com\/fr\/wp-json\/wp\/v2\/media\/461001"}],"wp:attachment":[{"href":"https:\/\/www.europesays.com\/fr\/wp-json\/wp\/v2\/media?parent=461000"}],"wp:term":[{"taxonomy":"category","embeddable":true,"href":"https:\/\/www.europesays.com\/fr\/wp-json\/wp\/v2\/categories?post=461000"},{"taxonomy":"post_tag","embeddable":true,"href":"https:\/\/www.europesays.com\/fr\/wp-json\/wp\/v2\/tags?post=461000"}],"curies":[{"name":"wp","href":"https:\/\/api.w.org\/{rel}","templated":true}]}}