{"id":461010,"date":"2025-10-13T23:27:23","date_gmt":"2025-10-13T23:27:23","guid":{"rendered":"https:\/\/www.europesays.com\/fr\/461010\/"},"modified":"2025-10-13T23:27:23","modified_gmt":"2025-10-13T23:27:23","slug":"fier-de-lequipe-ligue-de-paris-ile-de-france","status":"publish","type":"post","link":"https:\/\/www.europesays.com\/fr\/461010\/","title":{"rendered":"\u00ab FIER DE L\u2019\u00c9QUIPE \u00bb \u2013 LIGUE DE PARIS ILE-DE-FRANCE"},"content":{"rendered":"<p>                    <img width=\"611\" height=\"378\" src=\"https:\/\/www.europesays.com\/fr\/wp-content\/uploads\/2025\/10\/Capture-decran-2025-10-13-180028-611x378.png\" class=\"vignette-large wp-post-image\" alt=\"\" decoding=\"async\" fetchpriority=\"high\"  \/>                    <\/p>\n<p>\n                        M. QUEHAN (US IVRY) : \u00ab FIER DE L\u2019\u00c9QUIPE \u00bb\n                    <\/p>\n<p style=\"text-align: justify;\">L\u2019US Ivry (N3) a r\u00e9alis\u00e9 une performance retentissante en \u00e9liminant (1-0) la t\u00eate d\u2019affiche de ce 5\u00e8me tour de Coupe de France, le FC Versailles 78 (National). Retour sur cette rencontre avec le capitaine ivryen Mehdi Quehan.\u00a0<\/p>\n<p>&gt; <a href=\"https:\/\/epreuves.fff.fr\/competition\/match\/54960961-u-s-ivry-football-versailles-78-f-c\/match\" rel=\"nofollow noopener\" target=\"_blank\">La feuille de match<\/a><br \/>&gt; <a href=\"https:\/\/paris-idf.fff.fr\/competitions?id=435164&amp;poule=12&amp;phase=1&amp;type=cp&amp;tab=resultat\" rel=\"nofollow noopener\" target=\"_blank\">Les r\u00e9sultats du 5\u00e8me tour\u00a0<\/a><\/p>\n<p style=\"text-align: justify;\"><strong>A froid, r\u00e9alisez-vous la port\u00e9e de votre exploit ?<\/strong><br \/>On n\u2019a pas encore repris l\u2019entra\u00eenement donc on n\u2019a pas encore r\u00e9alis\u00e9. Dans la semaine, avec le retour aux vestiaires, on va s\u2019en rendre compte.<\/p>\n<p style=\"text-align: justify;\"><strong>C\u2019est une grande performance face \u00e0 une \u00e9quipe actuellement 2\u00e8me en National\u2026<\/strong><br \/>C\u2019est un grand exploit, face \u00e0 une tr\u00e8s bonne \u00e9quipe de National. M\u00eame si on sait qu\u2019ils avaient jou\u00e9 mardi soir et qu\u2019ils avaient fait un peu tourner pour la Coupe, cela reste un tr\u00e8s gros effectif et une tr\u00e8s belle \u00e9quipe.<\/p>\n<p style=\"text-align: justify;\"><strong>Comment avez-vous abord\u00e9 cette rencontre ?<\/strong><br \/>Pour ce match, on avait chang\u00e9 de tactique, on s\u2019est adapt\u00e9 \u00e0 eux avec les consignes du coach. D\u2019habitude, on joue en 3-5-2 et l\u00e0, on \u00e9tait sur un 4-1-4-1. On les a un peu plus attendus que ce qu\u2019on l\u2019on fait d\u2019habitude, quand on va chercher l\u2019adversaire avec un pressing haut. A la base, on voulait jouer en bloc m\u00e9dian et leur laisser le ballon. Et au fil du match, plus le temps passait, plus on prenait confiance et on a un peu plus jou\u00e9.<\/p>\n<p style=\"text-align: justify;\"><strong>Ce but juste avant la pause a certainement boost\u00e9 votre confiance\u2026<\/strong> \u00a0<br \/>Cela a r\u00e9compens\u00e9 tous nos efforts d\u00e9fensifs de la premi\u00e8re p\u00e9riode, avec un bon pressing. Et ce but nous a boost\u00e9s pour maintenir cela toute la partie.\u00a0<\/p>\n<p style=\"text-align: justify;\"><strong>Pouvez-vous raconter ce but, sur lequel vous \u00eates passeur d\u00e9cisif ?<\/strong><br \/>Notre n\u00b010 fait un gros pressing sur le lat\u00e9ral droit, qui pousse jusqu\u2019au gardien. Le gardien d\u00e9gage dans son camp, notre 6 r\u00e9cup\u00e8re et me transmet la balle. J\u2019\u00e9limine un joueur et je donne le ballon \u00e0 notre milieu de terrain, qui avait d\u00e9doubl\u00e9 et finit en une touche. C\u2019\u00e9tait un beau pressing.<br \/>\u00a0<\/p>\n<blockquote class=\"instagram-media\" style=\"background: #FFF; border: 0; border-radius: 3px; box-shadow: 0 0 1px 0 rgba(0,0,0,0.5),0 1px 10px 0 rgba(0,0,0,0.15); margin: 1px; max-width: 540px; min-width: 326px; padding: 0; width: calc(100% - 2px);\" data-instgrm-captioned=\"\" data-instgrm-permalink=\"https:\/\/www.instagram.com\/reel\/DPr1YUbjb_t\/?utm_source=ig_embed&amp;utm_campaign=loading\" data-instgrm-version=\"14\">\n<\/blockquote>\n<p><strong>A la pause, quel a \u00e9t\u00e9 le discours dans le vestiaire ?<\/strong><br \/>C\u2019\u00e9tait un discours de motivation, avec pas mal de corrections au niveau d\u00e9fensif pour ne vraiment rien laisser \u00e0 l\u2019adversaire. Et apr\u00e8s, on a parl\u00e9 du fait d\u2019aller marquer le deuxi\u00e8me but pour se mettre \u00e0 l\u2019abri.<\/p>\n<p style=\"text-align: justify;\"><strong>Vous avez \u00e9galement \u00e9t\u00e9 forts mentalement durant cette rencontre\u2026<\/strong><br \/>En menant chez nous face \u00e0 cette \u00e9quipe, on savait qu\u2019on avait fait le plus dur. Plus le temps passait, plus on voyait qu\u2019il n\u2019y avait rien pour eux offensivement. On a m\u00eame rat\u00e9 le break, on \u00e9tait plus proche de \u00e7a que d\u2019une \u00e9galisation.<\/p>\n<p style=\"text-align: justify;\"><strong>En tant que capitaine, vous devez \u00eatre fier de votre \u00e9quipe\u2026<\/strong><br \/>Oui, je suis tr\u00e8s content. Tout le monde s\u2019est donn\u00e9 \u00e0 fond, personne n\u2019a trich\u00e9. On l\u2019avait dit, d\u00e8s qu\u2019un joueur \u00e9tait fatigu\u00e9, il sortait. Des joueurs habituellement titulaires et qui \u00e9taient sur le banc ont accept\u00e9 la situation et bien fait le job, et m\u00eame ceux qui n\u2019\u00e9taient pas dans le groupe. Tout cela pour la tactique et pour contrer cette \u00e9quipe de Versailles. Tout le monde a jou\u00e9 le jeu et j\u2019\u00e9tais fier de l\u2019\u00e9quipe.<\/p>\n<p style=\"text-align: justify;\"><strong>A partir de maintenant, est-ce que tout sera du bonus dans cette Coupe ?<\/strong><br \/>Tout d\u00e9pend du tirage. Tant qu\u2019on est l\u00e0, on va essayer d\u2019aller le plus loin possible. Je pense qu\u2019on peut encore passer quelques tours.<\/p>\n<p style=\"text-align: justify;\"><strong>Personnellement, n\u2019avez-vous pas une petite pr\u00e9f\u00e9rence pour la JA Drancy comme adversaire au prochain tour ?<\/strong><br \/>(Rires) Ah si, c\u2019est mon club formateur donc j\u2019aimerais bien les jouer, aller affronter cette \u00e9quipe de Drancy, qui est pas mal cette saison. Ce serait un beau challenge.<\/p>\n<p style=\"text-align: justify;\"><strong>Globalement, que pensez-vous du d\u00e9but de saison de l\u2019US Ivry (11\u00e8me de la Poule F en N3) ?<\/strong><br \/>Elle commence un peu moyennement, avec des r\u00e9sultats mitig\u00e9s. Mais on a un bon groupe, qui vit bien. Cela tourne bien, personne n\u2019a d\u2019\u00e9tats d\u2019\u00e2me, tout le monde accepte son r\u00f4le. Tous les membres du groupe savent qu\u2019ils ont un r\u00f4le important \u00e0 jouer.<\/p>\n<p style=\"text-align: justify;\"><strong>Ce parcours en Coupe de France peut vous donner confiance\u2026<\/strong><br \/>Exactement, cette victoire face \u00e0 cette belle \u00e9quipe ne peut que nous booster et nous remettre sur le droit chemin pour le championnat.<\/p>\n<p><img loading=\"lazy\" decoding=\"async\" class=\"size-full wp-image-78991 aligncenter\" src=\"https:\/\/www.europesays.com\/fr\/wp-content\/uploads\/2025\/10\/Capture-decran-2025-10-13-180103.jpg\" alt=\"\" width=\"619\" height=\"505\"  \/><\/p>\n<p>Cr\u00e9dit photos et vid\u00e9o : <a href=\"https:\/\/www.instagram.com\/ivryfoot\/\" rel=\"nofollow noopener\" target=\"_blank\">@ivryfoot<\/a> et <a class=\"x1i10hfl xjbqb8w x1ejq31n x18oe1m7 x1sy0etr xstzfhl x972fbf x10w94by x1qhh985 x14e42zd x9f619 x1ypdohk xt0psk2 x3ct3a4 xdj266r x14z9mp xat24cr x1lziwak xexx8yu xyri2b x18d9i69 x1c1uobl x16tdsg8 x1hl2dhg xggy1nq x1a2a7pz notranslate _a6hd\" tabindex=\"0\" role=\"link\" href=\"https:\/\/www.instagram.com\/crt__visuals\/\" rel=\"nofollow noopener\" target=\"_blank\">@crt__visuals<\/a><\/p>\n<p>                <script async src=\"\/\/www.instagram.com\/embed.js\"><\/script><\/p>\n","protected":false},"excerpt":{"rendered":"M. QUEHAN (US IVRY) : \u00ab FIER DE L\u2019\u00c9QUIPE \u00bb L\u2019US Ivry (N3) a r\u00e9alis\u00e9 une performance retentissante&hellip;\n","protected":false},"author":2,"featured_media":461011,"comment_status":"","ping_status":"","sticky":false,"template":"","format":"standard","meta":{"footnotes":""},"categories":[1592],"tags":[1111,11,1777,674,1011,27,662,12,626,25],"class_list":{"0":"post-461010","1":"post","2":"type-post","3":"status-publish","4":"format-standard","5":"has-post-thumbnail","7":"category-ile-de-france","8":"tag-actu","9":"tag-actualites","10":"tag-eu","11":"tag-europe","12":"tag-fr","13":"tag-france","14":"tag-ile-de-france","15":"tag-news","16":"tag-paris","17":"tag-republique-francaise"},"share_on_mastodon":{"url":"https:\/\/pubeurope.com\/@fr\/115369453282926212","error":""},"_links":{"self":[{"href":"https:\/\/www.europesays.com\/fr\/wp-json\/wp\/v2\/posts\/461010","targetHints":{"allow":["GET"]}}],"collection":[{"href":"https:\/\/www.europesays.com\/fr\/wp-json\/wp\/v2\/posts"}],"about":[{"href":"https:\/\/www.europesays.com\/fr\/wp-json\/wp\/v2\/types\/post"}],"author":[{"embeddable":true,"href":"https:\/\/www.europesays.com\/fr\/wp-json\/wp\/v2\/users\/2"}],"replies":[{"embeddable":true,"href":"https:\/\/www.europesays.com\/fr\/wp-json\/wp\/v2\/comments?post=461010"}],"version-history":[{"count":0,"href":"https:\/\/www.europesays.com\/fr\/wp-json\/wp\/v2\/posts\/461010\/revisions"}],"wp:featuredmedia":[{"embeddable":true,"href":"https:\/\/www.europesays.com\/fr\/wp-json\/wp\/v2\/media\/461011"}],"wp:attachment":[{"href":"https:\/\/www.europesays.com\/fr\/wp-json\/wp\/v2\/media?parent=461010"}],"wp:term":[{"taxonomy":"category","embeddable":true,"href":"https:\/\/www.europesays.com\/fr\/wp-json\/wp\/v2\/categories?post=461010"},{"taxonomy":"post_tag","embeddable":true,"href":"https:\/\/www.europesays.com\/fr\/wp-json\/wp\/v2\/tags?post=461010"}],"curies":[{"name":"wp","href":"https:\/\/api.w.org\/{rel}","templated":true}]}}