{"id":461018,"date":"2025-10-13T23:31:12","date_gmt":"2025-10-13T23:31:12","guid":{"rendered":"https:\/\/www.europesays.com\/fr\/461018\/"},"modified":"2025-10-13T23:31:12","modified_gmt":"2025-10-13T23:31:12","slug":"paris-inonde-un-exercice-dampleur-pour-anticiper-la-prochaine-crue-centennale","status":"publish","type":"post","link":"https:\/\/www.europesays.com\/fr\/461018\/","title":{"rendered":"\u00abParis inond\u00e9\u00bb, un exercice d&rsquo;ampleur pour anticiper la prochaine crue centennale"},"content":{"rendered":"<p>\n                                                \u00ab\u00a0Paris inond\u00e9\u00a0\u00bb, c&rsquo;est le nom d&rsquo;un exercice dans des conditions du r\u00e9el qui a \u00e9t\u00e9 organis\u00e9 lundi 13 octobre par la capitale fran\u00e7aise pour se pr\u00e9parer au pire\u00a0: une crue centennale de la Seine, comme celle de 1910. Pendant toute la journ\u00e9e, habitants, \u00e9l\u00e8ves, commer\u00e7ants et l&rsquo;ensemble des services publics ont simul\u00e9 la situation d\u2019une inondation majeure. L&rsquo;objectif\u00a0: s&rsquo;entrainer et sensibiliser \u00e0 ce type de catastrophe, de plus en plus probable en raison du changement climatique.                    <\/p>\n<p>\u00ab\u00a0Ici, vous \u00eates dans la cellule de crise de la ville de <a href=\"https:\/\/www.rfi.fr\/fr\/tag\/paris\/\" target=\"_self\" rel=\"noopener\"><strong>Paris<\/strong><\/a>, o\u00f9 les repr\u00e9sentants de chacune des directions vont s&rsquo;exprimer, pr\u00e9sente Louis Bernard, fondateur de Crisotech qui a con\u00e7u l&rsquo;exercice \u00a0\u00bbParis inond\u00e9\u00a0\u00bb.\u00a0Ce tour de table nous montre qu&rsquo;une crue majeure va affecter tous les services de Paris\u00a0:\u00a0les \u00e9coles, les h\u00f4pitaux, mais aussi les mus\u00e9es, les espaces verts, les cimeti\u00e8res et l&rsquo;ensemble des services publics.\u00a0\u00bb<\/p>\n<p>La priorit\u00e9 des autorit\u00e9s est claire. \u00ab\u00a0Il faut mettre la population \u00e0 l&rsquo;abri. C&rsquo;est vraiment l&rsquo;essentiel. C&rsquo;est pourquoi d\u00e8s qu&rsquo;on saura qu&rsquo;une crue de ce type arrive, ce que dira le pr\u00e9fet de police, c&rsquo;est : \u00ab\u00a0\u00e9vacuez !\u00a0\u00bb \u00bb, souligne P\u00e9n\u00e9lope Komit\u00e8s, adjointe de la maire de Paris, en charge de la r\u00e9silience.\u00a0<\/p>\n<p>Zakaria participe avec sa classe de CM2 et 60 autres b\u00e9n\u00e9voles \u00e0 l&rsquo;exercice \u00ab\u00a0Paris inond\u00e9\u00a0\u00bb. Il doit \u00eatre \u00e9vacu\u00e9 d&rsquo;un appartement au troisi\u00e8me \u00e9tage avec vue sur la Seine et joue son r\u00f4le \u00e0 la perfection.\u00a0\u00ab\u00a0Si les enfants apprennent \u00e0 lire, \u00e9crire, compter, ils doivent aussi apprendre \u00e0 g\u00e9rer un risque et \u00e0 \u00e9viter de paniquer si cela devait arriver. Ils ont compris que, quand il y a une situation exceptionnelle, des personnes qualifi\u00e9es vont les prendre en charge et leur donner des consignes. De ce fait, on leur a permis de se rassurer\u00a0\u00bb, explique Eric Denis-Kelner, le directeur de l&rsquo;\u00e9cole Poulletier.<\/p>\n<p>En cas de crue centennale, 100\u00a0000 Parisiens auront les pieds dans l&rsquo;eau. Mais pr\u00e8s d&rsquo;un million d&rsquo;autres seront \u00e9galement affect\u00e9s.\u00a0\u00ab\u00a0Les gens pensent beaucoup que cela ne peut les toucher que quand ils sont au bord de la Seine. Mais l&rsquo;effet dominos fait que cela devient vite compliqu\u00e9 pour tout le monde\u00a0: vous n&rsquo;avez plus de chauffage, plus d&rsquo;\u00e9lectricit\u00e9, plus d&rsquo;ascenseur, plus de toilettes qui fonctionnent.. Et peuvent se poser \u00e0 un moment des probl\u00e8mes de ravitaillement alimentaire\u00a0\u00bb, rappelle\u00a0P\u00e9n\u00e9lope Komit\u00e8s.<\/p>\n<p>Cette simulation de crise sert aussi d&rsquo;entra\u00eenement aux services de secours. Au poste de premier accueil d&rsquo;urgence, pompiers, Croix-Rouge et protection civile sont sous pression. \u00ab\u00a0On a des m\u00e9thodes qui sont l\u00e9g\u00e8rement diff\u00e9rentes de ce qu&rsquo;on fait d&rsquo;habitude quand on est plusieurs pour une victime. Alors que l\u00e0, on a plusieurs victimes par secouriste. On va essayer de faire attendre ceux qui peuvent attendre et de s&rsquo;organiser au mieux avec les diff\u00e9rents acteurs pour pouvoir se cordonner. C&rsquo;est quelque chose qui n&rsquo;est pas \u00e9vident. Mais c&rsquo;est pour cela qu&rsquo;on s&rsquo;entra\u00eene et qu&rsquo;on a cet exercice aujourd&rsquo;hui \u00bb, explique un secouriste.<\/p>\n<p>Apr\u00e8s la simulation \u00ab\u00a0Paris inond\u00e9\u00a0\u00bb, une campagne de sensibilisation d\u00e9bute ce mardi 14 octobre dans les transports en commun. La protection civile forme d\u00e9j\u00e0 40\u00a0000 Parisiens chaque ann\u00e9e aux risques environnementaux. Mais il est urgent d&rsquo;acc\u00e9l\u00e9rer la cadence.\u00a0<\/p>\n<p class=\"a-read-more\">\u00c0 lire aussi<a href=\"https:\/\/www.rfi.fr\/fr\/france\/20250924-divorc\u00e9-\u00e9-s-c\u00e9libataires-\u00e9trangers-\u00e0-quoi-ressemblait-paris-il-y-a-un-si\u00e8cle\" target=\"_self\" class=\"a-read-more__link\" rel=\"noopener\">Paris face \u00e0 son histoire: \u00e9tonnantes similitudes entre la capitale des ann\u00e9es 1930 et celle d&rsquo;aujourd&rsquo;hui<\/a><\/p>\n","protected":false},"excerpt":{"rendered":"\u00ab\u00a0Paris inond\u00e9\u00a0\u00bb, c&rsquo;est le nom d&rsquo;un exercice dans des conditions du r\u00e9el qui a \u00e9t\u00e9 organis\u00e9 lundi 13&hellip;\n","protected":false},"author":2,"featured_media":461019,"comment_status":"","ping_status":"","sticky":false,"template":"","format":"standard","meta":{"footnotes":""},"categories":[1888],"tags":[11,33409,1777,674,1011,27,12,626,5920,25,104],"class_list":{"0":"post-461018","1":"post","2":"type-post","3":"status-publish","4":"format-standard","5":"has-post-thumbnail","7":"category-paris","8":"tag-actualites","9":"tag-catastrophes-naturelles","10":"tag-eu","11":"tag-europe","12":"tag-fr","13":"tag-france","14":"tag-news","15":"tag-paris","16":"tag-reportage-france","17":"tag-republique-francaise","18":"tag-societe"},"share_on_mastodon":{"url":"https:\/\/pubeurope.com\/@fr\/115369468572761756","error":""},"_links":{"self":[{"href":"https:\/\/www.europesays.com\/fr\/wp-json\/wp\/v2\/posts\/461018","targetHints":{"allow":["GET"]}}],"collection":[{"href":"https:\/\/www.europesays.com\/fr\/wp-json\/wp\/v2\/posts"}],"about":[{"href":"https:\/\/www.europesays.com\/fr\/wp-json\/wp\/v2\/types\/post"}],"author":[{"embeddable":true,"href":"https:\/\/www.europesays.com\/fr\/wp-json\/wp\/v2\/users\/2"}],"replies":[{"embeddable":true,"href":"https:\/\/www.europesays.com\/fr\/wp-json\/wp\/v2\/comments?post=461018"}],"version-history":[{"count":0,"href":"https:\/\/www.europesays.com\/fr\/wp-json\/wp\/v2\/posts\/461018\/revisions"}],"wp:featuredmedia":[{"embeddable":true,"href":"https:\/\/www.europesays.com\/fr\/wp-json\/wp\/v2\/media\/461019"}],"wp:attachment":[{"href":"https:\/\/www.europesays.com\/fr\/wp-json\/wp\/v2\/media?parent=461018"}],"wp:term":[{"taxonomy":"category","embeddable":true,"href":"https:\/\/www.europesays.com\/fr\/wp-json\/wp\/v2\/categories?post=461018"},{"taxonomy":"post_tag","embeddable":true,"href":"https:\/\/www.europesays.com\/fr\/wp-json\/wp\/v2\/tags?post=461018"}],"curies":[{"name":"wp","href":"https:\/\/api.w.org\/{rel}","templated":true}]}}