{"id":461020,"date":"2025-10-13T23:32:12","date_gmt":"2025-10-13T23:32:12","guid":{"rendered":"https:\/\/www.europesays.com\/fr\/461020\/"},"modified":"2025-10-13T23:32:12","modified_gmt":"2025-10-13T23:32:12","slug":"la-russie-affirme-que-lechange-de-prisonniers-a-gaza-ne-resoudra-rien-sans-la-creation-dun-etat-palestinien","status":"publish","type":"post","link":"https:\/\/www.europesays.com\/fr\/461020\/","title":{"rendered":"La Russie affirme que l\u2019\u00e9change de prisonniers \u00e0 Gaza \u00ab\u00a0ne r\u00e9soudra rien\u00a0\u00bb sans la cr\u00e9ation d\u2019un \u00c9tat palestinien"},"content":{"rendered":"<p>AA \/ Istanbul \/ Alperen Aktas<\/p>\n<p>Le vice-pr\u00e9sident du Conseil de s\u00e9curit\u00e9 russe, Dmitri Medvedev, a d\u00e9clar\u00e9 lundi que si la lib\u00e9ration des otages isra\u00e9liens et des prisonniers palestiniens constitue un pas positif, elle ne permettra pas d\u2019instaurer une paix durable tant qu\u2019un \u00c9tat palestinien pleinement souverain ne sera pas cr\u00e9\u00e9 conform\u00e9ment aux r\u00e9solutions de l\u2019ONU.<\/p>\n<p>\u00ab La lib\u00e9ration des otages isra\u00e9liens et des prisonniers palestiniens est bien s\u00fbr une bonne chose, mais cela ne r\u00e9soudra rien \u00bb, a \u00e9crit Medvedev sur sa cha\u00eene Telegram.<\/p>\n<p>\u00ab Tant qu\u2019un \u00c9tat palestinien pleinement souverain ne sera pas \u00e9tabli conform\u00e9ment aux r\u00e9solutions bien connues de l\u2019ONU, rien ne changera. La guerre se poursuivra. Tout le monde le comprend \u00bb, a-t-il ajout\u00e9.<\/p>\n<p>Le Hamas a lib\u00e9r\u00e9 t\u00f4t lundi 20 otages isra\u00e9liens encore vivants en \u00e9change de pr\u00e8s de 2 000 prisonniers palestiniens, dans le cadre de la premi\u00e8re phase de l\u2019accord de cessez-le-feu \u00e0 Gaza. Le groupe palestinien a \u00e9galement indiqu\u00e9 qu\u2019il transf\u00e9rerait lundi les d\u00e9pouilles de quatre autres captifs isra\u00e9liens.<\/p>\n<p>La semaine derni\u00e8re, Donald Trump avait annonc\u00e9 qu\u2019Isra\u00ebl et le Hamas avaient accept\u00e9 la premi\u00e8re phase d\u2019un plan qu\u2019il avait pr\u00e9sent\u00e9 le 29 septembre, visant \u00e0 instaurer un cessez-le-feu \u00e0 Gaza, \u00e0 lib\u00e9rer tous les captifs isra\u00e9liens en \u00e9change de prisonniers palestiniens et \u00e0 organiser un retrait progressif des forces isra\u00e9liennes de l\u2019ensemble de la bande de Gaza. La premi\u00e8re phase de cet accord est entr\u00e9e en vigueur vendredi.<\/p>\n<p>La deuxi\u00e8me phase du plan pr\u00e9voit la mise en place d\u2019un nouveau m\u00e9canisme de gouvernance \u00e0 Gaza sans la participation du Hamas, la constitution d\u2019une force multinationale et le d\u00e9sarmement du mouvement.<\/p>\n<p>Depuis octobre 2023, les attaques isra\u00e9liennes ont fait plus de 67 800 victimes palestiniennes dans l\u2019enclave, dont la majorit\u00e9 sont des femmes et des enfants, rendant la bande de Gaza largement inhabitable.<\/p>\n<p>*Traduit de l&rsquo;anglais par Ben Amed Azize Zougmore<\/p>\n<p>                            &#13;<br \/>\n                                <a href=\"https:\/\/www.aa.com.tr\/fr\/p\/abonnement\/1001\" target=\"_blank\" style=\"font-size:12px; color:#444; text-decoration:none;\" rel=\"noopener\">&#13;<br \/>\n                                    Seulement une partie des d\u00e9p\u00eaches, que l&rsquo;Agence Anadolu diffuse \u00e0 ses abonn\u00e9s via le Syst\u00e8me de Diffusion interne (HAS), est diffus\u00e9e sur le site de l&rsquo;AA, de mani\u00e8re r\u00e9sum\u00e9e. <b style=\"color:#1897F7\">Contactez-nous s&rsquo;il vous pla\u00eet pour vous abonner.<\/b>&#13;<br \/>\n                                <\/a>&#13;<\/p>\n","protected":false},"excerpt":{"rendered":"AA \/ Istanbul \/ Alperen Aktas Le vice-pr\u00e9sident du Conseil de s\u00e9curit\u00e9 russe, Dmitri Medvedev, a d\u00e9clar\u00e9 lundi&hellip;\n","protected":false},"author":2,"featured_media":461021,"comment_status":"","ping_status":"","sticky":false,"template":"","format":"standard","meta":{"footnotes":""},"categories":[1591],"tags":[58564,11,1785,58563,1887,35661,12,1885,1886,132],"class_list":{"0":"post-461020","1":"post","2":"type-post","3":"status-publish","4":"format-standard","5":"has-post-thumbnail","7":"category-russie","8":"tag-tat-palestinien","9":"tag-actualites","10":"tag-anadolu-ajansi","11":"tag-conseil-de-scurit-russe","12":"tag-federation-de-russie","13":"tag-medvedev","14":"tag-news","15":"tag-russia","16":"tag-russian-federation","17":"tag-russie"},"share_on_mastodon":{"url":"https:\/\/pubeurope.com\/@fr\/115369472462301597","error":""},"_links":{"self":[{"href":"https:\/\/www.europesays.com\/fr\/wp-json\/wp\/v2\/posts\/461020","targetHints":{"allow":["GET"]}}],"collection":[{"href":"https:\/\/www.europesays.com\/fr\/wp-json\/wp\/v2\/posts"}],"about":[{"href":"https:\/\/www.europesays.com\/fr\/wp-json\/wp\/v2\/types\/post"}],"author":[{"embeddable":true,"href":"https:\/\/www.europesays.com\/fr\/wp-json\/wp\/v2\/users\/2"}],"replies":[{"embeddable":true,"href":"https:\/\/www.europesays.com\/fr\/wp-json\/wp\/v2\/comments?post=461020"}],"version-history":[{"count":0,"href":"https:\/\/www.europesays.com\/fr\/wp-json\/wp\/v2\/posts\/461020\/revisions"}],"wp:featuredmedia":[{"embeddable":true,"href":"https:\/\/www.europesays.com\/fr\/wp-json\/wp\/v2\/media\/461021"}],"wp:attachment":[{"href":"https:\/\/www.europesays.com\/fr\/wp-json\/wp\/v2\/media?parent=461020"}],"wp:term":[{"taxonomy":"category","embeddable":true,"href":"https:\/\/www.europesays.com\/fr\/wp-json\/wp\/v2\/categories?post=461020"},{"taxonomy":"post_tag","embeddable":true,"href":"https:\/\/www.europesays.com\/fr\/wp-json\/wp\/v2\/tags?post=461020"}],"curies":[{"name":"wp","href":"https:\/\/api.w.org\/{rel}","templated":true}]}}